{"id":12185,"date":"2021-10-18T15:41:07","date_gmt":"2021-10-18T14:41:07","guid":{"rendered":"https:\/\/www.seteriemosconi.com\/blog-fr\/cravatte-personalizzate-con-logo-per-aziende-accessorio-di-stile-per-ogni-azienda\/"},"modified":"2024-08-09T13:51:31","modified_gmt":"2024-08-09T12:51:31","slug":"cravates-a-logo-personnalise-un-accessoire-elegant-pour-chaque-entreprise","status":"publish","type":"post","link":"https:\/\/www.seteriemosconi.com\/fr\/blog-fr\/cravates-a-logo-personnalise-un-accessoire-elegant-pour-chaque-entreprise\/","title":{"rendered":"Cravates \u00e0 logo personnalis\u00e9 : un accessoire \u00e9l\u00e9gant pour chaque entreprise (et le cadeau id\u00e9al pour No\u00ebl)"},"content":{"rendered":"\n<p class=\"uk-text-lead uk-dropcap\"><em>La cravate, on le sait, est un accessoire charg\u00e9 de symboles et de significations : v\u00e9ritable \u00e9l\u00e9ment de style, son charme intemporel est capable de conf\u00e9rer \u00e9l\u00e9gance et raffinement \u00e0 celui qui la porte, catalysant l&rsquo;attention de tous ceux qui l&rsquo;admirent. Il va sans dire qu&rsquo;un tel discours est d&rsquo;autant plus valable si <strong>la cravate est utilis\u00e9e par une entreprise<\/strong> qui habille son personnel de mani\u00e8re raffin\u00e9e et personnalis\u00e9e ou qui utilise un tel produit comme cadeau de bienvenue pour des occasions sp\u00e9ciales.<\/em><\/p>\n\n\n\n<p>Les cravates personnalis\u00e9es avec logo repr\u00e9sentent en effet un v\u00e9ritable atout pour les entreprises qui choisissent de les utiliser : en v\u00e9hiculant des valeurs positives et de qualit\u00e9, elles <strong>sont en effet l&rsquo;outil id\u00e9al pour faire conna\u00eetre la marque<\/strong> et lancer des messages positifs qui concernent non seulement le professionnel qui la porte mais aussi toute l&rsquo;entreprise qu&rsquo;il repr\u00e9sente.<\/p>\n\n\n\n<p>La Seterie Mosconi en est bien consciente, puisqu&rsquo;elle offre depuis toujours \u00e0 ses clients un service complet de personnalisation des cravates d&rsquo;entreprise avec logo : celles-ci, <strong>produites uniquement avec des fils de qualit\u00e9 et 100 % Made in Italy<\/strong>, sont con\u00e7ues avec le client par une \u00e9quipe d&rsquo;artisans professionnels, afin de r\u00e9aliser un produit qui ne soit pas seulement le reflet de l&rsquo;entreprise, mais qui soit \u00e9galement unique.<\/p>\n\n\n\n<p>Et ce n&rsquo;est pas tout. En effet, chez Seterie Mosconi, nous sommes \u00e9galement sp\u00e9cialis\u00e9s dans la production de nombreux autres produits vestimentaires utiles aux entreprises, tels que les foulards et les \u00e9charpes d&rsquo;entreprise, qui donnent de l&rsquo;\u00e9clat \u00e0 ceux qui les portent et qui peuvent repr\u00e9senter un cadeau pr\u00e9cieux \u00e0 l&rsquo;approche des f\u00eates de fin d&rsquo;ann\u00e9e.<\/p>\n\n\n\n<div class=\"uk-margin uk-text-center uk-text-primary\">\n<h3 style=\"text-align: center;\"><span style=\"font-weight: 400; color: #08408b;\">Vous souhaitez demander un devis ?<\/span><\/h3>    \n<a class=\"el-content uk-button uk-button-danger\" href=\"#form-blog-sidebar\" uk-scroll=\"\">N&rsquo;h\u00e9sitez pas \u00e0 nous contacter !<\/a>\n<\/div>\n\n\n\n<h2 class=\"wp-block-heading\">Cravates personnalis\u00e9es avec logo pour \u00e9quipes de travail et clients<\/h2>\n\n\n\n<p>Comme nous l&rsquo;avons dit, les cravates d&rsquo;entreprise sont, par leur classicisme, des produits extr\u00eamement polyvalents. Non seulement parce que la personnalisation am\u00e8ne les entreprises \u00e0 cr\u00e9er plusieurs mod\u00e8les, portant les couleurs et les logos les plus divers, mais aussi parce qu&rsquo;elles s&rsquo;adaptent bien aux diff\u00e9rentes cibles auxquelles l&rsquo;entreprise d\u00e9cide de les offrir. Par exemple, les cravates personnalis\u00e9es avec logo sont <strong>parfaites pour habiller des \u00e9quipes de travail enti\u00e8res<\/strong>, en leur donnant non seulement un uniforme mais aussi un v\u00e9ritable accessoire de classe et de valeur.<\/p>\n\n\n\n<p>D&rsquo;autre part, ces produits constituent une <strong>id\u00e9e de cadeau parfaite pour remercier les clients et am\u00e9liorer ainsi la r\u00e9tention<\/strong> et la fid\u00e9lisation de la client\u00e8le. C&rsquo;est d&rsquo;autant plus vrai en cette p\u00e9riode de l&rsquo;ann\u00e9e : non seulement parce que le 18 octobre est la Journ\u00e9e mondiale de la cravate (une bonne id\u00e9e de cadeau bienvenu), mais aussi parce que No\u00ebl approche et que les cravates personnalis\u00e9es avec logo sont un cadeau chic et r\u00e9solument original \u00e0 mettre sous le sapin.<\/p>\n\n\n\n<h2 class=\"wp-block-heading\">Foulards et \u00e9charpes personnalis\u00e9s avec logo<\/h2>\n\n\n\n<p>Cependant, les cravates personnalis\u00e9es avec logo ne sont pas le seul indice qu&rsquo;une entreprise peut prendre en consid\u00e9ration pour offrir un cadeau de No\u00ebl de qualit\u00e9 \u00e0 ses clients et \u00e0 ses \u00e9quipes de travail. En effet, comme nous l&rsquo;avons d\u00e9j\u00e0 mentionn\u00e9, la Seterie Mosconi est en mesure de conditionner pour ses clients des fils de haute qualit\u00e9 qui peuvent \u00eatre personnalis\u00e9s aux couleurs et aux logos de l&rsquo;entreprise : parmi ceux-ci, <strong>les foulards et les \u00e9charpes sont parfaits pour la p\u00e9riode hivernale que nous approchons<\/strong>.<\/p>\n\n\n\n<h3 class=\"wp-block-heading has-text-align-center uk-text-primary\">Vous souhaitez plus d&rsquo;informations ?<\/h3>\n","protected":false},"excerpt":{"rendered":"<p>La cravate, on le sait, est un accessoire charg\u00e9 de symboles et de significations : v\u00e9ritable \u00e9l\u00e9ment de style, son charme intemporel est capable de conf\u00e9rer \u00e9l\u00e9gance et raffinement \u00e0 celui qui la porte, catalysant l&rsquo;attention de tous ceux qui l&rsquo;admirent. Il va sans dire qu&rsquo;un tel discours est d&rsquo;autant plus valable si la cravate [&hellip;]<\/p>\n","protected":false},"author":1,"featured_media":10530,"comment_status":"closed","ping_status":"closed","sticky":false,"template":"","format":"standard","meta":{"_acf_changed":false,"footnotes":""},"categories":[73],"tags":[112,113],"class_list":["post-12185","post","type-post","status-publish","format-standard","has-post-thumbnail","hentry","category-blog-fr","tag-cravate-personnalisee","tag-cravate-dentreprise-personnalisee"],"acf":[],"yoast_head":"<!-- This site is optimized with the Yoast SEO plugin v24.6 - https:\/\/yoast.com\/wordpress\/plugins\/seo\/ -->\n<title>Cravates personnalis\u00e9es avec logo pour entreprises \u00e0 No\u00ebl - Seterie Mosconi<\/title>\n<meta name=\"description\" content=\"Cravates personnalis\u00e9es Mosconi avec logos pour entreprises \u00e0 No\u00ebl, un accessoire plein de symboles et de significations : un v\u00e9ritable \u00e9l\u00e9ment de style\" \/>\n<meta name=\"robots\" content=\"index, follow, max-snippet:-1, max-image-preview:large, max-video-preview:-1\" \/>\n<link rel=\"canonical\" href=\"https:\/\/www.seteriemosconi.com\/fr\/blog-fr\/cravates-a-logo-personnalise-un-accessoire-elegant-pour-chaque-entreprise\/\" \/>\n<meta property=\"og:locale\" content=\"fr_FR\" \/>\n<meta property=\"og:type\" content=\"article\" \/>\n<meta property=\"og:title\" content=\"Cravates personnalis\u00e9es avec logo pour entreprises \u00e0 No\u00ebl - Seterie Mosconi\" \/>\n<meta property=\"og:description\" content=\"Cravates personnalis\u00e9es Mosconi avec logos pour entreprises \u00e0 No\u00ebl, un accessoire plein de symboles et de significations : un v\u00e9ritable \u00e9l\u00e9ment de style\" \/>\n<meta property=\"og:url\" content=\"https:\/\/www.seteriemosconi.com\/fr\/blog-fr\/cravates-a-logo-personnalise-un-accessoire-elegant-pour-chaque-entreprise\/\" \/>\n<meta property=\"og:site_name\" content=\"Seterie Mosconi\" \/>\n<meta property=\"article:publisher\" content=\"https:\/\/www.facebook.com\/SeterieMosconi\/\" \/>\n<meta property=\"article:published_time\" content=\"2021-10-18T14:41:07+00:00\" \/>\n<meta property=\"article:modified_time\" content=\"2024-08-09T12:51:31+00:00\" \/>\n<meta property=\"og:image\" content=\"https:\/\/www.seteriemosconi.com\/wp-content\/uploads\/2021\/10\/cravatte-personalizzate-con-logo-stile-per-aziende-1.jpg\" \/>\n\t<meta property=\"og:image:width\" content=\"1960\" \/>\n\t<meta property=\"og:image:height\" content=\"730\" \/>\n\t<meta property=\"og:image:type\" content=\"image\/jpeg\" \/>\n<meta name=\"author\" content=\"admstmsc\" \/>\n<meta name=\"twitter:card\" content=\"summary_large_image\" \/>\n<meta name=\"twitter:label1\" content=\"\u00c9crit par\" \/>\n\t<meta name=\"twitter:data1\" content=\"admstmsc\" \/>\n\t<meta name=\"twitter:label2\" content=\"Dur\u00e9e de lecture estim\u00e9e\" \/>\n\t<meta name=\"twitter:data2\" content=\"3 minutes\" \/>\n<script type=\"application\/ld+json\" class=\"yoast-schema-graph\">{\"@context\":\"https:\/\/schema.org\",\"@graph\":[{\"@type\":\"Article\",\"@id\":\"https:\/\/www.seteriemosconi.com\/fr\/blog-fr\/cravates-a-logo-personnalise-un-accessoire-elegant-pour-chaque-entreprise\/#article\",\"isPartOf\":{\"@id\":\"https:\/\/www.seteriemosconi.com\/fr\/blog-fr\/cravates-a-logo-personnalise-un-accessoire-elegant-pour-chaque-entreprise\/\"},\"author\":{\"name\":\"admstmsc\",\"@id\":\"https:\/\/www.seteriemosconi.com\/fr\/#\/schema\/person\/8f44145c1dd1e821928c75111ea91e0e\"},\"headline\":\"Cravates \u00e0 logo personnalis\u00e9 : un accessoire \u00e9l\u00e9gant pour chaque entreprise (et le cadeau id\u00e9al pour No\u00ebl)\",\"datePublished\":\"2021-10-18T14:41:07+00:00\",\"dateModified\":\"2024-08-09T12:51:31+00:00\",\"mainEntityOfPage\":{\"@id\":\"https:\/\/www.seteriemosconi.com\/fr\/blog-fr\/cravates-a-logo-personnalise-un-accessoire-elegant-pour-chaque-entreprise\/\"},\"wordCount\":632,\"publisher\":{\"@id\":\"https:\/\/www.seteriemosconi.com\/fr\/#organization\"},\"image\":{\"@id\":\"https:\/\/www.seteriemosconi.com\/fr\/blog-fr\/cravates-a-logo-personnalise-un-accessoire-elegant-pour-chaque-entreprise\/#primaryimage\"},\"thumbnailUrl\":\"https:\/\/www.seteriemosconi.com\/wp-content\/uploads\/2021\/10\/cravatte-personalizzate-con-logo-stile-per-aziende-1.jpg\",\"keywords\":[\"cravate personnalis\u00e9e\",\"cravate d'entreprise personnalis\u00e9e\"],\"articleSection\":[\"Blog FR\"],\"inLanguage\":\"fr-FR\"},{\"@type\":\"WebPage\",\"@id\":\"https:\/\/www.seteriemosconi.com\/fr\/blog-fr\/cravates-a-logo-personnalise-un-accessoire-elegant-pour-chaque-entreprise\/\",\"url\":\"https:\/\/www.seteriemosconi.com\/fr\/blog-fr\/cravates-a-logo-personnalise-un-accessoire-elegant-pour-chaque-entreprise\/\",\"name\":\"Cravates personnalis\u00e9es avec logo pour entreprises \u00e0 No\u00ebl - Seterie Mosconi\",\"isPartOf\":{\"@id\":\"https:\/\/www.seteriemosconi.com\/fr\/#website\"},\"primaryImageOfPage\":{\"@id\":\"https:\/\/www.seteriemosconi.com\/fr\/blog-fr\/cravates-a-logo-personnalise-un-accessoire-elegant-pour-chaque-entreprise\/#primaryimage\"},\"image\":{\"@id\":\"https:\/\/www.seteriemosconi.com\/fr\/blog-fr\/cravates-a-logo-personnalise-un-accessoire-elegant-pour-chaque-entreprise\/#primaryimage\"},\"thumbnailUrl\":\"https:\/\/www.seteriemosconi.com\/wp-content\/uploads\/2021\/10\/cravatte-personalizzate-con-logo-stile-per-aziende-1.jpg\",\"datePublished\":\"2021-10-18T14:41:07+00:00\",\"dateModified\":\"2024-08-09T12:51:31+00:00\",\"description\":\"Cravates personnalis\u00e9es Mosconi avec logos pour entreprises \u00e0 No\u00ebl, un accessoire plein de symboles et de significations : un v\u00e9ritable \u00e9l\u00e9ment de style\",\"breadcrumb\":{\"@id\":\"https:\/\/www.seteriemosconi.com\/fr\/blog-fr\/cravates-a-logo-personnalise-un-accessoire-elegant-pour-chaque-entreprise\/#breadcrumb\"},\"inLanguage\":\"fr-FR\",\"potentialAction\":[{\"@type\":\"ReadAction\",\"target\":[\"https:\/\/www.seteriemosconi.com\/fr\/blog-fr\/cravates-a-logo-personnalise-un-accessoire-elegant-pour-chaque-entreprise\/\"]}]},{\"@type\":\"ImageObject\",\"inLanguage\":\"fr-FR\",\"@id\":\"https:\/\/www.seteriemosconi.com\/fr\/blog-fr\/cravates-a-logo-personnalise-un-accessoire-elegant-pour-chaque-entreprise\/#primaryimage\",\"url\":\"https:\/\/www.seteriemosconi.com\/wp-content\/uploads\/2021\/10\/cravatte-personalizzate-con-logo-stile-per-aziende-1.jpg\",\"contentUrl\":\"https:\/\/www.seteriemosconi.com\/wp-content\/uploads\/2021\/10\/cravatte-personalizzate-con-logo-stile-per-aziende-1.jpg\",\"width\":1960,\"height\":730},{\"@type\":\"BreadcrumbList\",\"@id\":\"https:\/\/www.seteriemosconi.com\/fr\/blog-fr\/cravates-a-logo-personnalise-un-accessoire-elegant-pour-chaque-entreprise\/#breadcrumb\",\"itemListElement\":[{\"@type\":\"ListItem\",\"position\":1,\"name\":\"Home\",\"item\":\"https:\/\/www.seteriemosconi.com\/fr\/\"},{\"@type\":\"ListItem\",\"position\":2,\"name\":\"Cravates \u00e0 logo personnalis\u00e9 : un accessoire \u00e9l\u00e9gant pour chaque entreprise (et le cadeau id\u00e9al pour No\u00ebl)\"}]},{\"@type\":\"WebSite\",\"@id\":\"https:\/\/www.seteriemosconi.com\/fr\/#website\",\"url\":\"https:\/\/www.seteriemosconi.com\/fr\/\",\"name\":\"Seterie Mosconi\",\"description\":\"\",\"publisher\":{\"@id\":\"https:\/\/www.seteriemosconi.com\/fr\/#organization\"},\"alternateName\":\"Articoli promozionali per aziende\",\"potentialAction\":[{\"@type\":\"SearchAction\",\"target\":{\"@type\":\"EntryPoint\",\"urlTemplate\":\"https:\/\/www.seteriemosconi.com\/fr\/?s={search_term_string}\"},\"query-input\":{\"@type\":\"PropertyValueSpecification\",\"valueRequired\":true,\"valueName\":\"search_term_string\"}}],\"inLanguage\":\"fr-FR\"},{\"@type\":\"Organization\",\"@id\":\"https:\/\/www.seteriemosconi.com\/fr\/#organization\",\"name\":\"Seterie Mosconi\",\"alternateName\":\"Articoli promozionali per aziende\",\"url\":\"https:\/\/www.seteriemosconi.com\/fr\/\",\"logo\":{\"@type\":\"ImageObject\",\"inLanguage\":\"fr-FR\",\"@id\":\"https:\/\/www.seteriemosconi.com\/fr\/#\/schema\/logo\/image\/\",\"url\":\"https:\/\/www.seteriemosconi.com\/wp-content\/uploads\/2018\/01\/logo_mosconi-seteria.png\",\"contentUrl\":\"https:\/\/www.seteriemosconi.com\/wp-content\/uploads\/2018\/01\/logo_mosconi-seteria.png\",\"width\":500,\"height\":148,\"caption\":\"Seterie Mosconi\"},\"image\":{\"@id\":\"https:\/\/www.seteriemosconi.com\/fr\/#\/schema\/logo\/image\/\"},\"sameAs\":[\"https:\/\/www.facebook.com\/SeterieMosconi\/\",\"https:\/\/instagram.com\/seterie_mosconi\",\"https:\/\/www.linkedin.com\/company\/seterie-mosconi-ties-and-scarves\/\"]},{\"@type\":\"Person\",\"@id\":\"https:\/\/www.seteriemosconi.com\/fr\/#\/schema\/person\/8f44145c1dd1e821928c75111ea91e0e\",\"name\":\"admstmsc\",\"image\":{\"@type\":\"ImageObject\",\"inLanguage\":\"fr-FR\",\"@id\":\"https:\/\/www.seteriemosconi.com\/fr\/#\/schema\/person\/image\/\",\"url\":\"https:\/\/www.seteriemosconi.com\/wp-content\/litespeed\/avatar\/b022fa18b73e940e0f89bf3a2dfb7518.jpg?ver=1777157055\",\"contentUrl\":\"https:\/\/www.seteriemosconi.com\/wp-content\/litespeed\/avatar\/b022fa18b73e940e0f89bf3a2dfb7518.jpg?ver=1777157055\",\"caption\":\"admstmsc\"},\"sameAs\":[\"https:\/\/www.seteriemosconi.com\"]}]}<\/script>\n<!-- \/ Yoast SEO plugin. -->","yoast_head_json":{"title":"Cravates personnalis\u00e9es avec logo pour entreprises \u00e0 No\u00ebl - Seterie Mosconi","description":"Cravates personnalis\u00e9es Mosconi avec logos pour entreprises \u00e0 No\u00ebl, un accessoire plein de symboles et de significations : un v\u00e9ritable \u00e9l\u00e9ment de style","robots":{"index":"index","follow":"follow","max-snippet":"max-snippet:-1","max-image-preview":"max-image-preview:large","max-video-preview":"max-video-preview:-1"},"canonical":"https:\/\/www.seteriemosconi.com\/fr\/blog-fr\/cravates-a-logo-personnalise-un-accessoire-elegant-pour-chaque-entreprise\/","og_locale":"fr_FR","og_type":"article","og_title":"Cravates personnalis\u00e9es avec logo pour entreprises \u00e0 No\u00ebl - Seterie Mosconi","og_description":"Cravates personnalis\u00e9es Mosconi avec logos pour entreprises \u00e0 No\u00ebl, un accessoire plein de symboles et de significations : un v\u00e9ritable \u00e9l\u00e9ment de style","og_url":"https:\/\/www.seteriemosconi.com\/fr\/blog-fr\/cravates-a-logo-personnalise-un-accessoire-elegant-pour-chaque-entreprise\/","og_site_name":"Seterie Mosconi","article_publisher":"https:\/\/www.facebook.com\/SeterieMosconi\/","article_published_time":"2021-10-18T14:41:07+00:00","article_modified_time":"2024-08-09T12:51:31+00:00","og_image":[{"width":1960,"height":730,"url":"https:\/\/www.seteriemosconi.com\/wp-content\/uploads\/2021\/10\/cravatte-personalizzate-con-logo-stile-per-aziende-1.jpg","type":"image\/jpeg"}],"author":"admstmsc","twitter_card":"summary_large_image","twitter_misc":{"\u00c9crit par":"admstmsc","Dur\u00e9e de lecture estim\u00e9e":"3 minutes"},"schema":{"@context":"https:\/\/schema.org","@graph":[{"@type":"Article","@id":"https:\/\/www.seteriemosconi.com\/fr\/blog-fr\/cravates-a-logo-personnalise-un-accessoire-elegant-pour-chaque-entreprise\/#article","isPartOf":{"@id":"https:\/\/www.seteriemosconi.com\/fr\/blog-fr\/cravates-a-logo-personnalise-un-accessoire-elegant-pour-chaque-entreprise\/"},"author":{"name":"admstmsc","@id":"https:\/\/www.seteriemosconi.com\/fr\/#\/schema\/person\/8f44145c1dd1e821928c75111ea91e0e"},"headline":"Cravates \u00e0 logo personnalis\u00e9 : un accessoire \u00e9l\u00e9gant pour chaque entreprise (et le cadeau id\u00e9al pour No\u00ebl)","datePublished":"2021-10-18T14:41:07+00:00","dateModified":"2024-08-09T12:51:31+00:00","mainEntityOfPage":{"@id":"https:\/\/www.seteriemosconi.com\/fr\/blog-fr\/cravates-a-logo-personnalise-un-accessoire-elegant-pour-chaque-entreprise\/"},"wordCount":632,"publisher":{"@id":"https:\/\/www.seteriemosconi.com\/fr\/#organization"},"image":{"@id":"https:\/\/www.seteriemosconi.com\/fr\/blog-fr\/cravates-a-logo-personnalise-un-accessoire-elegant-pour-chaque-entreprise\/#primaryimage"},"thumbnailUrl":"https:\/\/www.seteriemosconi.com\/wp-content\/uploads\/2021\/10\/cravatte-personalizzate-con-logo-stile-per-aziende-1.jpg","keywords":["cravate personnalis\u00e9e","cravate d'entreprise personnalis\u00e9e"],"articleSection":["Blog FR"],"inLanguage":"fr-FR"},{"@type":"WebPage","@id":"https:\/\/www.seteriemosconi.com\/fr\/blog-fr\/cravates-a-logo-personnalise-un-accessoire-elegant-pour-chaque-entreprise\/","url":"https:\/\/www.seteriemosconi.com\/fr\/blog-fr\/cravates-a-logo-personnalise-un-accessoire-elegant-pour-chaque-entreprise\/","name":"Cravates personnalis\u00e9es avec logo pour entreprises \u00e0 No\u00ebl - Seterie Mosconi","isPartOf":{"@id":"https:\/\/www.seteriemosconi.com\/fr\/#website"},"primaryImageOfPage":{"@id":"https:\/\/www.seteriemosconi.com\/fr\/blog-fr\/cravates-a-logo-personnalise-un-accessoire-elegant-pour-chaque-entreprise\/#primaryimage"},"image":{"@id":"https:\/\/www.seteriemosconi.com\/fr\/blog-fr\/cravates-a-logo-personnalise-un-accessoire-elegant-pour-chaque-entreprise\/#primaryimage"},"thumbnailUrl":"https:\/\/www.seteriemosconi.com\/wp-content\/uploads\/2021\/10\/cravatte-personalizzate-con-logo-stile-per-aziende-1.jpg","datePublished":"2021-10-18T14:41:07+00:00","dateModified":"2024-08-09T12:51:31+00:00","description":"Cravates personnalis\u00e9es Mosconi avec logos pour entreprises \u00e0 No\u00ebl, un accessoire plein de symboles et de significations : un v\u00e9ritable \u00e9l\u00e9ment de style","breadcrumb":{"@id":"https:\/\/www.seteriemosconi.com\/fr\/blog-fr\/cravates-a-logo-personnalise-un-accessoire-elegant-pour-chaque-entreprise\/#breadcrumb"},"inLanguage":"fr-FR","potentialAction":[{"@type":"ReadAction","target":["https:\/\/www.seteriemosconi.com\/fr\/blog-fr\/cravates-a-logo-personnalise-un-accessoire-elegant-pour-chaque-entreprise\/"]}]},{"@type":"ImageObject","inLanguage":"fr-FR","@id":"https:\/\/www.seteriemosconi.com\/fr\/blog-fr\/cravates-a-logo-personnalise-un-accessoire-elegant-pour-chaque-entreprise\/#primaryimage","url":"https:\/\/www.seteriemosconi.com\/wp-content\/uploads\/2021\/10\/cravatte-personalizzate-con-logo-stile-per-aziende-1.jpg","contentUrl":"https:\/\/www.seteriemosconi.com\/wp-content\/uploads\/2021\/10\/cravatte-personalizzate-con-logo-stile-per-aziende-1.jpg","width":1960,"height":730},{"@type":"BreadcrumbList","@id":"https:\/\/www.seteriemosconi.com\/fr\/blog-fr\/cravates-a-logo-personnalise-un-accessoire-elegant-pour-chaque-entreprise\/#breadcrumb","itemListElement":[{"@type":"ListItem","position":1,"name":"Home","item":"https:\/\/www.seteriemosconi.com\/fr\/"},{"@type":"ListItem","position":2,"name":"Cravates \u00e0 logo personnalis\u00e9 : un accessoire \u00e9l\u00e9gant pour chaque entreprise (et le cadeau id\u00e9al pour No\u00ebl)"}]},{"@type":"WebSite","@id":"https:\/\/www.seteriemosconi.com\/fr\/#website","url":"https:\/\/www.seteriemosconi.com\/fr\/","name":"Seterie Mosconi","description":"","publisher":{"@id":"https:\/\/www.seteriemosconi.com\/fr\/#organization"},"alternateName":"Articoli promozionali per aziende","potentialAction":[{"@type":"SearchAction","target":{"@type":"EntryPoint","urlTemplate":"https:\/\/www.seteriemosconi.com\/fr\/?s={search_term_string}"},"query-input":{"@type":"PropertyValueSpecification","valueRequired":true,"valueName":"search_term_string"}}],"inLanguage":"fr-FR"},{"@type":"Organization","@id":"https:\/\/www.seteriemosconi.com\/fr\/#organization","name":"Seterie Mosconi","alternateName":"Articoli promozionali per aziende","url":"https:\/\/www.seteriemosconi.com\/fr\/","logo":{"@type":"ImageObject","inLanguage":"fr-FR","@id":"https:\/\/www.seteriemosconi.com\/fr\/#\/schema\/logo\/image\/","url":"https:\/\/www.seteriemosconi.com\/wp-content\/uploads\/2018\/01\/logo_mosconi-seteria.png","contentUrl":"https:\/\/www.seteriemosconi.com\/wp-content\/uploads\/2018\/01\/logo_mosconi-seteria.png","width":500,"height":148,"caption":"Seterie Mosconi"},"image":{"@id":"https:\/\/www.seteriemosconi.com\/fr\/#\/schema\/logo\/image\/"},"sameAs":["https:\/\/www.facebook.com\/SeterieMosconi\/","https:\/\/instagram.com\/seterie_mosconi","https:\/\/www.linkedin.com\/company\/seterie-mosconi-ties-and-scarves\/"]},{"@type":"Person","@id":"https:\/\/www.seteriemosconi.com\/fr\/#\/schema\/person\/8f44145c1dd1e821928c75111ea91e0e","name":"admstmsc","image":{"@type":"ImageObject","inLanguage":"fr-FR","@id":"https:\/\/www.seteriemosconi.com\/fr\/#\/schema\/person\/image\/","url":"https:\/\/www.seteriemosconi.com\/wp-content\/litespeed\/avatar\/b022fa18b73e940e0f89bf3a2dfb7518.jpg?ver=1777157055","contentUrl":"https:\/\/www.seteriemosconi.com\/wp-content\/litespeed\/avatar\/b022fa18b73e940e0f89bf3a2dfb7518.jpg?ver=1777157055","caption":"admstmsc"},"sameAs":["https:\/\/www.seteriemosconi.com"]}]}},"_links":{"self":[{"href":"https:\/\/www.seteriemosconi.com\/fr\/wp-json\/wp\/v2\/posts\/12185","targetHints":{"allow":["GET"]}}],"collection":[{"href":"https:\/\/www.seteriemosconi.com\/fr\/wp-json\/wp\/v2\/posts"}],"about":[{"href":"https:\/\/www.seteriemosconi.com\/fr\/wp-json\/wp\/v2\/types\/post"}],"author":[{"embeddable":true,"href":"https:\/\/www.seteriemosconi.com\/fr\/wp-json\/wp\/v2\/users\/1"}],"replies":[{"embeddable":true,"href":"https:\/\/www.seteriemosconi.com\/fr\/wp-json\/wp\/v2\/comments?post=12185"}],"version-history":[{"count":2,"href":"https:\/\/www.seteriemosconi.com\/fr\/wp-json\/wp\/v2\/posts\/12185\/revisions"}],"predecessor-version":[{"id":12192,"href":"https:\/\/www.seteriemosconi.com\/fr\/wp-json\/wp\/v2\/posts\/12185\/revisions\/12192"}],"wp:featuredmedia":[{"embeddable":true,"href":"https:\/\/www.seteriemosconi.com\/fr\/wp-json\/wp\/v2\/media\/10530"}],"wp:attachment":[{"href":"https:\/\/www.seteriemosconi.com\/fr\/wp-json\/wp\/v2\/media?parent=12185"}],"wp:term":[{"taxonomy":"category","embeddable":true,"href":"https:\/\/www.seteriemosconi.com\/fr\/wp-json\/wp\/v2\/categories?post=12185"},{"taxonomy":"post_tag","embeddable":true,"href":"https:\/\/www.seteriemosconi.com\/fr\/wp-json\/wp\/v2\/tags?post=12185"}],"curies":[{"name":"wp","href":"https:\/\/api.w.org\/{rel}","templated":true}]}}