{"id":12266,"date":"2023-03-22T16:18:51","date_gmt":"2023-03-22T15:18:51","guid":{"rendered":"https:\/\/www.seteriemosconi.com\/blog-fr\/cravatte-personalizzate-su-misura-il-segreto-per-leleganza-e-la-professionalita-dei-dipendenti-aziendali\/"},"modified":"2024-09-02T11:16:18","modified_gmt":"2024-09-02T10:16:18","slug":"cravates-sur-mesure-le-secret-de-lelegance-et-du-professionnalisme-pour-les-employes-dentreprise","status":"publish","type":"post","link":"https:\/\/www.seteriemosconi.com\/fr\/articles-blog\/cravates-sur-mesure-le-secret-de-lelegance-et-du-professionnalisme-pour-les-employes-dentreprise\/","title":{"rendered":"Cravates sur mesure : le secret de l&rsquo;\u00e9l\u00e9gance et du professionnalisme pour les employ\u00e9s d&rsquo;entreprise"},"content":{"rendered":"\n<p class=\"uk-text-lead uk-dropcap\">L&rsquo;image qu&rsquo;une entreprise projette sur ses employ\u00e9s est cruciale pour la perception qu&rsquo;en a le public. L&rsquo;habillement des employ\u00e9s est l&rsquo;un des \u00e9l\u00e9ments qui contribuent \u00e0 l&rsquo;image de l&rsquo;entreprise, et la cravate est un accessoire qui peut faire toute la diff\u00e9rence.<\/p>\n\n\n\n<p>Le port d&rsquo;une <strong>cravate personnalis\u00e9e aux couleurs et au logo de l&rsquo;entreprise<\/strong> peut cr\u00e9er un sentiment d&rsquo;appartenance chez les employ\u00e9s, accro\u00eetre leur autorit\u00e9 et repr\u00e9senter l&rsquo;image de l&rsquo;entreprise.<\/p>\n\n\n\n<p>Dans cet article, nous aborderons les avantages de la cravate pour les employ\u00e9s d&rsquo;une entreprise et nous verrons comment les cravates personnalis\u00e9es de Seterie Mosconi peuvent \u00eatre la solution id\u00e9ale pour les entreprises qui souhaitent conf\u00e9rer \u00e9l\u00e9gance et professionnalisme \u00e0 leurs employ\u00e9s.<\/p>\n\n\n\n<h2 class=\"wp-block-heading\">La cravate renforce l&rsquo;autorit\u00e9<\/h2>\n\n\n\n<p>Le port d&rsquo;une cravate peut faire la diff\u00e9rence dans l&rsquo;image qu&rsquo;un employ\u00e9 projette lors de rencontres professionnelles telles que des r\u00e9unions ou des pr\u00e9sentations. La cravate est un accessoire qui, s&rsquo;il est choisi avec soin, <strong>peut conf\u00e9rer une plus grande autorit\u00e9 et un plus grand professionnalisme \u00e0 l&#8217;employ\u00e9 qui la porte<\/strong>, cr\u00e9ant ainsi une impression positive sur les coll\u00e8gues et les clients de l&rsquo;entreprise.<\/p>\n\n\n\n<p>En outre, la cravate peut contribuer \u00e0 faire ressortir l&rsquo;autorit\u00e9 et la comp\u00e9tence de l&#8217;employ\u00e9, qui sont des aspects fondamentaux, en particulier dans les environnements de travail o\u00f9 la capacit\u00e9 \u00e0 communiquer efficacement est essentielle. En effet, la cravate, lorsqu&rsquo;elle est bien choisie et assortie \u00e0 la tenue vestimentaire, <strong>peut faire ressortir la personnalit\u00e9 de l&#8217;employ\u00e9 et transmettre un sentiment de confiance en soi<\/strong>.<\/p>\n\n\n\n<p>Pour ces raisons, les cravates sur mesure de la Seterie Mosconi peuvent \u00eatre la <strong>solution id\u00e9ale<\/strong> pour les entreprises qui souhaitent donner \u00e0 leurs employ\u00e9s cet <strong>aspect de professionnalisme et d&rsquo;autorit\u00e9<\/strong> qui peut faire la diff\u00e9rence dans des situations de travail importantes.<\/p>\n\n\n\n<p>Les cravates sur mesure sont r\u00e9alis\u00e9es avec des mat\u00e9riaux de haute qualit\u00e9 et personnalis\u00e9es en fonction des besoins de l&rsquo;entreprise, garantissant ainsi un produit unique et raffin\u00e9.<\/p>\n\n\n\n<h3 class=\"wp-block-heading has-text-align-center\">D\u00e9couvrez notre service de <a href=\"https:\/\/www.seteriemosconi.com\/fr\/produits-promotionnels-personnalisess\/cravates-personnalisees\/\">cravates personnalis\u00e9es<\/a><\/h3>\n\n\n\n<h2 class=\"wp-block-heading\">Les cravates cr\u00e9ent un sentiment d&rsquo;appartenance<\/h2>\n\n\n\n<p>Les cravates personnalis\u00e9es portant le logo de l&rsquo;entreprise peuvent constituer un outil important de promotion de l&rsquo;image de marque interne d&rsquo;une entreprise. Le port d&rsquo;une cravate personnalis\u00e9e avec le logo de l&rsquo;entreprise peut cr\u00e9er un <strong>sentiment d&rsquo;appartenance<\/strong> parmi les employ\u00e9s, leur donnant l&rsquo;impression de faire partie d&rsquo;une \u00e9quipe unie et reconnaissable.<\/p>\n\n\n\n<p>En outre, l&rsquo;utilisation de cravates personnalis\u00e9es peut \u00eatre un excellent moyen de <strong>promouvoir l&rsquo;image de l&rsquo;entreprise<\/strong>, tant \u00e0 l&rsquo;int\u00e9rieur qu&rsquo;\u00e0 l&rsquo;ext\u00e9rieur du bureau. Par exemple, si les employ\u00e9s portent des cravates personnalis\u00e9es lors d&rsquo;\u00e9v\u00e9nements organis\u00e9s par l&rsquo;entreprise ou de r\u00e9unions avec des clients, l&rsquo;entreprise peut gagner en visibilit\u00e9 et cr\u00e9er une plus grande notori\u00e9t\u00e9.<\/p>\n\n\n\n<p class=\"has-text-align-left\"><strong>Les cravates personnalis\u00e9es de la Seterie Mosconi peuvent \u00eatre la solution id\u00e9ale pour les entreprises qui souhaitent cr\u00e9er un sentiment d&rsquo;appartenance parmi leurs employ\u00e9s.<\/strong><\/p>\n\n\n\n<h2 class=\"wp-block-heading\">La cravate repr\u00e9sente l&rsquo;image de l&rsquo;entreprise<\/h2>\n\n\n\n<p>L&rsquo;utilisation de cravates personnalis\u00e9es aux couleurs et au logo de l&rsquo;entreprise peut contribuer \u00e0 promouvoir l&rsquo;image de cette derni\u00e8re. Les cravates personnalis\u00e9es peuvent \u00eatre un <strong>outil important pour l&rsquo;image de marque des entreprises<\/strong>, car elles cr\u00e9ent une <strong>identit\u00e9 visuelle forte<\/strong> et rendent la marque <strong>facilement reconnaissable<\/strong>.<\/p>\n\n\n\n<p>Le port d&rsquo;une cravate personnalis\u00e9e avec le logo de l&rsquo;entreprise peut cr\u00e9er une image de coh\u00e9sion et de professionnalisme parmi les employ\u00e9s, leur donnant le sentiment de faire partie d&rsquo;une <strong>\u00e9quipe unie et reconnaissable<\/strong>.<\/p>\n\n\n\n<h2 class=\"wp-block-heading\">Les cravates am\u00e9liorent l&rsquo;aspect esth\u00e9tique des employ\u00e9s<\/h2>\n\n\n\n<p>L&rsquo;utilisation de cravates personnalis\u00e9es et bien confectionn\u00e9es peut contribuer \u00e0 am\u00e9liorer l&rsquo;aspect esth\u00e9tique des employ\u00e9s, \u00e0 renforcer leur confiance en eux et \u00e0 v\u00e9hiculer une <strong>bonne image de l&rsquo;entreprise<\/strong>.<\/p>\n\n\n\n<p>Le choix d&rsquo;une cravate personnalis\u00e9e de haute qualit\u00e9 peut faire toute la diff\u00e9rence pour l&rsquo;apparence g\u00e9n\u00e9rale d&rsquo;un employ\u00e9, en particulier dans des contextes professionnels tels que des r\u00e9unions, des pr\u00e9sentations ou des rencontres avec des clients. Le port d&rsquo;une cravate bien faite et personnalis\u00e9e peut donner <strong>une image de professionnalisme, de souci du d\u00e9tail et d&rsquo;attention port\u00e9e \u00e0 l&rsquo;apparence personnelle<\/strong>.<\/p>\n\n\n\n<p>En conclusion, les cravates personnalis\u00e9es de la Seterie Mosconi sont la <strong>solution id\u00e9ale<\/strong> pour les entreprises qui souhaitent donner une touche d&rsquo;\u00e9l\u00e9gance et de professionnalisme \u00e0 leurs employ\u00e9s. Gr\u00e2ce \u00e0 la qualit\u00e9 des mat\u00e9riaux utilis\u00e9s et \u00e0 la possibilit\u00e9 de personnaliser chaque d\u00e9tail des cravates, du tissu \u00e0 la couleur, en passant par le logo de l&rsquo;entreprise, elles garantissent un <strong>produit sur mesure et unique<\/strong>, repr\u00e9sentatif de la marque et refl\u00e9tant les valeurs de l&rsquo;entreprise.<\/p>\n\n\n\n<h3 class=\"wp-block-heading has-text-align-center\">Si vous aussi vous souhaitez acheter des cravates personnalis\u00e9es pour les employ\u00e9s de votre entreprise, contactez-nous pour un devis gratuit !<\/h3>\n\n\n\n<div class=\"wp-block-buttons is-content-justification-center is-layout-flex wp-container-core-buttons-is-layout-1 wp-block-buttons-is-layout-flex\">\n<div class=\"wp-block-button is-style-outline is-style-outline--1\"><a class=\"wp-block-button__link wp-element-button\" href=\"https:\/\/www.seteriemosconi.com\/fr\/devis-cravates-sur-mesure\/\">Demande de devis<\/a><\/div>\n<\/div>\n","protected":false},"excerpt":{"rendered":"<p>L&rsquo;image qu&rsquo;une entreprise projette sur ses employ\u00e9s est cruciale pour la perception qu&rsquo;en a le public. L&rsquo;habillement des employ\u00e9s est l&rsquo;un des \u00e9l\u00e9ments qui contribuent \u00e0 l&rsquo;image de l&rsquo;entreprise, et la cravate est un accessoire qui peut faire toute la diff\u00e9rence. Le port d&rsquo;une cravate personnalis\u00e9e aux couleurs et au logo de l&rsquo;entreprise peut cr\u00e9er [&hellip;]<\/p>\n","protected":false},"author":2,"featured_media":0,"comment_status":"closed","ping_status":"closed","sticky":false,"template":"","format":"standard","meta":{"_acf_changed":false,"footnotes":""},"categories":[109],"tags":[112,113,186],"class_list":["post-12266","post","type-post","status-publish","format-standard","hentry","category-articles-blog","tag-cravate-personnalisee","tag-cravate-dentreprise-personnalisee","tag-cravate-dentreprise"],"acf":[],"yoast_head":"<!-- This site is optimized with the Yoast SEO plugin v24.6 - https:\/\/yoast.com\/wordpress\/plugins\/seo\/ -->\n<title>Cravates sur mesure : le secret de l&#039;\u00e9l\u00e9gance et du professionnalisme pour les employ\u00e9s d&#039;entreprise - Seterie Mosconi<\/title>\n<meta name=\"description\" content=\"D\u00e9couvrez comment les cravates sur mesure peuvent am\u00e9liorer l&#039;\u00e9l\u00e9gance et le professionnalisme des collaborateurs d&#039;une entreprise.\" \/>\n<meta name=\"robots\" content=\"index, follow, max-snippet:-1, max-image-preview:large, max-video-preview:-1\" \/>\n<link rel=\"canonical\" href=\"https:\/\/www.seteriemosconi.com\/fr\/articles-blog\/cravates-sur-mesure-le-secret-de-lelegance-et-du-professionnalisme-pour-les-employes-dentreprise\/\" \/>\n<meta property=\"og:locale\" content=\"fr_FR\" \/>\n<meta property=\"og:type\" content=\"article\" \/>\n<meta property=\"og:title\" content=\"Cravates sur mesure : le secret de l&#039;\u00e9l\u00e9gance et du professionnalisme pour les employ\u00e9s d&#039;entreprise - Seterie Mosconi\" \/>\n<meta property=\"og:description\" content=\"D\u00e9couvrez comment les cravates sur mesure peuvent am\u00e9liorer l&#039;\u00e9l\u00e9gance et le professionnalisme des collaborateurs d&#039;une entreprise.\" \/>\n<meta property=\"og:url\" content=\"https:\/\/www.seteriemosconi.com\/fr\/articles-blog\/cravates-sur-mesure-le-secret-de-lelegance-et-du-professionnalisme-pour-les-employes-dentreprise\/\" \/>\n<meta property=\"og:site_name\" content=\"Seterie Mosconi\" \/>\n<meta property=\"article:publisher\" content=\"https:\/\/www.facebook.com\/SeterieMosconi\/\" \/>\n<meta property=\"article:published_time\" content=\"2023-03-22T15:18:51+00:00\" \/>\n<meta property=\"article:modified_time\" content=\"2024-09-02T10:16:18+00:00\" \/>\n<meta property=\"og:image\" content=\"https:\/\/www.seteriemosconi.com\/wp-content\/uploads\/2022\/03\/cravatta-03-scalled.jpg\" \/>\n\t<meta property=\"og:image:width\" content=\"1200\" \/>\n\t<meta property=\"og:image:height\" content=\"1200\" \/>\n\t<meta property=\"og:image:type\" content=\"image\/jpeg\" \/>\n<meta name=\"author\" content=\"Gestione contenuti\" \/>\n<meta name=\"twitter:card\" content=\"summary_large_image\" \/>\n<meta name=\"twitter:label1\" content=\"\u00c9crit par\" \/>\n\t<meta name=\"twitter:data1\" content=\"Gestione contenuti\" \/>\n\t<meta name=\"twitter:label2\" content=\"Dur\u00e9e de lecture estim\u00e9e\" \/>\n\t<meta name=\"twitter:data2\" content=\"4 minutes\" \/>\n<script type=\"application\/ld+json\" class=\"yoast-schema-graph\">{\"@context\":\"https:\/\/schema.org\",\"@graph\":[{\"@type\":\"Article\",\"@id\":\"https:\/\/www.seteriemosconi.com\/fr\/articles-blog\/cravates-sur-mesure-le-secret-de-lelegance-et-du-professionnalisme-pour-les-employes-dentreprise\/#article\",\"isPartOf\":{\"@id\":\"https:\/\/www.seteriemosconi.com\/fr\/articles-blog\/cravates-sur-mesure-le-secret-de-lelegance-et-du-professionnalisme-pour-les-employes-dentreprise\/\"},\"author\":{\"name\":\"Gestione contenuti\",\"@id\":\"https:\/\/www.seteriemosconi.com\/fr\/#\/schema\/person\/a7b87d19e24d1eada6f8c20f2f218cab\"},\"headline\":\"Cravates sur mesure : le secret de l&rsquo;\u00e9l\u00e9gance et du professionnalisme pour les employ\u00e9s d&rsquo;entreprise\",\"datePublished\":\"2023-03-22T15:18:51+00:00\",\"dateModified\":\"2024-09-02T10:16:18+00:00\",\"mainEntityOfPage\":{\"@id\":\"https:\/\/www.seteriemosconi.com\/fr\/articles-blog\/cravates-sur-mesure-le-secret-de-lelegance-et-du-professionnalisme-pour-les-employes-dentreprise\/\"},\"wordCount\":889,\"publisher\":{\"@id\":\"https:\/\/www.seteriemosconi.com\/fr\/#organization\"},\"keywords\":[\"cravate personnalis\u00e9e\",\"cravate d'entreprise personnalis\u00e9e\",\"cravate d'entreprise\"],\"articleSection\":[\"Articles blog FR\"],\"inLanguage\":\"fr-FR\"},{\"@type\":\"WebPage\",\"@id\":\"https:\/\/www.seteriemosconi.com\/fr\/articles-blog\/cravates-sur-mesure-le-secret-de-lelegance-et-du-professionnalisme-pour-les-employes-dentreprise\/\",\"url\":\"https:\/\/www.seteriemosconi.com\/fr\/articles-blog\/cravates-sur-mesure-le-secret-de-lelegance-et-du-professionnalisme-pour-les-employes-dentreprise\/\",\"name\":\"Cravates sur mesure : le secret de l'\u00e9l\u00e9gance et du professionnalisme pour les employ\u00e9s d'entreprise - Seterie Mosconi\",\"isPartOf\":{\"@id\":\"https:\/\/www.seteriemosconi.com\/fr\/#website\"},\"datePublished\":\"2023-03-22T15:18:51+00:00\",\"dateModified\":\"2024-09-02T10:16:18+00:00\",\"description\":\"D\u00e9couvrez comment les cravates sur mesure peuvent am\u00e9liorer l'\u00e9l\u00e9gance et le professionnalisme des collaborateurs d'une entreprise.\",\"breadcrumb\":{\"@id\":\"https:\/\/www.seteriemosconi.com\/fr\/articles-blog\/cravates-sur-mesure-le-secret-de-lelegance-et-du-professionnalisme-pour-les-employes-dentreprise\/#breadcrumb\"},\"inLanguage\":\"fr-FR\",\"potentialAction\":[{\"@type\":\"ReadAction\",\"target\":[\"https:\/\/www.seteriemosconi.com\/fr\/articles-blog\/cravates-sur-mesure-le-secret-de-lelegance-et-du-professionnalisme-pour-les-employes-dentreprise\/\"]}]},{\"@type\":\"BreadcrumbList\",\"@id\":\"https:\/\/www.seteriemosconi.com\/fr\/articles-blog\/cravates-sur-mesure-le-secret-de-lelegance-et-du-professionnalisme-pour-les-employes-dentreprise\/#breadcrumb\",\"itemListElement\":[{\"@type\":\"ListItem\",\"position\":1,\"name\":\"Home\",\"item\":\"https:\/\/www.seteriemosconi.com\/fr\/\"},{\"@type\":\"ListItem\",\"position\":2,\"name\":\"Cravates sur mesure : le secret de l&#8217;\u00e9l\u00e9gance et du professionnalisme pour les employ\u00e9s d&#8217;entreprise\"}]},{\"@type\":\"WebSite\",\"@id\":\"https:\/\/www.seteriemosconi.com\/fr\/#website\",\"url\":\"https:\/\/www.seteriemosconi.com\/fr\/\",\"name\":\"Seterie Mosconi\",\"description\":\"\",\"publisher\":{\"@id\":\"https:\/\/www.seteriemosconi.com\/fr\/#organization\"},\"alternateName\":\"Articoli promozionali per aziende\",\"potentialAction\":[{\"@type\":\"SearchAction\",\"target\":{\"@type\":\"EntryPoint\",\"urlTemplate\":\"https:\/\/www.seteriemosconi.com\/fr\/?s={search_term_string}\"},\"query-input\":{\"@type\":\"PropertyValueSpecification\",\"valueRequired\":true,\"valueName\":\"search_term_string\"}}],\"inLanguage\":\"fr-FR\"},{\"@type\":\"Organization\",\"@id\":\"https:\/\/www.seteriemosconi.com\/fr\/#organization\",\"name\":\"Seterie Mosconi\",\"alternateName\":\"Articoli promozionali per aziende\",\"url\":\"https:\/\/www.seteriemosconi.com\/fr\/\",\"logo\":{\"@type\":\"ImageObject\",\"inLanguage\":\"fr-FR\",\"@id\":\"https:\/\/www.seteriemosconi.com\/fr\/#\/schema\/logo\/image\/\",\"url\":\"https:\/\/www.seteriemosconi.com\/wp-content\/uploads\/2018\/01\/logo_mosconi-seteria.png\",\"contentUrl\":\"https:\/\/www.seteriemosconi.com\/wp-content\/uploads\/2018\/01\/logo_mosconi-seteria.png\",\"width\":500,\"height\":148,\"caption\":\"Seterie Mosconi\"},\"image\":{\"@id\":\"https:\/\/www.seteriemosconi.com\/fr\/#\/schema\/logo\/image\/\"},\"sameAs\":[\"https:\/\/www.facebook.com\/SeterieMosconi\/\",\"https:\/\/instagram.com\/seterie_mosconi\",\"https:\/\/www.linkedin.com\/company\/seterie-mosconi-ties-and-scarves\/\"]},{\"@type\":\"Person\",\"@id\":\"https:\/\/www.seteriemosconi.com\/fr\/#\/schema\/person\/a7b87d19e24d1eada6f8c20f2f218cab\",\"name\":\"Gestione contenuti\",\"image\":{\"@type\":\"ImageObject\",\"inLanguage\":\"fr-FR\",\"@id\":\"https:\/\/www.seteriemosconi.com\/fr\/#\/schema\/person\/image\/\",\"url\":\"https:\/\/www.seteriemosconi.com\/wp-content\/litespeed\/avatar\/294fb73a634bffd316e676654d145879.jpg?ver=1777575318\",\"contentUrl\":\"https:\/\/www.seteriemosconi.com\/wp-content\/litespeed\/avatar\/294fb73a634bffd316e676654d145879.jpg?ver=1777575318\",\"caption\":\"Gestione contenuti\"}}]}<\/script>\n<!-- \/ Yoast SEO plugin. -->","yoast_head_json":{"title":"Cravates sur mesure : le secret de l'\u00e9l\u00e9gance et du professionnalisme pour les employ\u00e9s d'entreprise - Seterie Mosconi","description":"D\u00e9couvrez comment les cravates sur mesure peuvent am\u00e9liorer l'\u00e9l\u00e9gance et le professionnalisme des collaborateurs d'une entreprise.","robots":{"index":"index","follow":"follow","max-snippet":"max-snippet:-1","max-image-preview":"max-image-preview:large","max-video-preview":"max-video-preview:-1"},"canonical":"https:\/\/www.seteriemosconi.com\/fr\/articles-blog\/cravates-sur-mesure-le-secret-de-lelegance-et-du-professionnalisme-pour-les-employes-dentreprise\/","og_locale":"fr_FR","og_type":"article","og_title":"Cravates sur mesure : le secret de l'\u00e9l\u00e9gance et du professionnalisme pour les employ\u00e9s d'entreprise - Seterie Mosconi","og_description":"D\u00e9couvrez comment les cravates sur mesure peuvent am\u00e9liorer l'\u00e9l\u00e9gance et le professionnalisme des collaborateurs d'une entreprise.","og_url":"https:\/\/www.seteriemosconi.com\/fr\/articles-blog\/cravates-sur-mesure-le-secret-de-lelegance-et-du-professionnalisme-pour-les-employes-dentreprise\/","og_site_name":"Seterie Mosconi","article_publisher":"https:\/\/www.facebook.com\/SeterieMosconi\/","article_published_time":"2023-03-22T15:18:51+00:00","article_modified_time":"2024-09-02T10:16:18+00:00","og_image":[{"width":1200,"height":1200,"url":"https:\/\/www.seteriemosconi.com\/wp-content\/uploads\/2022\/03\/cravatta-03-scalled.jpg","type":"image\/jpeg"}],"author":"Gestione contenuti","twitter_card":"summary_large_image","twitter_misc":{"\u00c9crit par":"Gestione contenuti","Dur\u00e9e de lecture estim\u00e9e":"4 minutes"},"schema":{"@context":"https:\/\/schema.org","@graph":[{"@type":"Article","@id":"https:\/\/www.seteriemosconi.com\/fr\/articles-blog\/cravates-sur-mesure-le-secret-de-lelegance-et-du-professionnalisme-pour-les-employes-dentreprise\/#article","isPartOf":{"@id":"https:\/\/www.seteriemosconi.com\/fr\/articles-blog\/cravates-sur-mesure-le-secret-de-lelegance-et-du-professionnalisme-pour-les-employes-dentreprise\/"},"author":{"name":"Gestione contenuti","@id":"https:\/\/www.seteriemosconi.com\/fr\/#\/schema\/person\/a7b87d19e24d1eada6f8c20f2f218cab"},"headline":"Cravates sur mesure : le secret de l&rsquo;\u00e9l\u00e9gance et du professionnalisme pour les employ\u00e9s d&rsquo;entreprise","datePublished":"2023-03-22T15:18:51+00:00","dateModified":"2024-09-02T10:16:18+00:00","mainEntityOfPage":{"@id":"https:\/\/www.seteriemosconi.com\/fr\/articles-blog\/cravates-sur-mesure-le-secret-de-lelegance-et-du-professionnalisme-pour-les-employes-dentreprise\/"},"wordCount":889,"publisher":{"@id":"https:\/\/www.seteriemosconi.com\/fr\/#organization"},"keywords":["cravate personnalis\u00e9e","cravate d'entreprise personnalis\u00e9e","cravate d'entreprise"],"articleSection":["Articles blog FR"],"inLanguage":"fr-FR"},{"@type":"WebPage","@id":"https:\/\/www.seteriemosconi.com\/fr\/articles-blog\/cravates-sur-mesure-le-secret-de-lelegance-et-du-professionnalisme-pour-les-employes-dentreprise\/","url":"https:\/\/www.seteriemosconi.com\/fr\/articles-blog\/cravates-sur-mesure-le-secret-de-lelegance-et-du-professionnalisme-pour-les-employes-dentreprise\/","name":"Cravates sur mesure : le secret de l'\u00e9l\u00e9gance et du professionnalisme pour les employ\u00e9s d'entreprise - Seterie Mosconi","isPartOf":{"@id":"https:\/\/www.seteriemosconi.com\/fr\/#website"},"datePublished":"2023-03-22T15:18:51+00:00","dateModified":"2024-09-02T10:16:18+00:00","description":"D\u00e9couvrez comment les cravates sur mesure peuvent am\u00e9liorer l'\u00e9l\u00e9gance et le professionnalisme des collaborateurs d'une entreprise.","breadcrumb":{"@id":"https:\/\/www.seteriemosconi.com\/fr\/articles-blog\/cravates-sur-mesure-le-secret-de-lelegance-et-du-professionnalisme-pour-les-employes-dentreprise\/#breadcrumb"},"inLanguage":"fr-FR","potentialAction":[{"@type":"ReadAction","target":["https:\/\/www.seteriemosconi.com\/fr\/articles-blog\/cravates-sur-mesure-le-secret-de-lelegance-et-du-professionnalisme-pour-les-employes-dentreprise\/"]}]},{"@type":"BreadcrumbList","@id":"https:\/\/www.seteriemosconi.com\/fr\/articles-blog\/cravates-sur-mesure-le-secret-de-lelegance-et-du-professionnalisme-pour-les-employes-dentreprise\/#breadcrumb","itemListElement":[{"@type":"ListItem","position":1,"name":"Home","item":"https:\/\/www.seteriemosconi.com\/fr\/"},{"@type":"ListItem","position":2,"name":"Cravates sur mesure : le secret de l&#8217;\u00e9l\u00e9gance et du professionnalisme pour les employ\u00e9s d&#8217;entreprise"}]},{"@type":"WebSite","@id":"https:\/\/www.seteriemosconi.com\/fr\/#website","url":"https:\/\/www.seteriemosconi.com\/fr\/","name":"Seterie Mosconi","description":"","publisher":{"@id":"https:\/\/www.seteriemosconi.com\/fr\/#organization"},"alternateName":"Articoli promozionali per aziende","potentialAction":[{"@type":"SearchAction","target":{"@type":"EntryPoint","urlTemplate":"https:\/\/www.seteriemosconi.com\/fr\/?s={search_term_string}"},"query-input":{"@type":"PropertyValueSpecification","valueRequired":true,"valueName":"search_term_string"}}],"inLanguage":"fr-FR"},{"@type":"Organization","@id":"https:\/\/www.seteriemosconi.com\/fr\/#organization","name":"Seterie Mosconi","alternateName":"Articoli promozionali per aziende","url":"https:\/\/www.seteriemosconi.com\/fr\/","logo":{"@type":"ImageObject","inLanguage":"fr-FR","@id":"https:\/\/www.seteriemosconi.com\/fr\/#\/schema\/logo\/image\/","url":"https:\/\/www.seteriemosconi.com\/wp-content\/uploads\/2018\/01\/logo_mosconi-seteria.png","contentUrl":"https:\/\/www.seteriemosconi.com\/wp-content\/uploads\/2018\/01\/logo_mosconi-seteria.png","width":500,"height":148,"caption":"Seterie Mosconi"},"image":{"@id":"https:\/\/www.seteriemosconi.com\/fr\/#\/schema\/logo\/image\/"},"sameAs":["https:\/\/www.facebook.com\/SeterieMosconi\/","https:\/\/instagram.com\/seterie_mosconi","https:\/\/www.linkedin.com\/company\/seterie-mosconi-ties-and-scarves\/"]},{"@type":"Person","@id":"https:\/\/www.seteriemosconi.com\/fr\/#\/schema\/person\/a7b87d19e24d1eada6f8c20f2f218cab","name":"Gestione contenuti","image":{"@type":"ImageObject","inLanguage":"fr-FR","@id":"https:\/\/www.seteriemosconi.com\/fr\/#\/schema\/person\/image\/","url":"https:\/\/www.seteriemosconi.com\/wp-content\/litespeed\/avatar\/294fb73a634bffd316e676654d145879.jpg?ver=1777575318","contentUrl":"https:\/\/www.seteriemosconi.com\/wp-content\/litespeed\/avatar\/294fb73a634bffd316e676654d145879.jpg?ver=1777575318","caption":"Gestione contenuti"}}]}},"_links":{"self":[{"href":"https:\/\/www.seteriemosconi.com\/fr\/wp-json\/wp\/v2\/posts\/12266","targetHints":{"allow":["GET"]}}],"collection":[{"href":"https:\/\/www.seteriemosconi.com\/fr\/wp-json\/wp\/v2\/posts"}],"about":[{"href":"https:\/\/www.seteriemosconi.com\/fr\/wp-json\/wp\/v2\/types\/post"}],"author":[{"embeddable":true,"href":"https:\/\/www.seteriemosconi.com\/fr\/wp-json\/wp\/v2\/users\/2"}],"replies":[{"embeddable":true,"href":"https:\/\/www.seteriemosconi.com\/fr\/wp-json\/wp\/v2\/comments?post=12266"}],"version-history":[{"count":3,"href":"https:\/\/www.seteriemosconi.com\/fr\/wp-json\/wp\/v2\/posts\/12266\/revisions"}],"predecessor-version":[{"id":12276,"href":"https:\/\/www.seteriemosconi.com\/fr\/wp-json\/wp\/v2\/posts\/12266\/revisions\/12276"}],"wp:attachment":[{"href":"https:\/\/www.seteriemosconi.com\/fr\/wp-json\/wp\/v2\/media?parent=12266"}],"wp:term":[{"taxonomy":"category","embeddable":true,"href":"https:\/\/www.seteriemosconi.com\/fr\/wp-json\/wp\/v2\/categories?post=12266"},{"taxonomy":"post_tag","embeddable":true,"href":"https:\/\/www.seteriemosconi.com\/fr\/wp-json\/wp\/v2\/tags?post=12266"}],"curies":[{"name":"wp","href":"https:\/\/api.w.org\/{rel}","templated":true}]}}