{"id":13001,"date":"2022-10-15T16:16:00","date_gmt":"2022-10-15T15:16:00","guid":{"rendered":"https:\/\/www.seteriemosconi.com\/blog-fr\/come-abbinare-la-cravatta-allabbigliamento\/"},"modified":"2024-09-05T17:17:07","modified_gmt":"2024-09-05T16:17:07","slug":"comment-assortir-une-cravate-aux-vetements","status":"publish","type":"post","link":"https:\/\/www.seteriemosconi.com\/fr\/articles-blog\/comment-assortir-une-cravate-aux-vetements\/","title":{"rendered":"Comment assortir une cravate aux v\u00eatements"},"content":{"rendered":"\n<p class=\"uk-text-lead uk-dropcap\"><em><em>Une <strong>cravate bien assortie<\/strong> \u00e0 la tenue ajoutera une touche de classe suppl\u00e9mentaire \u00e0 notre look.<\/em><\/em><\/p>\n\n\n\n<p>Mais comment assortir la cravate \u00e0 la tenue ? Quelles sont les couleurs et les motifs les plus adapt\u00e9s pour chaque occasion ?<\/p>\n\n\n\n<p>Les cravates sont souvent l\u2019une des premi\u00e8res choses que les gens remarquent de votre tenue. Elles peuvent \u00eatre un excellent moyen d\u2019<strong>ajouter une touche de couleur ou de motif <\/strong>et peuvent vraiment lier (sans jeu de mots) l\u2019ensemble du look.<\/p>\n\n\n\n<p>Mais avec le large choix disponible, il peut \u00eatre difficile de savoir comment choisir la bonne cravate pour la bonne occasion. Dans cet article, je vais vous expliquer tous les secrets pour assortir la cravate \u00e0 la tenue de la bonne mani\u00e8re !<\/p>\n\n\n\n<h2 class=\"wp-block-heading\"><strong>La couleur de la tenue :<\/strong> Si la tenue est de couleur claire, la cravate doit \u00eatre plus fonc\u00e9e<\/h2>\n\n\n\n<p>Lorsque vous choisissez la cravate parfaite pour assortir \u00e0 votre ensemble clair, il est important de trouver une cravate plus fonc\u00e9e que la tenue. Ce contraste ajoutera une touche de classe \u00e0 votre look et apportera une touche de couleur \u00e0 votre tenue.<\/p>\n\n\n\n<p>Vous pouvez jouer avec des tons et des nuances plus doux lorsque vous choisissez une cravate, mais optez toujours pour une couleur qui se d\u00e9marque dans la lumi\u00e8re.<\/p>\n\n\n\n<p>Faites-le bien et vous serez s\u00fbr de vous d\u00e9marquer de la foule avec style !<\/p>\n\n\n\n<div class=\"uk-margin uk-text-center uk-text-primary\">\n<a class=\"el-content uk-button uk-button-danger\" href=\"#form-blog-sidebar\" uk-scroll=\"\">Contactez-nous<\/a>\n<\/div>\n\n\n\n<h2 class=\"wp-block-heading\"><strong>Le motif de la tenue :<\/strong> Si la tenue a beaucoup de motifs, la cravate doit \u00eatre unie<\/h2>\n\n\n\n<p>Lorsque vous choisissez une cravate pour une <strong>tenue avec plusieurs motifs<\/strong>, il peut \u00eatre difficile de l\u2019assortir. Le truc est de choisir une cravate qui se d\u00e9marque du reste mais qui compl\u00e8te toujours le look g\u00e9n\u00e9ral.<\/p>\n\n\n\n<p><strong>Une cravate unie est le meilleur choix pour une telle tenue<\/strong>, car elle ne rivalisera pas avec les motifs existants mais liera le tout de mani\u00e8re coh\u00e9rente.<\/p>\n\n\n\n<p>Pour vous assurer que la cravate s\u2019int\u00e8gre bien avec l\u2019ensemble du look \u00e0 motifs, <strong>nous vous recommandons d\u2019utiliser des couleurs qui sont d\u00e9j\u00e0 repr\u00e9sent\u00e9es dans l\u2019un des autres v\u00eatements<\/strong>. De cette fa\u00e7on, vous pouvez vous assurer une tenue esth\u00e9tiquement agr\u00e9able et \u00e9l\u00e9gante !<\/p>\n\n\n\n<h2 class=\"wp-block-heading\"><strong>L\u2019occasion :<\/strong> Pour les occasions plus formelles, il est pr\u00e9f\u00e9rable d\u2019assortir la cravate \u00e0 la chemise plut\u00f4t qu\u2019\u00e0 la tenue en g\u00e9n\u00e9ral<\/h2>\n\n\n\n<p>Il n\u2019est pas toujours facile de savoir quelle cravate choisir lorsqu\u2019on assiste \u00e0 une <strong>occasion formelle<\/strong>, mais la r\u00e8gle g\u00e9n\u00e9rale est que <strong>la cravate doit \u00eatre assortie \u00e0 la chemise<\/strong> plut\u00f4t qu\u2019\u00e0 la tenue en g\u00e9n\u00e9ral.<\/p>\n\n\n\n<p>De cette fa\u00e7on, vous pouvez cr\u00e9er une d\u00e9claration de style qui semble toujours intentionnelle et soign\u00e9e, plut\u00f4t que de cr\u00e9er un look d\u00e9pareill\u00e9 qui pourrait para\u00eetre d\u00e9sordonn\u00e9 ou m\u00eame n\u00e9glig\u00e9. Porter une <strong>cravate<\/strong> est un moyen simple mais efficace de <strong>transformer votre tenue de d\u00e9contract\u00e9e \u00e0 \u201cclasse\u201d<\/strong> : assurez-vous de la choisir avec soin !<\/p>\n\n\n\n<div class=\"uk-margin uk-text-center uk-text-primary\">\n<a class=\"el-content uk-button uk-button-danger\" href=\"#form-blog-sidebar\" uk-scroll=\"\">Demandez plus d\u2019informations !<\/a>\n<\/div>\n\n\n\n<h2 class=\"wp-block-heading\"><strong>La saison :<\/strong> En hiver, il est pr\u00e9f\u00e9rable de porter des couleurs sombres, tandis qu\u2019en \u00e9t\u00e9, il est pr\u00e9f\u00e9rable de porter des couleurs plus claires<\/h2>\n\n\n\n<p>Porter une cravate est un excellent moyen de <strong>s\u2019exprimer et d\u2019ajouter du style \u00e0 une tenue<\/strong> ; cependant, les couleurs que vous choisissez peuvent faire une grande diff\u00e9rence selon la saison.<\/p>\n\n\n\n<p>En <strong>hiver<\/strong>, il est pr\u00e9f\u00e9rable d\u2019opter pour des <strong>couleurs sombres<\/strong> comme le bleu ou le noir. Cela refl\u00e8te mieux l\u2019atmosph\u00e8re de l\u2019hiver et permet d\u2019obtenir un look plus sombre, parfait pour les tenues plus lourdes.<\/p>\n\n\n\n<p>En revanche, en <strong>\u00e9t\u00e9<\/strong>, il est pr\u00e9f\u00e9rable d\u2019all\u00e9ger un peu les choses. Optez pour des <strong>couleurs plus claires<\/strong>, comme le blanc ou les pastels, et associez-les \u00e0 des chemises l\u00e9g\u00e8res ou des vestes de costume aux couleurs vives pour un look estival amusant et \u00e9l\u00e9gant.<\/p>\n\n\n\n<p>N\u2019oubliez donc pas que <strong>la saison fait la diff\u00e9rence dans le choix des couleurs<\/strong> des cravates !<\/p>\n\n\n\n<h2 class=\"wp-block-heading\"><strong>Votre style personnel :<\/strong> En fin de compte, vous devez choisir une cravate qui vous met \u00e0 l\u2019aise et qui correspond \u00e0 votre style personnel<\/h2>\n\n\n\n<p>Choisir une cravate doit \u00eatre amusant ! Il existe de <strong>nombreux styles, mat\u00e9riaux et couleurs parmi lesquels choisir<\/strong>, afin que vous puissiez <strong>exprimer votre style personnel<\/strong>.<\/p>\n\n\n\n<p>Tout est question de trouver quelque chose qui vous parle, qu\u2019il s\u2019agisse d\u2019un design \u00e9l\u00e9gant \u00e0 motifs ou d\u2019une touche audacieuse de couleur. Vous devez trouver quelque chose qui vous met \u00e0 l\u2019aise et qui exprime qui vous \u00eates sans trop d\u2019efforts. Soyez cr\u00e9atif, <strong>explorez diff\u00e9rents looks et trouvez celui qui vous convient parfaitement !<\/strong><\/p>\n\n\n\n<p>Une cravate bien assortie peut faire la diff\u00e9rence dans votre apparence et transmettre le bon message pour chaque occasion. Lorsque vous choisissez une cravate, <strong>consid\u00e9rez la couleur de la chemise, du costume et le motif<\/strong>. La texture joue \u00e9galement un r\u00f4le important dans la cr\u00e9ation du look parfait.<\/p>\n\n\n\n<p class=\"has-text-align-center\"><strong>Si vous avez besoin d\u2019aide pour trouver la bonne cravate, nous avons ce qu\u2019il vous faut. Notre s\u00e9lection de cravates vous garantira l\u2019assortiment parfait pour toute tenue.<\/strong><\/p>\n","protected":false},"excerpt":{"rendered":"<p>D\u00e9couvrez les secrets pour assortir une cravate \u00e0 un v\u00eatement : couleurs, motifs et astuces pour un look impeccable en toute occasion.<\/p>\n","protected":false},"author":2,"featured_media":0,"comment_status":"open","ping_status":"open","sticky":false,"template":"","format":"standard","meta":{"_acf_changed":false,"footnotes":""},"categories":[109],"tags":[173,323],"class_list":["post-13001","post","type-post","status-publish","format-standard","hentry","category-articles-blog","tag-combinaisons","tag-assortir-la-cravate"],"acf":[],"yoast_head":"<!-- This site is optimized with the Yoast SEO plugin v24.6 - https:\/\/yoast.com\/wordpress\/plugins\/seo\/ -->\n<title>Comment assortir une cravate aux v\u00eatements - Seterie Mosconi<\/title>\n<meta name=\"description\" content=\"D\u00e9couvrez les secrets pour assortir une cravate \u00e0 un v\u00eatement : couleurs, motifs et astuces pour un look impeccable en toute occasion.\" \/>\n<meta name=\"robots\" content=\"index, follow, max-snippet:-1, max-image-preview:large, max-video-preview:-1\" \/>\n<link rel=\"canonical\" href=\"https:\/\/www.seteriemosconi.com\/fr\/articles-blog\/comment-assortir-une-cravate-aux-vetements\/\" \/>\n<meta property=\"og:locale\" content=\"fr_FR\" \/>\n<meta property=\"og:type\" content=\"article\" \/>\n<meta property=\"og:title\" content=\"Comment assortir une cravate aux v\u00eatements - Seterie Mosconi\" \/>\n<meta property=\"og:description\" content=\"D\u00e9couvrez les secrets pour assortir une cravate \u00e0 un v\u00eatement : couleurs, motifs et astuces pour un look impeccable en toute occasion.\" \/>\n<meta property=\"og:url\" content=\"https:\/\/www.seteriemosconi.com\/fr\/articles-blog\/comment-assortir-une-cravate-aux-vetements\/\" \/>\n<meta property=\"og:site_name\" content=\"Seterie Mosconi\" \/>\n<meta property=\"article:publisher\" content=\"https:\/\/www.facebook.com\/SeterieMosconi\/\" \/>\n<meta property=\"article:published_time\" content=\"2022-10-15T15:16:00+00:00\" \/>\n<meta property=\"article:modified_time\" content=\"2024-09-05T16:17:07+00:00\" \/>\n<meta property=\"og:image\" content=\"https:\/\/www.seteriemosconi.com\/wp-content\/uploads\/2022\/03\/cravatta-03-scalled.jpg\" \/>\n\t<meta property=\"og:image:width\" content=\"1200\" \/>\n\t<meta property=\"og:image:height\" content=\"1200\" \/>\n\t<meta property=\"og:image:type\" content=\"image\/jpeg\" \/>\n<meta name=\"author\" content=\"Gestione contenuti\" \/>\n<meta name=\"twitter:card\" content=\"summary_large_image\" \/>\n<meta name=\"twitter:label1\" content=\"\u00c9crit par\" \/>\n\t<meta name=\"twitter:data1\" content=\"Gestione contenuti\" \/>\n\t<meta name=\"twitter:label2\" content=\"Dur\u00e9e de lecture estim\u00e9e\" \/>\n\t<meta name=\"twitter:data2\" content=\"4 minutes\" \/>\n<script type=\"application\/ld+json\" class=\"yoast-schema-graph\">{\"@context\":\"https:\/\/schema.org\",\"@graph\":[{\"@type\":\"Article\",\"@id\":\"https:\/\/www.seteriemosconi.com\/fr\/articles-blog\/comment-assortir-une-cravate-aux-vetements\/#article\",\"isPartOf\":{\"@id\":\"https:\/\/www.seteriemosconi.com\/fr\/articles-blog\/comment-assortir-une-cravate-aux-vetements\/\"},\"author\":{\"name\":\"Gestione contenuti\",\"@id\":\"https:\/\/www.seteriemosconi.com\/fr\/#\/schema\/person\/a7b87d19e24d1eada6f8c20f2f218cab\"},\"headline\":\"Comment assortir une cravate aux v\u00eatements\",\"datePublished\":\"2022-10-15T15:16:00+00:00\",\"dateModified\":\"2024-09-05T16:17:07+00:00\",\"mainEntityOfPage\":{\"@id\":\"https:\/\/www.seteriemosconi.com\/fr\/articles-blog\/comment-assortir-une-cravate-aux-vetements\/\"},\"wordCount\":881,\"commentCount\":0,\"publisher\":{\"@id\":\"https:\/\/www.seteriemosconi.com\/fr\/#organization\"},\"keywords\":[\"combinaisons\",\"assortir la cravate\"],\"articleSection\":[\"Articles blog FR\"],\"inLanguage\":\"fr-FR\",\"potentialAction\":[{\"@type\":\"CommentAction\",\"name\":\"Comment\",\"target\":[\"https:\/\/www.seteriemosconi.com\/fr\/articles-blog\/comment-assortir-une-cravate-aux-vetements\/#respond\"]}]},{\"@type\":\"WebPage\",\"@id\":\"https:\/\/www.seteriemosconi.com\/fr\/articles-blog\/comment-assortir-une-cravate-aux-vetements\/\",\"url\":\"https:\/\/www.seteriemosconi.com\/fr\/articles-blog\/comment-assortir-une-cravate-aux-vetements\/\",\"name\":\"Comment assortir une cravate aux v\u00eatements - Seterie Mosconi\",\"isPartOf\":{\"@id\":\"https:\/\/www.seteriemosconi.com\/fr\/#website\"},\"datePublished\":\"2022-10-15T15:16:00+00:00\",\"dateModified\":\"2024-09-05T16:17:07+00:00\",\"description\":\"D\u00e9couvrez les secrets pour assortir une cravate \u00e0 un v\u00eatement : couleurs, motifs et astuces pour un look impeccable en toute occasion.\",\"breadcrumb\":{\"@id\":\"https:\/\/www.seteriemosconi.com\/fr\/articles-blog\/comment-assortir-une-cravate-aux-vetements\/#breadcrumb\"},\"inLanguage\":\"fr-FR\",\"potentialAction\":[{\"@type\":\"ReadAction\",\"target\":[\"https:\/\/www.seteriemosconi.com\/fr\/articles-blog\/comment-assortir-une-cravate-aux-vetements\/\"]}]},{\"@type\":\"BreadcrumbList\",\"@id\":\"https:\/\/www.seteriemosconi.com\/fr\/articles-blog\/comment-assortir-une-cravate-aux-vetements\/#breadcrumb\",\"itemListElement\":[{\"@type\":\"ListItem\",\"position\":1,\"name\":\"Home\",\"item\":\"https:\/\/www.seteriemosconi.com\/fr\/\"},{\"@type\":\"ListItem\",\"position\":2,\"name\":\"Comment assortir une cravate aux v\u00eatements\"}]},{\"@type\":\"WebSite\",\"@id\":\"https:\/\/www.seteriemosconi.com\/fr\/#website\",\"url\":\"https:\/\/www.seteriemosconi.com\/fr\/\",\"name\":\"Seterie Mosconi\",\"description\":\"\",\"publisher\":{\"@id\":\"https:\/\/www.seteriemosconi.com\/fr\/#organization\"},\"alternateName\":\"Articoli promozionali per aziende\",\"potentialAction\":[{\"@type\":\"SearchAction\",\"target\":{\"@type\":\"EntryPoint\",\"urlTemplate\":\"https:\/\/www.seteriemosconi.com\/fr\/?s={search_term_string}\"},\"query-input\":{\"@type\":\"PropertyValueSpecification\",\"valueRequired\":true,\"valueName\":\"search_term_string\"}}],\"inLanguage\":\"fr-FR\"},{\"@type\":\"Organization\",\"@id\":\"https:\/\/www.seteriemosconi.com\/fr\/#organization\",\"name\":\"Seterie Mosconi\",\"alternateName\":\"Articoli promozionali per aziende\",\"url\":\"https:\/\/www.seteriemosconi.com\/fr\/\",\"logo\":{\"@type\":\"ImageObject\",\"inLanguage\":\"fr-FR\",\"@id\":\"https:\/\/www.seteriemosconi.com\/fr\/#\/schema\/logo\/image\/\",\"url\":\"https:\/\/www.seteriemosconi.com\/wp-content\/uploads\/2018\/01\/logo_mosconi-seteria.png\",\"contentUrl\":\"https:\/\/www.seteriemosconi.com\/wp-content\/uploads\/2018\/01\/logo_mosconi-seteria.png\",\"width\":500,\"height\":148,\"caption\":\"Seterie Mosconi\"},\"image\":{\"@id\":\"https:\/\/www.seteriemosconi.com\/fr\/#\/schema\/logo\/image\/\"},\"sameAs\":[\"https:\/\/www.facebook.com\/SeterieMosconi\/\",\"https:\/\/instagram.com\/seterie_mosconi\",\"https:\/\/www.linkedin.com\/company\/seterie-mosconi-ties-and-scarves\/\"]},{\"@type\":\"Person\",\"@id\":\"https:\/\/www.seteriemosconi.com\/fr\/#\/schema\/person\/a7b87d19e24d1eada6f8c20f2f218cab\",\"name\":\"Gestione contenuti\",\"image\":{\"@type\":\"ImageObject\",\"inLanguage\":\"fr-FR\",\"@id\":\"https:\/\/www.seteriemosconi.com\/fr\/#\/schema\/person\/image\/\",\"url\":\"https:\/\/www.seteriemosconi.com\/wp-content\/litespeed\/avatar\/294fb73a634bffd316e676654d145879.jpg?ver=1776970408\",\"contentUrl\":\"https:\/\/www.seteriemosconi.com\/wp-content\/litespeed\/avatar\/294fb73a634bffd316e676654d145879.jpg?ver=1776970408\",\"caption\":\"Gestione contenuti\"}}]}<\/script>\n<!-- \/ Yoast SEO plugin. -->","yoast_head_json":{"title":"Comment assortir une cravate aux v\u00eatements - Seterie Mosconi","description":"D\u00e9couvrez les secrets pour assortir une cravate \u00e0 un v\u00eatement : couleurs, motifs et astuces pour un look impeccable en toute occasion.","robots":{"index":"index","follow":"follow","max-snippet":"max-snippet:-1","max-image-preview":"max-image-preview:large","max-video-preview":"max-video-preview:-1"},"canonical":"https:\/\/www.seteriemosconi.com\/fr\/articles-blog\/comment-assortir-une-cravate-aux-vetements\/","og_locale":"fr_FR","og_type":"article","og_title":"Comment assortir une cravate aux v\u00eatements - Seterie Mosconi","og_description":"D\u00e9couvrez les secrets pour assortir une cravate \u00e0 un v\u00eatement : couleurs, motifs et astuces pour un look impeccable en toute occasion.","og_url":"https:\/\/www.seteriemosconi.com\/fr\/articles-blog\/comment-assortir-une-cravate-aux-vetements\/","og_site_name":"Seterie Mosconi","article_publisher":"https:\/\/www.facebook.com\/SeterieMosconi\/","article_published_time":"2022-10-15T15:16:00+00:00","article_modified_time":"2024-09-05T16:17:07+00:00","og_image":[{"width":1200,"height":1200,"url":"https:\/\/www.seteriemosconi.com\/wp-content\/uploads\/2022\/03\/cravatta-03-scalled.jpg","type":"image\/jpeg"}],"author":"Gestione contenuti","twitter_card":"summary_large_image","twitter_misc":{"\u00c9crit par":"Gestione contenuti","Dur\u00e9e de lecture estim\u00e9e":"4 minutes"},"schema":{"@context":"https:\/\/schema.org","@graph":[{"@type":"Article","@id":"https:\/\/www.seteriemosconi.com\/fr\/articles-blog\/comment-assortir-une-cravate-aux-vetements\/#article","isPartOf":{"@id":"https:\/\/www.seteriemosconi.com\/fr\/articles-blog\/comment-assortir-une-cravate-aux-vetements\/"},"author":{"name":"Gestione contenuti","@id":"https:\/\/www.seteriemosconi.com\/fr\/#\/schema\/person\/a7b87d19e24d1eada6f8c20f2f218cab"},"headline":"Comment assortir une cravate aux v\u00eatements","datePublished":"2022-10-15T15:16:00+00:00","dateModified":"2024-09-05T16:17:07+00:00","mainEntityOfPage":{"@id":"https:\/\/www.seteriemosconi.com\/fr\/articles-blog\/comment-assortir-une-cravate-aux-vetements\/"},"wordCount":881,"commentCount":0,"publisher":{"@id":"https:\/\/www.seteriemosconi.com\/fr\/#organization"},"keywords":["combinaisons","assortir la cravate"],"articleSection":["Articles blog FR"],"inLanguage":"fr-FR","potentialAction":[{"@type":"CommentAction","name":"Comment","target":["https:\/\/www.seteriemosconi.com\/fr\/articles-blog\/comment-assortir-une-cravate-aux-vetements\/#respond"]}]},{"@type":"WebPage","@id":"https:\/\/www.seteriemosconi.com\/fr\/articles-blog\/comment-assortir-une-cravate-aux-vetements\/","url":"https:\/\/www.seteriemosconi.com\/fr\/articles-blog\/comment-assortir-une-cravate-aux-vetements\/","name":"Comment assortir une cravate aux v\u00eatements - Seterie Mosconi","isPartOf":{"@id":"https:\/\/www.seteriemosconi.com\/fr\/#website"},"datePublished":"2022-10-15T15:16:00+00:00","dateModified":"2024-09-05T16:17:07+00:00","description":"D\u00e9couvrez les secrets pour assortir une cravate \u00e0 un v\u00eatement : couleurs, motifs et astuces pour un look impeccable en toute occasion.","breadcrumb":{"@id":"https:\/\/www.seteriemosconi.com\/fr\/articles-blog\/comment-assortir-une-cravate-aux-vetements\/#breadcrumb"},"inLanguage":"fr-FR","potentialAction":[{"@type":"ReadAction","target":["https:\/\/www.seteriemosconi.com\/fr\/articles-blog\/comment-assortir-une-cravate-aux-vetements\/"]}]},{"@type":"BreadcrumbList","@id":"https:\/\/www.seteriemosconi.com\/fr\/articles-blog\/comment-assortir-une-cravate-aux-vetements\/#breadcrumb","itemListElement":[{"@type":"ListItem","position":1,"name":"Home","item":"https:\/\/www.seteriemosconi.com\/fr\/"},{"@type":"ListItem","position":2,"name":"Comment assortir une cravate aux v\u00eatements"}]},{"@type":"WebSite","@id":"https:\/\/www.seteriemosconi.com\/fr\/#website","url":"https:\/\/www.seteriemosconi.com\/fr\/","name":"Seterie Mosconi","description":"","publisher":{"@id":"https:\/\/www.seteriemosconi.com\/fr\/#organization"},"alternateName":"Articoli promozionali per aziende","potentialAction":[{"@type":"SearchAction","target":{"@type":"EntryPoint","urlTemplate":"https:\/\/www.seteriemosconi.com\/fr\/?s={search_term_string}"},"query-input":{"@type":"PropertyValueSpecification","valueRequired":true,"valueName":"search_term_string"}}],"inLanguage":"fr-FR"},{"@type":"Organization","@id":"https:\/\/www.seteriemosconi.com\/fr\/#organization","name":"Seterie Mosconi","alternateName":"Articoli promozionali per aziende","url":"https:\/\/www.seteriemosconi.com\/fr\/","logo":{"@type":"ImageObject","inLanguage":"fr-FR","@id":"https:\/\/www.seteriemosconi.com\/fr\/#\/schema\/logo\/image\/","url":"https:\/\/www.seteriemosconi.com\/wp-content\/uploads\/2018\/01\/logo_mosconi-seteria.png","contentUrl":"https:\/\/www.seteriemosconi.com\/wp-content\/uploads\/2018\/01\/logo_mosconi-seteria.png","width":500,"height":148,"caption":"Seterie Mosconi"},"image":{"@id":"https:\/\/www.seteriemosconi.com\/fr\/#\/schema\/logo\/image\/"},"sameAs":["https:\/\/www.facebook.com\/SeterieMosconi\/","https:\/\/instagram.com\/seterie_mosconi","https:\/\/www.linkedin.com\/company\/seterie-mosconi-ties-and-scarves\/"]},{"@type":"Person","@id":"https:\/\/www.seteriemosconi.com\/fr\/#\/schema\/person\/a7b87d19e24d1eada6f8c20f2f218cab","name":"Gestione contenuti","image":{"@type":"ImageObject","inLanguage":"fr-FR","@id":"https:\/\/www.seteriemosconi.com\/fr\/#\/schema\/person\/image\/","url":"https:\/\/www.seteriemosconi.com\/wp-content\/litespeed\/avatar\/294fb73a634bffd316e676654d145879.jpg?ver=1776970408","contentUrl":"https:\/\/www.seteriemosconi.com\/wp-content\/litespeed\/avatar\/294fb73a634bffd316e676654d145879.jpg?ver=1776970408","caption":"Gestione contenuti"}}]}},"_links":{"self":[{"href":"https:\/\/www.seteriemosconi.com\/fr\/wp-json\/wp\/v2\/posts\/13001","targetHints":{"allow":["GET"]}}],"collection":[{"href":"https:\/\/www.seteriemosconi.com\/fr\/wp-json\/wp\/v2\/posts"}],"about":[{"href":"https:\/\/www.seteriemosconi.com\/fr\/wp-json\/wp\/v2\/types\/post"}],"author":[{"embeddable":true,"href":"https:\/\/www.seteriemosconi.com\/fr\/wp-json\/wp\/v2\/users\/2"}],"replies":[{"embeddable":true,"href":"https:\/\/www.seteriemosconi.com\/fr\/wp-json\/wp\/v2\/comments?post=13001"}],"version-history":[{"count":1,"href":"https:\/\/www.seteriemosconi.com\/fr\/wp-json\/wp\/v2\/posts\/13001\/revisions"}],"predecessor-version":[{"id":13005,"href":"https:\/\/www.seteriemosconi.com\/fr\/wp-json\/wp\/v2\/posts\/13001\/revisions\/13005"}],"wp:attachment":[{"href":"https:\/\/www.seteriemosconi.com\/fr\/wp-json\/wp\/v2\/media?parent=13001"}],"wp:term":[{"taxonomy":"category","embeddable":true,"href":"https:\/\/www.seteriemosconi.com\/fr\/wp-json\/wp\/v2\/categories?post=13001"},{"taxonomy":"post_tag","embeddable":true,"href":"https:\/\/www.seteriemosconi.com\/fr\/wp-json\/wp\/v2\/tags?post=13001"}],"curies":[{"name":"wp","href":"https:\/\/api.w.org\/{rel}","templated":true}]}}