{"id":13358,"date":"2024-09-26T10:49:23","date_gmt":"2024-09-26T09:49:23","guid":{"rendered":"https:\/\/www.seteriemosconi.com\/?p=13358"},"modified":"2024-09-12T11:40:03","modified_gmt":"2024-09-12T10:40:03","slug":"personnalisation-des-accessoires-dentreprise","status":"publish","type":"post","link":"https:\/\/www.seteriemosconi.com\/fr\/articles-blog\/personnalisation-des-accessoires-dentreprise\/","title":{"rendered":"L\u2019ABC du look d\u2019entreprise: le guide complet pour la personnalisation des accessoires"},"content":{"rendered":"\n<p>Dans le contexte professionnel actuel, la pr\u00e9sentation joue un r\u00f4le extr\u00eamement important. L\u2019image qu\u2019une entreprise projette ne se limite pas seulement \u00e0 ses produits et services, mais inclut \u00e9galement l\u2019apparence visuelle de l\u2019\u00e9quipe et des espaces de travail.<br>Les accessoires personnalis\u00e9s jouent un r\u00f4le fondamental dans la cr\u00e9ation d\u2019un look d\u2019entreprise coh\u00e9rent et professionnel, qui renforce non seulement l\u2019identit\u00e9 de la marque, mais contribue \u00e9galement \u00e0 am\u00e9liorer la perception de la valeur et la confiance des clients.<br>Cet article fournit un guide complet pour la personnalisation des accessoires d\u2019entreprise, offrant des conseils pratiques sur la mani\u00e8re de choisir et de personnaliser des cravates, foulards, \u00e9charpes et autres accessoires, afin qu\u2019ils refl\u00e8tent au mieux l\u2019image de votre entreprise.<br>De la s\u00e9lection des mat\u00e9riaux aux techniques de personnalisation, nous explorerons chaque aspect pour garantir que votre \u00e9quipe ait non seulement une apparence professionnelle, mais \u00e9galement coordonn\u00e9e et distinctive.<\/p>\n\n\n\n<h2 class=\"wp-block-heading\">L\u2019importance du look d\u2019entreprise: cr\u00e9er une image coh\u00e9rente et professionnelle<\/h2>\n\n\n\n<p>Le look d\u2019entreprise ne concerne pas seulement les v\u00eatements formels ou les uniformes, il s\u2019\u00e9tend \u00e0 tous les \u00e9l\u00e9ments visuels qui repr\u00e9sentent l\u2019entreprise.<br>Une pr\u00e9sentation soign\u00e9e et coh\u00e9rente renforce l\u2019identit\u00e9 de l\u2019entreprise et envoie un message clair et professionnel aux clients, partenaires et collaborateurs.<br>Une \u00e9quipe qui porte des accessoires coordonn\u00e9s et personnalis\u00e9s ne se contente pas d\u2019appara\u00eetre plus unie, elle communique \u00e9galement l\u2019engagement de l\u2019entreprise \u00e0 maintenir des normes \u00e9lev\u00e9es de qualit\u00e9 et d\u2019attention aux d\u00e9tails.<br>Un look d\u2019entreprise bien soign\u00e9 peut influencer positivement la perception que les clients ont de l\u2019entreprise. Lorsque tous les membres de l\u2019\u00e9quipe portent des accessoires refl\u00e9tant les couleurs et le logo de l\u2019entreprise, cela cr\u00e9e un sentiment de coh\u00e9sion et d\u2019appartenance, des \u00e9l\u00e9ments essentiels pour construire et maintenir une forte identit\u00e9 de marque. De plus, les accessoires personnalis\u00e9s peuvent diff\u00e9rencier l\u2019entreprise de la concurrence, laissant une impression durable aupr\u00e8s des clients et des partenaires commerciaux.<br>Une image coordonn\u00e9e est particuli\u00e8rement importante lors d\u2019\u00e9v\u00e9nements d\u2019entreprise, de salons, de conf\u00e9rences et de r\u00e9unions avec des clients.<br>Dans ces contextes, une \u00e9quipe qui se pr\u00e9sente avec un look uniforme et bien soign\u00e9, enrichi d\u2019accessoires personnalis\u00e9s, semble plus professionnelle et fiable. Cela peut se traduire par un plus grand respect et une meilleure consid\u00e9ration de la part des interlocuteurs, qui percevront l\u2019entreprise comme une entit\u00e9 bien organis\u00e9e et tourn\u00e9e vers le succ\u00e8s.<\/p>\n\n\n\n<h2 class=\"wp-block-heading\">Pourquoi personnaliser les accessoires d\u2019entreprise?<\/h2>\n\n\n\n<p>La personnalisation des accessoires d\u2019entreprise offre de nombreux avantages qui vont bien au-del\u00e0 de l\u2019aspect esth\u00e9tique.<br>Personnaliser des cravates, foulards, \u00e9charpes et autres accessoires avec le logo ou les couleurs de l\u2019entreprise renforce non seulement l\u2019identit\u00e9 de la marque, mais peut aussi am\u00e9liorer le moral de l\u2019\u00e9quipe et cr\u00e9er un sentiment d\u2019appartenance parmi les employ\u00e9s. De plus, des accessoires personnalis\u00e9s de haute qualit\u00e9 v\u00e9hiculent un message d\u2019attention aux d\u00e9tails et d\u2019excellence, des valeurs fondamentales pour toute entreprise.<\/p>\n\n\n\n<p><strong>Renforcer l\u2019identit\u00e9 de l\u2019entreprise<\/strong> : les accessoires personnalis\u00e9s deviennent une partie int\u00e9grante de la communication visuelle de l\u2019entreprise. Porter des accessoires avec le logo ou les couleurs de l\u2019entreprise cr\u00e9e une image unifi\u00e9e qui renforce la reconnaissance de la marque. Cela est particuli\u00e8rement important dans des contextes comme les salons ou les \u00e9v\u00e9nements publics, o\u00f9 il est crucial de se d\u00e9marquer de la concurrence et de rester grav\u00e9 dans l\u2019esprit des clients potentiels.<br><strong>Am\u00e9liorer le moral de l\u2019\u00e9quipe<\/strong> : porter des accessoires personnalis\u00e9s aide \u00e0 cr\u00e9er un sentiment d\u2019appartenance chez les employ\u00e9s, renfor\u00e7ant ainsi le lien avec l\u2019entreprise. Cela peut se traduire par une motivation et une coh\u00e9sion accrues au sein de l\u2019\u00e9quipe, des \u00e9l\u00e9ments qui peuvent \u00e0 leur tour am\u00e9liorer la productivit\u00e9 et l\u2019efficacit\u00e9. Une \u00e9quipe qui se sent partie prenante d\u2019un projet commun est plus susceptible de travailler avec passion et d\u00e9vouement.<br><strong>Communiquer les valeurs de l\u2019entreprise<\/strong> : les accessoires personnalis\u00e9s offrent une opportunit\u00e9 unique de communiquer les valeurs et la culture de l\u2019entreprise. \u00c0 travers le choix des mat\u00e9riaux, des couleurs et des designs, une entreprise peut exprimer sa philosophie et son approche des affaires. Par exemple, une entreprise ax\u00e9e sur la durabilit\u00e9 pourrait opter pour des accessoires fabriqu\u00e9s \u00e0 partir de mat\u00e9riaux \u00e9cologiques, tandis qu\u2019une marque de luxe pourrait choisir de la soie de haute qualit\u00e9 et des designs sophistiqu\u00e9s.<br><strong>Se diff\u00e9rencier de la concurrence<\/strong> : dans un march\u00e9 de plus en plus comp\u00e9titif, la diff\u00e9renciation est essentielle. Les accessoires personnalis\u00e9s permettent \u00e0 l\u2019entreprise de se d\u00e9marquer, en offrant une image unique et reconnaissable. Cela peut \u00eatre particuli\u00e8rement efficace dans des secteurs o\u00f9 l\u2019aspect visuel joue un r\u00f4le crucial dans la perception de la valeur, comme la mode, le design et l\u2019h\u00f4tellerie.<\/p>\n\n\n\n<h2 class=\"wp-block-heading\">Les accessoires cl\u00e9s pour un look d\u2019entreprise coordonn\u00e9<\/h2>\n\n\n\n<p>Pour cr\u00e9er un look d\u2019entreprise coordonn\u00e9 et professionnel, il est essentiel de s\u00e9lectionner soigneusement les accessoires qui compl\u00e9teront la tenue de l\u2019\u00e9quipe.<br>Parmi les plus importants, on trouve des cravates, foulards et \u00e9charpes, mais aussi d\u2019autres \u00e9l\u00e9ments comme des boutons de manchette, broches et ceintures qui peuvent contribuer \u00e0 une image coh\u00e9rente et raffin\u00e9e.<\/p>\n\n\n\n<p><strong>Cravates personnalis\u00e9es<\/strong> : les cravates sont un \u00e9l\u00e9ment essentiel de la garde-robe d\u2019entreprise, particuli\u00e8rement dans les environnements formels ou dans des contextes o\u00f9 la professionnalisme est crucial. Les cravates personnalis\u00e9es, avec le logo de l\u2019entreprise ou dans des couleurs institutionnelles, sont id\u00e9ales pour des \u00e9v\u00e9nements formels, des pr\u00e9sentations ou des r\u00e9unions avec des clients. La cravate ad\u00e9quate peut transformer un costume classique en symbole d\u2019\u00e9l\u00e9gance et de s\u00e9rieux.<br><strong>Foulards personnalis\u00e9s<\/strong> : les foulards apportent une touche d\u2019\u00e9l\u00e9gance et de polyvalence, particuli\u00e8rement appr\u00e9ci\u00e9s dans des environnements d\u2019entreprise o\u00f9 un look plus raffin\u00e9 est requis. Les foulards personnalis\u00e9s sont parfaits pour les femmes de l\u2019\u00e9quipe, mais peuvent \u00e9galement \u00eatre port\u00e9s par les hommes de mani\u00e8re cr\u00e9ative, par exemple comme accessoire pour les sacs ou comme d\u00e9coration pour la poche d\u2019une veste. Les foulards sont particuli\u00e8rement adapt\u00e9s aux \u00e9v\u00e9nements d\u2019entreprise, conf\u00e9rences ou salons, o\u00f9 ils ajoutent une touche distinctive et sophistiqu\u00e9e.<br><strong>\u00c9charpes personnalis\u00e9es<\/strong> : les \u00e9charpes sont un accessoire polyvalent, id\u00e9al pour les saisons plus froides ou pour ajouter un \u00e9l\u00e9ment de confort et de style au look d\u2019entreprise. Une \u00e9charpe personnalis\u00e9e non seulement garde au chaud, mais contribue aussi \u00e0 maintenir une image coordonn\u00e9e, surtout lors d\u2019\u00e9v\u00e9nements en plein air ou pendant des d\u00e9placements. Les \u00e9charpes peuvent \u00eatre r\u00e9alis\u00e9es dans divers mat\u00e9riaux, comme la laine, le cachemire ou la soie, selon les besoins saisonniers et l\u2019image que l\u2019on souhaite projeter.<\/p>\n\n\n\n<h2 class=\"wp-block-heading\">Comment personnaliser des cravates, foulards et \u00e9charpes?<\/h2>\n\n\n\n<p>La personnalisation des accessoires d\u2019entreprise n\u00e9cessite une planification minutieuse et le choix des bonnes options pour garantir un r\u00e9sultat final qui refl\u00e8te l\u2019identit\u00e9 de l\u2019entreprise.<br>Voici comment personnaliser des cravates, foulards et \u00e9charpes pour obtenir un look d\u2019entreprise distinctif et professionnel.<\/p>\n\n\n\n<h2 class=\"wp-block-heading\">Conclusion<\/h2>\n\n\n\n<p>La personnalisation des accessoires d\u2019entreprise repr\u00e9sente une opportunit\u00e9 unique pour renforcer l\u2019identit\u00e9 de la marque, am\u00e9liorer le moral de l\u2019\u00e9quipe et se diff\u00e9rencier de la concurrence. Cravates, foulards, \u00e9charpes et autres accessoires personnalis\u00e9s ne sont pas seulement des \u00e9l\u00e9ments esth\u00e9tiques, mais des outils de communication visuelle qui transmettent professionnalisme, attention aux d\u00e9tails et coh\u00e9sion d\u2019entreprise.<br>Avec Seterie Mosconi, vous pouvez compter sur un partenaire expert et fiable, capable de vous offrir des solutions personnalis\u00e9es de la plus haute qualit\u00e9.<br>Contactez-nous d\u00e8s aujourd\u2019hui pour d\u00e9couvrir comment nous pouvons vous aider \u00e0 cr\u00e9er des accessoires d\u2019entreprise personnalis\u00e9s qui feront la diff\u00e9rence.<br>Nos experts sont \u00e0 votre disposition pour vous offrir un conseil sur mesure et vous guider dans le choix des options les plus adapt\u00e9es \u00e0 vos besoins.<\/p>\n\n\n\n<p><a href=\"https:\/\/www.seteriemosconi.com\/fr\/devis-cravates-sur-mesure\/\"><strong>Demandez un devis<\/strong><\/a><strong> | <\/strong><a href=\"https:\/\/www.seteriemosconi.com\/fr\/categorie\/blog-fr\/\"><strong>Visitez notre blog<\/strong><\/a><\/p>\n","protected":false},"excerpt":{"rendered":"<p>Dans le contexte professionnel actuel, la pr\u00e9sentation joue un r\u00f4le extr\u00eamement important. L\u2019image qu\u2019une entreprise projette ne se limite pas seulement \u00e0 ses produits et services, mais inclut \u00e9galement l\u2019apparence visuelle de l\u2019\u00e9quipe et des espaces de travail.Les accessoires personnalis\u00e9s jouent un r\u00f4le fondamental dans la cr\u00e9ation d\u2019un look d\u2019entreprise coh\u00e9rent et professionnel, qui renforce [&hellip;]<\/p>\n","protected":false},"author":2,"featured_media":10537,"comment_status":"closed","ping_status":"closed","sticky":false,"template":"","format":"standard","meta":{"_acf_changed":false,"footnotes":""},"categories":[109],"tags":[267,303],"class_list":["post-13358","post","type-post","status-publish","format-standard","has-post-thumbnail","hentry","category-articles-blog","tag-vetements-dentreprise","tag-accessoires-dentreprise"],"acf":[],"yoast_head":"<!-- This site is optimized with the Yoast SEO plugin v24.6 - https:\/\/yoast.com\/wordpress\/plugins\/seo\/ -->\n<title>L\u2019ABC du look d\u2019entreprise: le guide complet pour la personnalisation des accessoires - Seterie Mosconi<\/title>\n<meta name=\"description\" content=\"D\u00e9couvrez la qualit\u00e9 Made in Italy de Seterie Mosconi. L\u2019ABC du look d\u2019entreprise: le guide complet pour la personnalisation des accessoires\" \/>\n<meta name=\"robots\" content=\"index, follow, max-snippet:-1, max-image-preview:large, max-video-preview:-1\" \/>\n<link rel=\"canonical\" href=\"https:\/\/www.seteriemosconi.com\/fr\/articles-blog\/personnalisation-des-accessoires-dentreprise\/\" \/>\n<meta property=\"og:locale\" content=\"fr_FR\" \/>\n<meta property=\"og:type\" content=\"article\" \/>\n<meta property=\"og:title\" content=\"L\u2019ABC du look d\u2019entreprise: le guide complet pour la personnalisation des accessoires - Seterie Mosconi\" \/>\n<meta property=\"og:description\" content=\"D\u00e9couvrez la qualit\u00e9 Made in Italy de Seterie Mosconi. L\u2019ABC du look d\u2019entreprise: le guide complet pour la personnalisation des accessoires\" \/>\n<meta property=\"og:url\" content=\"https:\/\/www.seteriemosconi.com\/fr\/articles-blog\/personnalisation-des-accessoires-dentreprise\/\" \/>\n<meta property=\"og:site_name\" content=\"Seterie Mosconi\" \/>\n<meta property=\"article:publisher\" content=\"https:\/\/www.facebook.com\/SeterieMosconi\/\" \/>\n<meta property=\"article:published_time\" content=\"2024-09-26T09:49:23+00:00\" \/>\n<meta property=\"og:image\" content=\"https:\/\/www.seteriemosconi.com\/wp-content\/uploads\/2021\/10\/161886459_292146912469520_7372024179709509808_n.jpg\" \/>\n\t<meta property=\"og:image:width\" content=\"1891\" \/>\n\t<meta property=\"og:image:height\" content=\"1512\" \/>\n\t<meta property=\"og:image:type\" content=\"image\/jpeg\" \/>\n<meta name=\"author\" content=\"Gestione contenuti\" \/>\n<meta name=\"twitter:card\" content=\"summary_large_image\" \/>\n<meta name=\"twitter:label1\" content=\"\u00c9crit par\" \/>\n\t<meta name=\"twitter:data1\" content=\"Gestione contenuti\" \/>\n\t<meta name=\"twitter:label2\" content=\"Dur\u00e9e de lecture estim\u00e9e\" \/>\n\t<meta name=\"twitter:data2\" content=\"7 minutes\" \/>\n<script type=\"application\/ld+json\" class=\"yoast-schema-graph\">{\"@context\":\"https:\/\/schema.org\",\"@graph\":[{\"@type\":\"Article\",\"@id\":\"https:\/\/www.seteriemosconi.com\/fr\/articles-blog\/personnalisation-des-accessoires-dentreprise\/#article\",\"isPartOf\":{\"@id\":\"https:\/\/www.seteriemosconi.com\/fr\/articles-blog\/personnalisation-des-accessoires-dentreprise\/\"},\"author\":{\"name\":\"Gestione contenuti\",\"@id\":\"https:\/\/www.seteriemosconi.com\/fr\/#\/schema\/person\/a7b87d19e24d1eada6f8c20f2f218cab\"},\"headline\":\"L\u2019ABC du look d\u2019entreprise: le guide complet pour la personnalisation des accessoires\",\"datePublished\":\"2024-09-26T09:49:23+00:00\",\"mainEntityOfPage\":{\"@id\":\"https:\/\/www.seteriemosconi.com\/fr\/articles-blog\/personnalisation-des-accessoires-dentreprise\/\"},\"wordCount\":1438,\"publisher\":{\"@id\":\"https:\/\/www.seteriemosconi.com\/fr\/#organization\"},\"image\":{\"@id\":\"https:\/\/www.seteriemosconi.com\/fr\/articles-blog\/personnalisation-des-accessoires-dentreprise\/#primaryimage\"},\"thumbnailUrl\":\"https:\/\/www.seteriemosconi.com\/wp-content\/uploads\/2021\/10\/161886459_292146912469520_7372024179709509808_n.jpg\",\"keywords\":[\"v\u00eatements d&#039;entreprise\",\"accessoires d&#039;entreprise\"],\"articleSection\":[\"Articles blog FR\"],\"inLanguage\":\"fr-FR\"},{\"@type\":\"WebPage\",\"@id\":\"https:\/\/www.seteriemosconi.com\/fr\/articles-blog\/personnalisation-des-accessoires-dentreprise\/\",\"url\":\"https:\/\/www.seteriemosconi.com\/fr\/articles-blog\/personnalisation-des-accessoires-dentreprise\/\",\"name\":\"L\u2019ABC du look d\u2019entreprise: le guide complet pour la personnalisation des accessoires - Seterie Mosconi\",\"isPartOf\":{\"@id\":\"https:\/\/www.seteriemosconi.com\/fr\/#website\"},\"primaryImageOfPage\":{\"@id\":\"https:\/\/www.seteriemosconi.com\/fr\/articles-blog\/personnalisation-des-accessoires-dentreprise\/#primaryimage\"},\"image\":{\"@id\":\"https:\/\/www.seteriemosconi.com\/fr\/articles-blog\/personnalisation-des-accessoires-dentreprise\/#primaryimage\"},\"thumbnailUrl\":\"https:\/\/www.seteriemosconi.com\/wp-content\/uploads\/2021\/10\/161886459_292146912469520_7372024179709509808_n.jpg\",\"datePublished\":\"2024-09-26T09:49:23+00:00\",\"description\":\"D\u00e9couvrez la qualit\u00e9 Made in Italy de Seterie Mosconi. L\u2019ABC du look d\u2019entreprise: le guide complet pour la personnalisation des accessoires\",\"breadcrumb\":{\"@id\":\"https:\/\/www.seteriemosconi.com\/fr\/articles-blog\/personnalisation-des-accessoires-dentreprise\/#breadcrumb\"},\"inLanguage\":\"fr-FR\",\"potentialAction\":[{\"@type\":\"ReadAction\",\"target\":[\"https:\/\/www.seteriemosconi.com\/fr\/articles-blog\/personnalisation-des-accessoires-dentreprise\/\"]}]},{\"@type\":\"ImageObject\",\"inLanguage\":\"fr-FR\",\"@id\":\"https:\/\/www.seteriemosconi.com\/fr\/articles-blog\/personnalisation-des-accessoires-dentreprise\/#primaryimage\",\"url\":\"https:\/\/www.seteriemosconi.com\/wp-content\/uploads\/2021\/10\/161886459_292146912469520_7372024179709509808_n.jpg\",\"contentUrl\":\"https:\/\/www.seteriemosconi.com\/wp-content\/uploads\/2021\/10\/161886459_292146912469520_7372024179709509808_n.jpg\",\"width\":1891,\"height\":1512},{\"@type\":\"BreadcrumbList\",\"@id\":\"https:\/\/www.seteriemosconi.com\/fr\/articles-blog\/personnalisation-des-accessoires-dentreprise\/#breadcrumb\",\"itemListElement\":[{\"@type\":\"ListItem\",\"position\":1,\"name\":\"Home\",\"item\":\"https:\/\/www.seteriemosconi.com\/fr\/\"},{\"@type\":\"ListItem\",\"position\":2,\"name\":\"L\u2019ABC du look d\u2019entreprise: le guide complet pour la personnalisation des accessoires\"}]},{\"@type\":\"WebSite\",\"@id\":\"https:\/\/www.seteriemosconi.com\/fr\/#website\",\"url\":\"https:\/\/www.seteriemosconi.com\/fr\/\",\"name\":\"Seterie Mosconi\",\"description\":\"\",\"publisher\":{\"@id\":\"https:\/\/www.seteriemosconi.com\/fr\/#organization\"},\"alternateName\":\"Articoli promozionali per aziende\",\"potentialAction\":[{\"@type\":\"SearchAction\",\"target\":{\"@type\":\"EntryPoint\",\"urlTemplate\":\"https:\/\/www.seteriemosconi.com\/fr\/?s={search_term_string}\"},\"query-input\":{\"@type\":\"PropertyValueSpecification\",\"valueRequired\":true,\"valueName\":\"search_term_string\"}}],\"inLanguage\":\"fr-FR\"},{\"@type\":\"Organization\",\"@id\":\"https:\/\/www.seteriemosconi.com\/fr\/#organization\",\"name\":\"Seterie Mosconi\",\"alternateName\":\"Articoli promozionali per aziende\",\"url\":\"https:\/\/www.seteriemosconi.com\/fr\/\",\"logo\":{\"@type\":\"ImageObject\",\"inLanguage\":\"fr-FR\",\"@id\":\"https:\/\/www.seteriemosconi.com\/fr\/#\/schema\/logo\/image\/\",\"url\":\"https:\/\/www.seteriemosconi.com\/wp-content\/uploads\/2018\/01\/logo_mosconi-seteria.png\",\"contentUrl\":\"https:\/\/www.seteriemosconi.com\/wp-content\/uploads\/2018\/01\/logo_mosconi-seteria.png\",\"width\":500,\"height\":148,\"caption\":\"Seterie Mosconi\"},\"image\":{\"@id\":\"https:\/\/www.seteriemosconi.com\/fr\/#\/schema\/logo\/image\/\"},\"sameAs\":[\"https:\/\/www.facebook.com\/SeterieMosconi\/\",\"https:\/\/instagram.com\/seterie_mosconi\",\"https:\/\/www.linkedin.com\/company\/seterie-mosconi-ties-and-scarves\/\"]},{\"@type\":\"Person\",\"@id\":\"https:\/\/www.seteriemosconi.com\/fr\/#\/schema\/person\/a7b87d19e24d1eada6f8c20f2f218cab\",\"name\":\"Gestione contenuti\",\"image\":{\"@type\":\"ImageObject\",\"inLanguage\":\"fr-FR\",\"@id\":\"https:\/\/www.seteriemosconi.com\/fr\/#\/schema\/person\/image\/\",\"url\":\"https:\/\/www.seteriemosconi.com\/wp-content\/litespeed\/avatar\/294fb73a634bffd316e676654d145879.jpg?ver=1777575318\",\"contentUrl\":\"https:\/\/www.seteriemosconi.com\/wp-content\/litespeed\/avatar\/294fb73a634bffd316e676654d145879.jpg?ver=1777575318\",\"caption\":\"Gestione contenuti\"}}]}<\/script>\n<!-- \/ Yoast SEO plugin. -->","yoast_head_json":{"title":"L\u2019ABC du look d\u2019entreprise: le guide complet pour la personnalisation des accessoires - Seterie Mosconi","description":"D\u00e9couvrez la qualit\u00e9 Made in Italy de Seterie Mosconi. L\u2019ABC du look d\u2019entreprise: le guide complet pour la personnalisation des accessoires","robots":{"index":"index","follow":"follow","max-snippet":"max-snippet:-1","max-image-preview":"max-image-preview:large","max-video-preview":"max-video-preview:-1"},"canonical":"https:\/\/www.seteriemosconi.com\/fr\/articles-blog\/personnalisation-des-accessoires-dentreprise\/","og_locale":"fr_FR","og_type":"article","og_title":"L\u2019ABC du look d\u2019entreprise: le guide complet pour la personnalisation des accessoires - Seterie Mosconi","og_description":"D\u00e9couvrez la qualit\u00e9 Made in Italy de Seterie Mosconi. L\u2019ABC du look d\u2019entreprise: le guide complet pour la personnalisation des accessoires","og_url":"https:\/\/www.seteriemosconi.com\/fr\/articles-blog\/personnalisation-des-accessoires-dentreprise\/","og_site_name":"Seterie Mosconi","article_publisher":"https:\/\/www.facebook.com\/SeterieMosconi\/","article_published_time":"2024-09-26T09:49:23+00:00","og_image":[{"width":1891,"height":1512,"url":"https:\/\/www.seteriemosconi.com\/wp-content\/uploads\/2021\/10\/161886459_292146912469520_7372024179709509808_n.jpg","type":"image\/jpeg"}],"author":"Gestione contenuti","twitter_card":"summary_large_image","twitter_misc":{"\u00c9crit par":"Gestione contenuti","Dur\u00e9e de lecture estim\u00e9e":"7 minutes"},"schema":{"@context":"https:\/\/schema.org","@graph":[{"@type":"Article","@id":"https:\/\/www.seteriemosconi.com\/fr\/articles-blog\/personnalisation-des-accessoires-dentreprise\/#article","isPartOf":{"@id":"https:\/\/www.seteriemosconi.com\/fr\/articles-blog\/personnalisation-des-accessoires-dentreprise\/"},"author":{"name":"Gestione contenuti","@id":"https:\/\/www.seteriemosconi.com\/fr\/#\/schema\/person\/a7b87d19e24d1eada6f8c20f2f218cab"},"headline":"L\u2019ABC du look d\u2019entreprise: le guide complet pour la personnalisation des accessoires","datePublished":"2024-09-26T09:49:23+00:00","mainEntityOfPage":{"@id":"https:\/\/www.seteriemosconi.com\/fr\/articles-blog\/personnalisation-des-accessoires-dentreprise\/"},"wordCount":1438,"publisher":{"@id":"https:\/\/www.seteriemosconi.com\/fr\/#organization"},"image":{"@id":"https:\/\/www.seteriemosconi.com\/fr\/articles-blog\/personnalisation-des-accessoires-dentreprise\/#primaryimage"},"thumbnailUrl":"https:\/\/www.seteriemosconi.com\/wp-content\/uploads\/2021\/10\/161886459_292146912469520_7372024179709509808_n.jpg","keywords":["v\u00eatements d&#039;entreprise","accessoires d&#039;entreprise"],"articleSection":["Articles blog FR"],"inLanguage":"fr-FR"},{"@type":"WebPage","@id":"https:\/\/www.seteriemosconi.com\/fr\/articles-blog\/personnalisation-des-accessoires-dentreprise\/","url":"https:\/\/www.seteriemosconi.com\/fr\/articles-blog\/personnalisation-des-accessoires-dentreprise\/","name":"L\u2019ABC du look d\u2019entreprise: le guide complet pour la personnalisation des accessoires - Seterie Mosconi","isPartOf":{"@id":"https:\/\/www.seteriemosconi.com\/fr\/#website"},"primaryImageOfPage":{"@id":"https:\/\/www.seteriemosconi.com\/fr\/articles-blog\/personnalisation-des-accessoires-dentreprise\/#primaryimage"},"image":{"@id":"https:\/\/www.seteriemosconi.com\/fr\/articles-blog\/personnalisation-des-accessoires-dentreprise\/#primaryimage"},"thumbnailUrl":"https:\/\/www.seteriemosconi.com\/wp-content\/uploads\/2021\/10\/161886459_292146912469520_7372024179709509808_n.jpg","datePublished":"2024-09-26T09:49:23+00:00","description":"D\u00e9couvrez la qualit\u00e9 Made in Italy de Seterie Mosconi. L\u2019ABC du look d\u2019entreprise: le guide complet pour la personnalisation des accessoires","breadcrumb":{"@id":"https:\/\/www.seteriemosconi.com\/fr\/articles-blog\/personnalisation-des-accessoires-dentreprise\/#breadcrumb"},"inLanguage":"fr-FR","potentialAction":[{"@type":"ReadAction","target":["https:\/\/www.seteriemosconi.com\/fr\/articles-blog\/personnalisation-des-accessoires-dentreprise\/"]}]},{"@type":"ImageObject","inLanguage":"fr-FR","@id":"https:\/\/www.seteriemosconi.com\/fr\/articles-blog\/personnalisation-des-accessoires-dentreprise\/#primaryimage","url":"https:\/\/www.seteriemosconi.com\/wp-content\/uploads\/2021\/10\/161886459_292146912469520_7372024179709509808_n.jpg","contentUrl":"https:\/\/www.seteriemosconi.com\/wp-content\/uploads\/2021\/10\/161886459_292146912469520_7372024179709509808_n.jpg","width":1891,"height":1512},{"@type":"BreadcrumbList","@id":"https:\/\/www.seteriemosconi.com\/fr\/articles-blog\/personnalisation-des-accessoires-dentreprise\/#breadcrumb","itemListElement":[{"@type":"ListItem","position":1,"name":"Home","item":"https:\/\/www.seteriemosconi.com\/fr\/"},{"@type":"ListItem","position":2,"name":"L\u2019ABC du look d\u2019entreprise: le guide complet pour la personnalisation des accessoires"}]},{"@type":"WebSite","@id":"https:\/\/www.seteriemosconi.com\/fr\/#website","url":"https:\/\/www.seteriemosconi.com\/fr\/","name":"Seterie Mosconi","description":"","publisher":{"@id":"https:\/\/www.seteriemosconi.com\/fr\/#organization"},"alternateName":"Articoli promozionali per aziende","potentialAction":[{"@type":"SearchAction","target":{"@type":"EntryPoint","urlTemplate":"https:\/\/www.seteriemosconi.com\/fr\/?s={search_term_string}"},"query-input":{"@type":"PropertyValueSpecification","valueRequired":true,"valueName":"search_term_string"}}],"inLanguage":"fr-FR"},{"@type":"Organization","@id":"https:\/\/www.seteriemosconi.com\/fr\/#organization","name":"Seterie Mosconi","alternateName":"Articoli promozionali per aziende","url":"https:\/\/www.seteriemosconi.com\/fr\/","logo":{"@type":"ImageObject","inLanguage":"fr-FR","@id":"https:\/\/www.seteriemosconi.com\/fr\/#\/schema\/logo\/image\/","url":"https:\/\/www.seteriemosconi.com\/wp-content\/uploads\/2018\/01\/logo_mosconi-seteria.png","contentUrl":"https:\/\/www.seteriemosconi.com\/wp-content\/uploads\/2018\/01\/logo_mosconi-seteria.png","width":500,"height":148,"caption":"Seterie Mosconi"},"image":{"@id":"https:\/\/www.seteriemosconi.com\/fr\/#\/schema\/logo\/image\/"},"sameAs":["https:\/\/www.facebook.com\/SeterieMosconi\/","https:\/\/instagram.com\/seterie_mosconi","https:\/\/www.linkedin.com\/company\/seterie-mosconi-ties-and-scarves\/"]},{"@type":"Person","@id":"https:\/\/www.seteriemosconi.com\/fr\/#\/schema\/person\/a7b87d19e24d1eada6f8c20f2f218cab","name":"Gestione contenuti","image":{"@type":"ImageObject","inLanguage":"fr-FR","@id":"https:\/\/www.seteriemosconi.com\/fr\/#\/schema\/person\/image\/","url":"https:\/\/www.seteriemosconi.com\/wp-content\/litespeed\/avatar\/294fb73a634bffd316e676654d145879.jpg?ver=1777575318","contentUrl":"https:\/\/www.seteriemosconi.com\/wp-content\/litespeed\/avatar\/294fb73a634bffd316e676654d145879.jpg?ver=1777575318","caption":"Gestione contenuti"}}]}},"_links":{"self":[{"href":"https:\/\/www.seteriemosconi.com\/fr\/wp-json\/wp\/v2\/posts\/13358","targetHints":{"allow":["GET"]}}],"collection":[{"href":"https:\/\/www.seteriemosconi.com\/fr\/wp-json\/wp\/v2\/posts"}],"about":[{"href":"https:\/\/www.seteriemosconi.com\/fr\/wp-json\/wp\/v2\/types\/post"}],"author":[{"embeddable":true,"href":"https:\/\/www.seteriemosconi.com\/fr\/wp-json\/wp\/v2\/users\/2"}],"replies":[{"embeddable":true,"href":"https:\/\/www.seteriemosconi.com\/fr\/wp-json\/wp\/v2\/comments?post=13358"}],"version-history":[{"count":1,"href":"https:\/\/www.seteriemosconi.com\/fr\/wp-json\/wp\/v2\/posts\/13358\/revisions"}],"predecessor-version":[{"id":13359,"href":"https:\/\/www.seteriemosconi.com\/fr\/wp-json\/wp\/v2\/posts\/13358\/revisions\/13359"}],"wp:featuredmedia":[{"embeddable":true,"href":"https:\/\/www.seteriemosconi.com\/fr\/wp-json\/wp\/v2\/media\/10537"}],"wp:attachment":[{"href":"https:\/\/www.seteriemosconi.com\/fr\/wp-json\/wp\/v2\/media?parent=13358"}],"wp:term":[{"taxonomy":"category","embeddable":true,"href":"https:\/\/www.seteriemosconi.com\/fr\/wp-json\/wp\/v2\/categories?post=13358"},{"taxonomy":"post_tag","embeddable":true,"href":"https:\/\/www.seteriemosconi.com\/fr\/wp-json\/wp\/v2\/tags?post=13358"}],"curies":[{"name":"wp","href":"https:\/\/api.w.org\/{rel}","templated":true}]}}