{"id":13389,"date":"2024-01-02T11:45:13","date_gmt":"2024-01-02T10:45:13","guid":{"rendered":"https:\/\/www.seteriemosconi.com\/blog-fr\/tendenze-emergenti-nel-mondo-delle-cravatte-cosa-ci-riserva-il-2024\/"},"modified":"2024-09-13T14:30:16","modified_gmt":"2024-09-13T13:30:16","slug":"tendances-emergentes-dans-le-monde-des-cravates-ce-que-nous-reserve-2024","status":"publish","type":"post","link":"https:\/\/www.seteriemosconi.com\/fr\/articles-blog\/tendances-emergentes-dans-le-monde-des-cravates-ce-que-nous-reserve-2024\/","title":{"rendered":"Tendances \u00e9mergentes dans le monde des cravates : ce que nous r\u00e9serve 2024"},"content":{"rendered":"\n<p class=\"uk-text-lead uk-dropcap\">Le 2024 s\u2019annonce comme une ann\u00e9e d\u2019<strong>\u00e9volution significative dans le monde des cravates<\/strong>. Cet accessoire, essentiel dans la garde-robe masculine, continue d\u2019\u00e9voluer, fusionnant habilement tradition et innovation.\u00a0<\/p>\n\n\n\n<p>L\u2019ann\u00e9e promet d\u2019apporter de <strong>nouveaux styles, mat\u00e9riaux et approches<\/strong> \u00e0 la mode des cravates, refl\u00e9tant les changements dans la culture de la mode et la sensibilit\u00e9 stylistique.<\/p>\n\n\n\n<h2 class=\"wp-block-heading\">Nouveaux mat\u00e9riaux et textures : durabilit\u00e9 et innovation chez Seterie Mosconi<\/h2>\n\n\n\n<p>En 2024, l\u2019adoption de mat\u00e9riaux durables et innovants est une tendance dominante dans le monde de la mode, en particulier dans le secteur des cravates.<\/p>\n\n\n\n<p><strong>Seterie Mosconi<\/strong>, toujours attentive aux questions \u00e9cologiques et \u00e0 l\u2019impact environnemental, est \u00e0 la pointe de la r\u00e9volution des tissus \u00e9co-compatibles.<\/p>\n\n\n\n<p>Seterie Mosconi <strong>red\u00e9finit le concept d\u2019\u00e9l\u00e9gance<\/strong> \u00e0 travers l\u2019utilisation de mat\u00e9riaux \u00e9cologiques tels que la soie organique, le lin recycl\u00e9 et les fibres de bambou.<\/p>\n\n\n\n<p>Ces tissus r\u00e9duisent non seulement l\u2019impact environnemental, mais maintiennent \u00e9galement les normes \u00e9lev\u00e9es de qualit\u00e9 et de style qui distinguent la marque.<\/p>\n\n\n\n<p>L\u2019entreprise est particuli\u00e8rement consciente du fait que 80 % de l\u2019impact environnemental d\u2019un produit provient de sa conception, elle s\u2019engage donc \u00e0 int\u00e9grer ces mat\u00e9riaux durables \u00e0 toutes les \u00e9tapes de la production de ses cravates.<\/p>\n\n\n\n<p class=\"has-text-align-center\"><strong>LIRE AUSSI : <a href=\"https:\/\/www.seteriemosconi.com\/fr\/blog-fr\/meilleures-cravates-de-tailleur-pour-les-entreprises-de-seterie-mosconi\/\">Meilleures cravates de tailleur pour les entreprises de Seterie Mosconi<\/a><\/strong><\/p>\n\n\n\n<h3 class=\"wp-block-heading\">Textures surprenantes et responsables<\/h3>\n\n\n\n<p>Les textures sont un autre aspect cl\u00e9 des collections de Seterie Mosconi pour 2024.<\/p>\n\n\n\n<p>En plus des mat\u00e9riaux \u00e9cologiques, l\u2019entreprise innove avec des textures plus audacieuses et d\u00e9finies. Des mat\u00e9riaux comme <strong>le tweed, la laine \u00e9paisse et la soie brute<\/strong>, s\u00e9lectionn\u00e9s pour leur capacit\u00e9 \u00e0 ajouter de la profondeur et du caract\u00e8re, sont \u00e9galement choisis pour leurs propri\u00e9t\u00e9s \u00e9cologiques.<\/p>\n\n\n\n<p>Par exemple, <a href=\"https:\/\/www.seteriemosconi.com\/fr\/production-cravates-foulards-et-echarpes-personnalises\/fibres-et-tissus-ecologiques\/\">Seterie Mosconi utilise du polyester recycl\u00e9, de la laine et de la soie biologique<\/a>, produits sans substances nocives pour l\u2019environnement, de la culture \u00e0 la teinture.<\/p>\n\n\n\n<p>Ces textures conf\u00e8rent non seulement un aspect visuel unique mais contribuent \u00e9galement \u00e0 cr\u00e9er un look plus structur\u00e9 et d\u00e9fini, tout en <strong>respectant l\u2019environnement<\/strong>.<\/p>\n\n\n\n<p>Dans cette nouvelle \u00e8re de la mode, Seterie Mosconi d\u00e9montre qu\u2019il est possible d\u2019allier style, innovation et responsabilit\u00e9 environnementale, en proposant des cravates \u00e0 la fois belles, durables et respectueuses de la plan\u00e8te.<\/p>\n\n\n\n<p class=\"has-text-align-center\"><strong>LIRE AUSSI : <a href=\"https:\/\/www.seteriemosconi.com\/fr\/articles-blog\/tissus-recycles-dans-les-vetements-un-pas-vers-une-mode-plus-durable\/\">Tissus recycl\u00e9s dans les v\u00eatements : un pas vers une mode plus durable<\/a><\/strong><\/p>\n\n\n\n<h2 class=\"wp-block-heading\">Couleurs et motifs dans le monde des cravates pour 2024<\/h2>\n\n\n\n<p>Le 2024 s\u2019annonce comme une ann\u00e9e <strong>de changements et de classiques renouvel\u00e9s<\/strong> dans le monde du design des cravates. Tant dans l\u2019utilisation des couleurs que dans les motifs, nous attendons des tendances qui red\u00e9finissent les fronti\u00e8res de la mode des cravates.<\/p>\n\n\n\n<h3 class=\"wp-block-heading\">Couleurs in\u00e9dites<\/h3>\n\n\n\n<p>Le 2024 marque un tournant d\u00e9cisif vers l\u2019audace dans les couleurs des cravates.<\/p>\n\n\n\n<p><strong>Des couleurs vives et des tons pastel<\/strong> \u00e9mergent comme protagonistes, offrant des moyens expressifs et cr\u00e9atifs de compl\u00e9ter une tenue.<\/p>\n\n\n\n<p>Des teintes comme le bleu ciel, le vert menthe et le corail seront particuli\u00e8rement \u00e0 la mode, apportant un sentiment de fra\u00eecheur et de jeunesse. Ces couleurs vives sont parfaites pour des occasions moins formelles ou comme d\u00e9clarations de style audacieuses dans des contextes plus traditionnels, permettant \u00e0 celui qui les porte d\u2019<strong>exprimer sa personnalit\u00e9<\/strong> \u00e0 travers son accessoire le plus distinctif.<\/p>\n\n\n\n<h3 class=\"wp-block-heading\">Retour aux classiques<\/h3>\n\n\n\n<p>Malgr\u00e9 l\u2019\u00e9lan vers des couleurs plus vives, les classiques conservent leur place au c\u0153ur de la mode des cravates.<\/p>\n\n\n\n<p>Des couleurs traditionnelles comme <strong>le bleu marine, le gris anthracite et le bordeaux<\/strong> continuent d\u2019\u00eatre des choix actuels pour leur \u00e9l\u00e9gance intemporelle et leur polyvalence. Ces couleurs sont id\u00e9ales pour les environnements formels et pour ceux qui pr\u00e9f\u00e8rent une approche plus sobre et traditionnelle de la mode. Leur capacit\u00e9 \u00e0 s\u2019adapter \u00e0 une large gamme de tenues et d\u2019occasions en fait un <strong>incontournable dans toute collection de cravates<\/strong>.<\/p>\n\n\n\n<h3 class=\"wp-block-heading\">Motifs innovants<\/h3>\n\n\n\n<p>Les motifs des cravates en 2024 vont au-del\u00e0 des limites impos\u00e9es par la tradition, introduisant des designs \u00e0 la fois innovants et captivants.<\/p>\n\n\n\n<p>En plus des <strong>motifs classiques \u00e0 rayures et \u00e0 pois<\/strong>, des motifs g\u00e9om\u00e9triques, abstraits et m\u00eame des illustrations artistiques s\u2019imposent par leur originalit\u00e9. Ces <strong>designs non conventionnels<\/strong> offrent un moyen unique d\u2019ajouter une touche d\u2019excentricit\u00e9 et de surprise \u00e0 chaque look.<\/p>\n\n\n\n<p>Qu\u2019il s\u2019agisse d\u2019un motif g\u00e9om\u00e9trique ou d\u2019un design abstrait inspir\u00e9 de l\u2019art moderne, ces cravates sont destin\u00e9es \u00e0 se d\u00e9marquer.<\/p>\n\n\n\n<h2 class=\"wp-block-heading\">La fonction des cravates en 2024<\/h2>\n\n\n\n<p>En 2024, les cravates \u00e9voluent au-del\u00e0 de leur r\u00f4le traditionnel, assumant une nouvelle importance dans le monde de la mode.<\/p>\n\n\n\n<p>Elles ne sont plus seulement un compl\u00e9ment au costume, mais deviennent un <strong>\u00e9l\u00e9ment cl\u00e9 pour exprimer le style personnel<\/strong> et le go\u00fbt individuel.<\/p>\n\n\n\n<h3 class=\"wp-block-heading\">L\u2019accessoire qui vaut une d\u00e9claration<\/h3>\n\n\n\n<p>Les cravates servent de v\u00e9ritables d\u00e9clarations de style.<\/p>\n\n\n\n<p><strong>Chaque cravate peut raconter une histoire<\/strong>, refl\u00e9ter une humeur ou m\u00eame souligner une attitude personnelle envers la mode. Qu\u2019il s\u2019agisse d\u2019un mod\u00e8le original et color\u00e9 pour une soir\u00e9e mondaine, ou d\u2019un design plus sobre pour l\u2019environnement de travail, <strong>la cravate devient un point focal de l\u2019ensemble de la tenue<\/strong>, captant l\u2019attention et communiquant sans besoin de mots le style personnel de celui qui la porte.<\/p>\n\n\n\n<h3 class=\"wp-block-heading\">Polyvalence et adaptabilit\u00e9<\/h3>\n\n\n\n<p>La polyvalence est un autre aspect fondamental des cravates.<\/p>\n\n\n\n<p>Elles s\u2019adaptent parfaitement <strong>tant aux contextes formels qu\u2019\u00e0 ceux plus d\u00e9contract\u00e9s<\/strong>, en faisant un accessoire extr\u00eamement flexible. Cette polyvalence se manifeste dans le choix des mat\u00e9riaux, des couleurs et des motifs. Des mat\u00e9riaux innovants et des textures int\u00e9ressantes se combinent avec des couleurs vives ou classiques, permettant d\u2019adapter la cravate \u00e0 diff\u00e9rents types d\u2019occasions.<\/p>\n\n\n\n<p>Qu\u2019il s\u2019agisse d\u2019une r\u00e9union d\u2019affaires importante, d\u2019un \u00e9v\u00e9nement social ou d\u2019une rencontre informelle, <strong>il y a toujours une cravate qui s\u2019adapte parfaitement au contexte<\/strong>, garantissant que le style soit toujours en phase avec l\u2019occasion.<\/p>\n\n\n\n<p class=\"has-text-align-center\"><strong>LIRE AUSSI : <a href=\"https:\/\/www.seteriemosconi.com\/fr\/articles-blog\/cravates-en-soie-personnalisees-comment-creer-un-design-distinctif-et-accrocheur-pour-votre-entreprise\/\">Cravates en soie personnalis\u00e9es : comment cr\u00e9er un design distinctif et accrocheur pour votre entreprise<\/a><\/strong><\/p>\n\n\n\n<h2 class=\"wp-block-heading\">Seterie Mosconi et les tendances de 2024<\/h2>\n\n\n\n<p>Seterie Mosconi, un nom qui \u00e9voque qualit\u00e9 et raffinement dans le monde de la production de cravates et d\u2019accessoires personnalis\u00e9s, se positionne \u00e0 l\u2019avant-garde des tendances de 2024 dans le domaine des cravates.<\/p>\n\n\n\n<p>Notre collection refl\u00e8te un <strong>\u00e9quilibre parfait entre les derni\u00e8res tendances et la tradition sartoriale<\/strong>, gr\u00e2ce \u00e0 une proposition qui satisfait une vari\u00e9t\u00e9 de go\u00fbts et de pr\u00e9f\u00e9rences.<\/p>\n\n\n\n<p>Avec un \u0153il toujours tourn\u00e9 vers l\u2019avenir, Seterie Mosconi combine avec ma\u00eetrise l\u2019innovation avec le respect de la tradition.<\/p>\n\n\n\n<p>Nos cravates capturent l\u2019essence des derni\u00e8res tendances, choisissant de nouveaux mat\u00e9riaux, des couleurs vives et des motifs audacieux, sans jamais perdre de vue l\u2019\u00e9l\u00e9gance classique qui caract\u00e9rise la marque. Cette approche permet \u00e0 Seterie Mosconi d\u2019offrir des cravates qui s\u2019adaptent tant aux amateurs de style classique qu\u2019\u00e0 ceux qui souhaitent exprimer une personnalit\u00e9 plus contemporaine.<\/p>\n\n\n\n<h3 class=\"wp-block-heading\">Service de personnalisation<\/h3>\n\n\n\n<p>Seterie Mosconi se distingue \u00e9galement par son <strong><a href=\"https:\/\/www.seteriemosconi.com\/fr\/production-cravates-foulards-et-echarpes-personnalises\/personnalisations-promotionnelles\/\">service de personnalisation<\/a><\/strong>, une opportunit\u00e9 pour les clients de cr\u00e9er un accessoire vraiment unique.<\/p>\n\n\n\n<p>Ce service permet de personnaliser chaque aspect de la cravate, du choix du tissu et de la couleur jusqu\u2019au design sp\u00e9cifique.<\/p>\n\n\n\n<p>\u00cates-vous curieux de d\u00e9couvrir comment les derni\u00e8res tendances se traduisent en accessoires de mode \u00e9l\u00e9gants ? Voulez-vous une cravate qui refl\u00e8te votre style personnel ?<\/p>\n\n\n\n<p><strong>Contactez Seterie Mosconi<\/strong> pour d\u00e9couvrir notre collection et nos services de personnalisation exclusifs.<\/p>\n\n\n\n<p>Profitez de l\u2019opportunit\u00e9 de commencer 2024 avec un look qui allie style, \u00e9l\u00e9gance et cette touche d\u2019originalit\u00e9 que seule une cravate Seterie Mosconi peut offrir.<\/p>\n","protected":false},"excerpt":{"rendered":"<p>Tendances cravate 2024 : d\u00e9couvrez les nouveaux styles, les mat\u00e9riaux durables et les couleurs audacieuses qui red\u00e9finiront l&rsquo;\u00e9l\u00e9gance masculine au cours de l&rsquo;ann\u00e9e \u00e0 venir.<\/p>\n","protected":false},"author":2,"featured_media":10733,"comment_status":"closed","ping_status":"closed","sticky":false,"template":"","format":"standard","meta":{"_acf_changed":false,"footnotes":""},"categories":[109],"tags":[112,113,186,217,323,331,338],"class_list":["post-13389","post","type-post","status-publish","format-standard","has-post-thumbnail","hentry","category-articles-blog","tag-cravate-personnalisee","tag-cravate-dentreprise-personnalisee","tag-cravate-dentreprise","tag-cravate-sartoriale","tag-assortir-la-cravate","tag-cravate-sur-mesure","tag-tendances-de-la-mode"],"acf":[],"yoast_head":"<!-- This site is optimized with the Yoast SEO plugin v24.6 - https:\/\/yoast.com\/wordpress\/plugins\/seo\/ -->\n<title>Tendances \u00e9mergentes dans le monde des cravates : ce que nous r\u00e9serve 2024 - Seterie Mosconi<\/title>\n<meta name=\"description\" content=\"Tendances cravate 2024 : d\u00e9couvrez les nouveaux styles, les mat\u00e9riaux durables et les couleurs audacieuses qui red\u00e9finiront l&#039;\u00e9l\u00e9gance masculine au cours de l&#039;ann\u00e9e \u00e0 venir\" \/>\n<meta name=\"robots\" content=\"index, follow, max-snippet:-1, max-image-preview:large, max-video-preview:-1\" \/>\n<link rel=\"canonical\" href=\"https:\/\/www.seteriemosconi.com\/fr\/articles-blog\/tendances-emergentes-dans-le-monde-des-cravates-ce-que-nous-reserve-2024\/\" \/>\n<meta property=\"og:locale\" content=\"fr_FR\" \/>\n<meta property=\"og:type\" content=\"article\" \/>\n<meta property=\"og:title\" content=\"Tendances \u00e9mergentes dans le monde des cravates : ce que nous r\u00e9serve 2024 - Seterie Mosconi\" \/>\n<meta property=\"og:description\" content=\"Tendances cravate 2024 : d\u00e9couvrez les nouveaux styles, les mat\u00e9riaux durables et les couleurs audacieuses qui red\u00e9finiront l&#039;\u00e9l\u00e9gance masculine au cours de l&#039;ann\u00e9e \u00e0 venir\" \/>\n<meta property=\"og:url\" content=\"https:\/\/www.seteriemosconi.com\/fr\/articles-blog\/tendances-emergentes-dans-le-monde-des-cravates-ce-que-nous-reserve-2024\/\" \/>\n<meta property=\"og:site_name\" content=\"Seterie Mosconi\" \/>\n<meta property=\"article:publisher\" content=\"https:\/\/www.facebook.com\/SeterieMosconi\/\" \/>\n<meta property=\"article:published_time\" content=\"2024-01-02T10:45:13+00:00\" \/>\n<meta property=\"article:modified_time\" content=\"2024-09-13T13:30:16+00:00\" \/>\n<meta property=\"og:image\" content=\"https:\/\/www.seteriemosconi.com\/wp-content\/uploads\/2024\/01\/tendenze-cravatte-2024.jpg\" \/>\n\t<meta property=\"og:image:width\" content=\"1000\" \/>\n\t<meta property=\"og:image:height\" content=\"667\" \/>\n\t<meta property=\"og:image:type\" content=\"image\/jpeg\" \/>\n<meta name=\"author\" content=\"Gestione contenuti\" \/>\n<meta name=\"twitter:card\" content=\"summary_large_image\" \/>\n<meta name=\"twitter:label1\" content=\"\u00c9crit par\" \/>\n\t<meta name=\"twitter:data1\" content=\"Gestione contenuti\" \/>\n\t<meta name=\"twitter:label2\" content=\"Dur\u00e9e de lecture estim\u00e9e\" \/>\n\t<meta name=\"twitter:data2\" content=\"7 minutes\" \/>\n<script type=\"application\/ld+json\" class=\"yoast-schema-graph\">{\"@context\":\"https:\/\/schema.org\",\"@graph\":[{\"@type\":\"Article\",\"@id\":\"https:\/\/www.seteriemosconi.com\/fr\/articles-blog\/tendances-emergentes-dans-le-monde-des-cravates-ce-que-nous-reserve-2024\/#article\",\"isPartOf\":{\"@id\":\"https:\/\/www.seteriemosconi.com\/fr\/articles-blog\/tendances-emergentes-dans-le-monde-des-cravates-ce-que-nous-reserve-2024\/\"},\"author\":{\"name\":\"Gestione contenuti\",\"@id\":\"https:\/\/www.seteriemosconi.com\/fr\/#\/schema\/person\/a7b87d19e24d1eada6f8c20f2f218cab\"},\"headline\":\"Tendances \u00e9mergentes dans le monde des cravates : ce que nous r\u00e9serve 2024\",\"datePublished\":\"2024-01-02T10:45:13+00:00\",\"dateModified\":\"2024-09-13T13:30:16+00:00\",\"mainEntityOfPage\":{\"@id\":\"https:\/\/www.seteriemosconi.com\/fr\/articles-blog\/tendances-emergentes-dans-le-monde-des-cravates-ce-que-nous-reserve-2024\/\"},\"wordCount\":1317,\"publisher\":{\"@id\":\"https:\/\/www.seteriemosconi.com\/fr\/#organization\"},\"image\":{\"@id\":\"https:\/\/www.seteriemosconi.com\/fr\/articles-blog\/tendances-emergentes-dans-le-monde-des-cravates-ce-que-nous-reserve-2024\/#primaryimage\"},\"thumbnailUrl\":\"https:\/\/www.seteriemosconi.com\/wp-content\/uploads\/2024\/01\/tendenze-cravatte-2024.jpg\",\"keywords\":[\"cravate personnalis\u00e9e\",\"cravate d'entreprise personnalis\u00e9e\",\"cravate d'entreprise\",\"cravate sartoriale\",\"assortir la cravate\",\"cravate sur mesure\",\"tendances de la mode\"],\"articleSection\":[\"Articles blog FR\"],\"inLanguage\":\"fr-FR\"},{\"@type\":\"WebPage\",\"@id\":\"https:\/\/www.seteriemosconi.com\/fr\/articles-blog\/tendances-emergentes-dans-le-monde-des-cravates-ce-que-nous-reserve-2024\/\",\"url\":\"https:\/\/www.seteriemosconi.com\/fr\/articles-blog\/tendances-emergentes-dans-le-monde-des-cravates-ce-que-nous-reserve-2024\/\",\"name\":\"Tendances \u00e9mergentes dans le monde des cravates : ce que nous r\u00e9serve 2024 - Seterie Mosconi\",\"isPartOf\":{\"@id\":\"https:\/\/www.seteriemosconi.com\/fr\/#website\"},\"primaryImageOfPage\":{\"@id\":\"https:\/\/www.seteriemosconi.com\/fr\/articles-blog\/tendances-emergentes-dans-le-monde-des-cravates-ce-que-nous-reserve-2024\/#primaryimage\"},\"image\":{\"@id\":\"https:\/\/www.seteriemosconi.com\/fr\/articles-blog\/tendances-emergentes-dans-le-monde-des-cravates-ce-que-nous-reserve-2024\/#primaryimage\"},\"thumbnailUrl\":\"https:\/\/www.seteriemosconi.com\/wp-content\/uploads\/2024\/01\/tendenze-cravatte-2024.jpg\",\"datePublished\":\"2024-01-02T10:45:13+00:00\",\"dateModified\":\"2024-09-13T13:30:16+00:00\",\"description\":\"Tendances cravate 2024 : d\u00e9couvrez les nouveaux styles, les mat\u00e9riaux durables et les couleurs audacieuses qui red\u00e9finiront l'\u00e9l\u00e9gance masculine au cours de l'ann\u00e9e \u00e0 venir\",\"breadcrumb\":{\"@id\":\"https:\/\/www.seteriemosconi.com\/fr\/articles-blog\/tendances-emergentes-dans-le-monde-des-cravates-ce-que-nous-reserve-2024\/#breadcrumb\"},\"inLanguage\":\"fr-FR\",\"potentialAction\":[{\"@type\":\"ReadAction\",\"target\":[\"https:\/\/www.seteriemosconi.com\/fr\/articles-blog\/tendances-emergentes-dans-le-monde-des-cravates-ce-que-nous-reserve-2024\/\"]}]},{\"@type\":\"ImageObject\",\"inLanguage\":\"fr-FR\",\"@id\":\"https:\/\/www.seteriemosconi.com\/fr\/articles-blog\/tendances-emergentes-dans-le-monde-des-cravates-ce-que-nous-reserve-2024\/#primaryimage\",\"url\":\"https:\/\/www.seteriemosconi.com\/wp-content\/uploads\/2024\/01\/tendenze-cravatte-2024.jpg\",\"contentUrl\":\"https:\/\/www.seteriemosconi.com\/wp-content\/uploads\/2024\/01\/tendenze-cravatte-2024.jpg\",\"width\":1000,\"height\":667},{\"@type\":\"BreadcrumbList\",\"@id\":\"https:\/\/www.seteriemosconi.com\/fr\/articles-blog\/tendances-emergentes-dans-le-monde-des-cravates-ce-que-nous-reserve-2024\/#breadcrumb\",\"itemListElement\":[{\"@type\":\"ListItem\",\"position\":1,\"name\":\"Home\",\"item\":\"https:\/\/www.seteriemosconi.com\/fr\/\"},{\"@type\":\"ListItem\",\"position\":2,\"name\":\"Tendances \u00e9mergentes dans le monde des cravates : ce que nous r\u00e9serve 2024\"}]},{\"@type\":\"WebSite\",\"@id\":\"https:\/\/www.seteriemosconi.com\/fr\/#website\",\"url\":\"https:\/\/www.seteriemosconi.com\/fr\/\",\"name\":\"Seterie Mosconi\",\"description\":\"\",\"publisher\":{\"@id\":\"https:\/\/www.seteriemosconi.com\/fr\/#organization\"},\"alternateName\":\"Articoli promozionali per aziende\",\"potentialAction\":[{\"@type\":\"SearchAction\",\"target\":{\"@type\":\"EntryPoint\",\"urlTemplate\":\"https:\/\/www.seteriemosconi.com\/fr\/?s={search_term_string}\"},\"query-input\":{\"@type\":\"PropertyValueSpecification\",\"valueRequired\":true,\"valueName\":\"search_term_string\"}}],\"inLanguage\":\"fr-FR\"},{\"@type\":\"Organization\",\"@id\":\"https:\/\/www.seteriemosconi.com\/fr\/#organization\",\"name\":\"Seterie Mosconi\",\"alternateName\":\"Articoli promozionali per aziende\",\"url\":\"https:\/\/www.seteriemosconi.com\/fr\/\",\"logo\":{\"@type\":\"ImageObject\",\"inLanguage\":\"fr-FR\",\"@id\":\"https:\/\/www.seteriemosconi.com\/fr\/#\/schema\/logo\/image\/\",\"url\":\"https:\/\/www.seteriemosconi.com\/wp-content\/uploads\/2018\/01\/logo_mosconi-seteria.png\",\"contentUrl\":\"https:\/\/www.seteriemosconi.com\/wp-content\/uploads\/2018\/01\/logo_mosconi-seteria.png\",\"width\":500,\"height\":148,\"caption\":\"Seterie Mosconi\"},\"image\":{\"@id\":\"https:\/\/www.seteriemosconi.com\/fr\/#\/schema\/logo\/image\/\"},\"sameAs\":[\"https:\/\/www.facebook.com\/SeterieMosconi\/\",\"https:\/\/instagram.com\/seterie_mosconi\",\"https:\/\/www.linkedin.com\/company\/seterie-mosconi-ties-and-scarves\/\"]},{\"@type\":\"Person\",\"@id\":\"https:\/\/www.seteriemosconi.com\/fr\/#\/schema\/person\/a7b87d19e24d1eada6f8c20f2f218cab\",\"name\":\"Gestione contenuti\",\"image\":{\"@type\":\"ImageObject\",\"inLanguage\":\"fr-FR\",\"@id\":\"https:\/\/www.seteriemosconi.com\/fr\/#\/schema\/person\/image\/\",\"url\":\"https:\/\/www.seteriemosconi.com\/wp-content\/litespeed\/avatar\/294fb73a634bffd316e676654d145879.jpg?ver=1776970408\",\"contentUrl\":\"https:\/\/www.seteriemosconi.com\/wp-content\/litespeed\/avatar\/294fb73a634bffd316e676654d145879.jpg?ver=1776970408\",\"caption\":\"Gestione contenuti\"}}]}<\/script>\n<!-- \/ Yoast SEO plugin. -->","yoast_head_json":{"title":"Tendances \u00e9mergentes dans le monde des cravates : ce que nous r\u00e9serve 2024 - Seterie Mosconi","description":"Tendances cravate 2024 : d\u00e9couvrez les nouveaux styles, les mat\u00e9riaux durables et les couleurs audacieuses qui red\u00e9finiront l'\u00e9l\u00e9gance masculine au cours de l'ann\u00e9e \u00e0 venir","robots":{"index":"index","follow":"follow","max-snippet":"max-snippet:-1","max-image-preview":"max-image-preview:large","max-video-preview":"max-video-preview:-1"},"canonical":"https:\/\/www.seteriemosconi.com\/fr\/articles-blog\/tendances-emergentes-dans-le-monde-des-cravates-ce-que-nous-reserve-2024\/","og_locale":"fr_FR","og_type":"article","og_title":"Tendances \u00e9mergentes dans le monde des cravates : ce que nous r\u00e9serve 2024 - Seterie Mosconi","og_description":"Tendances cravate 2024 : d\u00e9couvrez les nouveaux styles, les mat\u00e9riaux durables et les couleurs audacieuses qui red\u00e9finiront l'\u00e9l\u00e9gance masculine au cours de l'ann\u00e9e \u00e0 venir","og_url":"https:\/\/www.seteriemosconi.com\/fr\/articles-blog\/tendances-emergentes-dans-le-monde-des-cravates-ce-que-nous-reserve-2024\/","og_site_name":"Seterie Mosconi","article_publisher":"https:\/\/www.facebook.com\/SeterieMosconi\/","article_published_time":"2024-01-02T10:45:13+00:00","article_modified_time":"2024-09-13T13:30:16+00:00","og_image":[{"width":1000,"height":667,"url":"https:\/\/www.seteriemosconi.com\/wp-content\/uploads\/2024\/01\/tendenze-cravatte-2024.jpg","type":"image\/jpeg"}],"author":"Gestione contenuti","twitter_card":"summary_large_image","twitter_misc":{"\u00c9crit par":"Gestione contenuti","Dur\u00e9e de lecture estim\u00e9e":"7 minutes"},"schema":{"@context":"https:\/\/schema.org","@graph":[{"@type":"Article","@id":"https:\/\/www.seteriemosconi.com\/fr\/articles-blog\/tendances-emergentes-dans-le-monde-des-cravates-ce-que-nous-reserve-2024\/#article","isPartOf":{"@id":"https:\/\/www.seteriemosconi.com\/fr\/articles-blog\/tendances-emergentes-dans-le-monde-des-cravates-ce-que-nous-reserve-2024\/"},"author":{"name":"Gestione contenuti","@id":"https:\/\/www.seteriemosconi.com\/fr\/#\/schema\/person\/a7b87d19e24d1eada6f8c20f2f218cab"},"headline":"Tendances \u00e9mergentes dans le monde des cravates : ce que nous r\u00e9serve 2024","datePublished":"2024-01-02T10:45:13+00:00","dateModified":"2024-09-13T13:30:16+00:00","mainEntityOfPage":{"@id":"https:\/\/www.seteriemosconi.com\/fr\/articles-blog\/tendances-emergentes-dans-le-monde-des-cravates-ce-que-nous-reserve-2024\/"},"wordCount":1317,"publisher":{"@id":"https:\/\/www.seteriemosconi.com\/fr\/#organization"},"image":{"@id":"https:\/\/www.seteriemosconi.com\/fr\/articles-blog\/tendances-emergentes-dans-le-monde-des-cravates-ce-que-nous-reserve-2024\/#primaryimage"},"thumbnailUrl":"https:\/\/www.seteriemosconi.com\/wp-content\/uploads\/2024\/01\/tendenze-cravatte-2024.jpg","keywords":["cravate personnalis\u00e9e","cravate d'entreprise personnalis\u00e9e","cravate d'entreprise","cravate sartoriale","assortir la cravate","cravate sur mesure","tendances de la mode"],"articleSection":["Articles blog FR"],"inLanguage":"fr-FR"},{"@type":"WebPage","@id":"https:\/\/www.seteriemosconi.com\/fr\/articles-blog\/tendances-emergentes-dans-le-monde-des-cravates-ce-que-nous-reserve-2024\/","url":"https:\/\/www.seteriemosconi.com\/fr\/articles-blog\/tendances-emergentes-dans-le-monde-des-cravates-ce-que-nous-reserve-2024\/","name":"Tendances \u00e9mergentes dans le monde des cravates : ce que nous r\u00e9serve 2024 - Seterie Mosconi","isPartOf":{"@id":"https:\/\/www.seteriemosconi.com\/fr\/#website"},"primaryImageOfPage":{"@id":"https:\/\/www.seteriemosconi.com\/fr\/articles-blog\/tendances-emergentes-dans-le-monde-des-cravates-ce-que-nous-reserve-2024\/#primaryimage"},"image":{"@id":"https:\/\/www.seteriemosconi.com\/fr\/articles-blog\/tendances-emergentes-dans-le-monde-des-cravates-ce-que-nous-reserve-2024\/#primaryimage"},"thumbnailUrl":"https:\/\/www.seteriemosconi.com\/wp-content\/uploads\/2024\/01\/tendenze-cravatte-2024.jpg","datePublished":"2024-01-02T10:45:13+00:00","dateModified":"2024-09-13T13:30:16+00:00","description":"Tendances cravate 2024 : d\u00e9couvrez les nouveaux styles, les mat\u00e9riaux durables et les couleurs audacieuses qui red\u00e9finiront l'\u00e9l\u00e9gance masculine au cours de l'ann\u00e9e \u00e0 venir","breadcrumb":{"@id":"https:\/\/www.seteriemosconi.com\/fr\/articles-blog\/tendances-emergentes-dans-le-monde-des-cravates-ce-que-nous-reserve-2024\/#breadcrumb"},"inLanguage":"fr-FR","potentialAction":[{"@type":"ReadAction","target":["https:\/\/www.seteriemosconi.com\/fr\/articles-blog\/tendances-emergentes-dans-le-monde-des-cravates-ce-que-nous-reserve-2024\/"]}]},{"@type":"ImageObject","inLanguage":"fr-FR","@id":"https:\/\/www.seteriemosconi.com\/fr\/articles-blog\/tendances-emergentes-dans-le-monde-des-cravates-ce-que-nous-reserve-2024\/#primaryimage","url":"https:\/\/www.seteriemosconi.com\/wp-content\/uploads\/2024\/01\/tendenze-cravatte-2024.jpg","contentUrl":"https:\/\/www.seteriemosconi.com\/wp-content\/uploads\/2024\/01\/tendenze-cravatte-2024.jpg","width":1000,"height":667},{"@type":"BreadcrumbList","@id":"https:\/\/www.seteriemosconi.com\/fr\/articles-blog\/tendances-emergentes-dans-le-monde-des-cravates-ce-que-nous-reserve-2024\/#breadcrumb","itemListElement":[{"@type":"ListItem","position":1,"name":"Home","item":"https:\/\/www.seteriemosconi.com\/fr\/"},{"@type":"ListItem","position":2,"name":"Tendances \u00e9mergentes dans le monde des cravates : ce que nous r\u00e9serve 2024"}]},{"@type":"WebSite","@id":"https:\/\/www.seteriemosconi.com\/fr\/#website","url":"https:\/\/www.seteriemosconi.com\/fr\/","name":"Seterie Mosconi","description":"","publisher":{"@id":"https:\/\/www.seteriemosconi.com\/fr\/#organization"},"alternateName":"Articoli promozionali per aziende","potentialAction":[{"@type":"SearchAction","target":{"@type":"EntryPoint","urlTemplate":"https:\/\/www.seteriemosconi.com\/fr\/?s={search_term_string}"},"query-input":{"@type":"PropertyValueSpecification","valueRequired":true,"valueName":"search_term_string"}}],"inLanguage":"fr-FR"},{"@type":"Organization","@id":"https:\/\/www.seteriemosconi.com\/fr\/#organization","name":"Seterie Mosconi","alternateName":"Articoli promozionali per aziende","url":"https:\/\/www.seteriemosconi.com\/fr\/","logo":{"@type":"ImageObject","inLanguage":"fr-FR","@id":"https:\/\/www.seteriemosconi.com\/fr\/#\/schema\/logo\/image\/","url":"https:\/\/www.seteriemosconi.com\/wp-content\/uploads\/2018\/01\/logo_mosconi-seteria.png","contentUrl":"https:\/\/www.seteriemosconi.com\/wp-content\/uploads\/2018\/01\/logo_mosconi-seteria.png","width":500,"height":148,"caption":"Seterie Mosconi"},"image":{"@id":"https:\/\/www.seteriemosconi.com\/fr\/#\/schema\/logo\/image\/"},"sameAs":["https:\/\/www.facebook.com\/SeterieMosconi\/","https:\/\/instagram.com\/seterie_mosconi","https:\/\/www.linkedin.com\/company\/seterie-mosconi-ties-and-scarves\/"]},{"@type":"Person","@id":"https:\/\/www.seteriemosconi.com\/fr\/#\/schema\/person\/a7b87d19e24d1eada6f8c20f2f218cab","name":"Gestione contenuti","image":{"@type":"ImageObject","inLanguage":"fr-FR","@id":"https:\/\/www.seteriemosconi.com\/fr\/#\/schema\/person\/image\/","url":"https:\/\/www.seteriemosconi.com\/wp-content\/litespeed\/avatar\/294fb73a634bffd316e676654d145879.jpg?ver=1776970408","contentUrl":"https:\/\/www.seteriemosconi.com\/wp-content\/litespeed\/avatar\/294fb73a634bffd316e676654d145879.jpg?ver=1776970408","caption":"Gestione contenuti"}}]}},"_links":{"self":[{"href":"https:\/\/www.seteriemosconi.com\/fr\/wp-json\/wp\/v2\/posts\/13389","targetHints":{"allow":["GET"]}}],"collection":[{"href":"https:\/\/www.seteriemosconi.com\/fr\/wp-json\/wp\/v2\/posts"}],"about":[{"href":"https:\/\/www.seteriemosconi.com\/fr\/wp-json\/wp\/v2\/types\/post"}],"author":[{"embeddable":true,"href":"https:\/\/www.seteriemosconi.com\/fr\/wp-json\/wp\/v2\/users\/2"}],"replies":[{"embeddable":true,"href":"https:\/\/www.seteriemosconi.com\/fr\/wp-json\/wp\/v2\/comments?post=13389"}],"version-history":[{"count":1,"href":"https:\/\/www.seteriemosconi.com\/fr\/wp-json\/wp\/v2\/posts\/13389\/revisions"}],"predecessor-version":[{"id":13393,"href":"https:\/\/www.seteriemosconi.com\/fr\/wp-json\/wp\/v2\/posts\/13389\/revisions\/13393"}],"wp:featuredmedia":[{"embeddable":true,"href":"https:\/\/www.seteriemosconi.com\/fr\/wp-json\/wp\/v2\/media\/10733"}],"wp:attachment":[{"href":"https:\/\/www.seteriemosconi.com\/fr\/wp-json\/wp\/v2\/media?parent=13389"}],"wp:term":[{"taxonomy":"category","embeddable":true,"href":"https:\/\/www.seteriemosconi.com\/fr\/wp-json\/wp\/v2\/categories?post=13389"},{"taxonomy":"post_tag","embeddable":true,"href":"https:\/\/www.seteriemosconi.com\/fr\/wp-json\/wp\/v2\/tags?post=13389"}],"curies":[{"name":"wp","href":"https:\/\/api.w.org\/{rel}","templated":true}]}}