{"id":13615,"date":"2022-10-05T16:08:00","date_gmt":"2022-10-05T15:08:00","guid":{"rendered":"https:\/\/www.seteriemosconi.com\/blog-fr\/cravatta-con-logo-il-ritorno\/"},"modified":"2024-09-17T14:31:41","modified_gmt":"2024-09-17T13:31:41","slug":"logo-cravate-le-retour","status":"publish","type":"post","link":"https:\/\/www.seteriemosconi.com\/fr\/articles-blog\/logo-cravate-le-retour\/","title":{"rendered":"Logo cravate, le retour !"},"content":{"rendered":"\n<p class=\"uk-text-lead uk-dropcap\">La cravate avec logo est de retour !<\/p>\n\n\n\n<p>Cette fois, cependant, elle n\u2019est pas r\u00e9serv\u00e9e uniquement aux grandes entreprises, mais aussi aux petites et moyennes entreprises. C\u2019est un accessoire qui <strong>peut \u00eatre personnalis\u00e9 pour refl\u00e9ter l\u2019identit\u00e9 et les valeurs de l\u2019entreprise<\/strong>.<\/p>\n\n\n\n<p>Voyons ensemble quelles sont les principales caract\u00e9ristiques de ce produit et comment le choisir au mieux pour votre activit\u00e9.<\/p>\n\n\n\n<h2 class=\"wp-block-heading\">La renaissance de la cravate avec logo, plus seulement pour les grandes entreprises<\/h2>\n\n\n\n<p>Auparavant, c\u2019\u00e9taient principalement les grandes entreprises qui commandaient des cravates avec logo pour leurs employ\u00e9s. Surtout les employ\u00e9s ayant une fonction repr\u00e9sentative portaient les cravates, par exemple, lors de salons et de congr\u00e8s.<\/p>\n\n\n\n<p>Cependant, en raison du climat \u00e9conomique actuel, les petites et moyennes entreprises commencent \u00e0 voir les avantages d\u2019utiliser des cravates avec logo comme <strong>moyen de promouvoir leur entreprise<\/strong>.<\/p>\n\n\n\n<p>Non seulement elles sont une option abordable, mais elles <strong>v\u00e9hiculent \u00e9galement un message de professionnalisme et de fiabilit\u00e9<\/strong>.<\/p>\n\n\n\n<p>Lorsque vous choisissez une cravate avec logo pour votre entreprise, il est important de consid\u00e9rer le type d\u2019image que vous souhaitez v\u00e9hiculer. Si vous recherchez un look plus formel ou conservateur, une cravate unie avec un logo simple est id\u00e9ale. Si vous souhaitez montrer que votre entreprise est jeune et dynamique, alors vous pourriez choisir une cravate \u00e0 motifs avec un logo plus complexe.<\/p>\n\n\n\n<p>Quel que soit le style choisi, assurez-vous que <strong>les couleurs et le design de la cravate refl\u00e8tent les valeurs de votre entreprise<\/strong>. Par exemple, si vous \u00eates une entreprise respectueuse de l\u2019environnement, vous pourriez choisir une cravate verte ou bleue avec un symbole de recyclage.<\/p>\n\n\n\n<p>En conclusion, utiliser une cravate avec logo est un excellent moyen de <strong>promouvoir votre entreprise sans d\u00e9penser beaucoup<\/strong>. Alors n\u2019h\u00e9sitez pas, commandez la v\u00f4tre d\u00e8s aujourd\u2019hui !<\/p>\n\n\n\n<div class=\"uk-margin uk-text-center uk-text-primary\">\n<a class=\"el-content uk-button uk-button-danger\" href=\"#form-blog-sidebar\" uk-scroll=\"\">Contactez-nous<\/a>\n<\/div>\n\n\n\n<p>En plus des entreprises et des organisations, la cravate est \u00e9galement tr\u00e8s <strong>appr\u00e9ci\u00e9e par les clubs et les associations<\/strong>. En effet, une cravate avec logo peut \u00eatre personnalis\u00e9e pour refl\u00e9ter l\u2019identit\u00e9 et les valeurs du groupe. Par exemple, une \u00e9quipe sportive peut choisir une cravate avec le logo de l\u2019\u00e9quipe, ou une organisation caritative peut choisir une cravate avec le nom et le logo de l\u2019organisation.<\/p>\n\n\n\n<p>Choisir une cravate avec logo pour votre groupe est un excellent moyen de <strong>montrer votre d\u00e9vouement et votre soutien<\/strong>. Non seulement elles sont abordables, mais elles montrent \u00e9galement que vous prenez votre groupe au s\u00e9rieux et que vous \u00eates fier d\u2019y \u00eatre associ\u00e9.<\/p>\n\n\n\n<h2 class=\"wp-block-heading\">Les avantages d\u2019une cravate avec logo<\/h2>\n\n\n\n<p>Le fait que de plus en plus de petites et moyennes entreprises, organisations et associations choisissent des cravates avec logo a plusieurs raisons.<\/p>\n\n\n\n<p>Premi\u00e8rement, le <strong>co\u00fbt<\/strong> d\u2019une cravate avec logo est <strong>minime<\/strong> par rapport \u00e0 d\u2019autres articles promotionnels.<\/p>\n\n\n\n<p>Deuxi\u00e8mement, la cravate avec logo est un <strong>article polyvalent<\/strong> qui peut \u00eatre port\u00e9 lors d\u2019occasions formelles et informelles.<\/p>\n\n\n\n<p>Troisi\u00e8mement, la <strong>tendance<\/strong> \u00e0 l\u2019utilisation des cravates avec logo \u00e9merge, et enfin, une cravate avec logo est un excellent moyen de <strong>montrer les valeurs<\/strong> de votre entreprise <strong>et le d\u00e9vouement<\/strong> \u00e0 votre groupe ou \u00e0 votre organisation.<\/p>\n\n\n\n<p>Une autre raison de la renaissance des cravates avec logo est la <strong>r\u00e9duction du nombre minimum de commandes<\/strong>, qui au fil des ans est devenu de plus en plus bas. Cela signifie que m\u00eame les petites entreprises peuvent se permettre de commander des cravates avec logo en gros et b\u00e9n\u00e9ficier de la valeur promotionnelle qu\u2019elles offrent.<\/p>\n\n\n\n<div class=\"uk-margin uk-text-center uk-text-primary\">\n<a class=\"el-content uk-button uk-button-danger\" href=\"#form-blog-sidebar\" uk-scroll=\"\">Demandez plus d\u2019informations<\/a>\n<\/div>\n\n\n\n<h2 class=\"wp-block-heading\">O\u00f9 acheter des cravates avec logo en ligne et en magasins<\/h2>\n\n\n\n<p>Il existe de nombreux <strong>endroits o\u00f9 acheter<\/strong> des cravates avec logo, en ligne et en magasins. Mais une option valable est de commander une cravate personnalis\u00e9e chez nous, Seterie Mosconi.<\/p>\n\n\n\n<p><strong>Nous sommes une entreprise italienne de cravates qui offre un service sur commande<\/strong>. Cela signifie que vous pouvez sp\u00e9cifier le design et les couleurs exacts que vous souhaitez pour votre cravate, et <strong>elle sera r\u00e9alis\u00e9e \u00e0 la main selon vos sp\u00e9cifications<\/strong>.<\/p>\n\n\n\n<p>Nous serons heureux de vous aider \u00e0 <strong>trouver la cravate parfaite pour votre activit\u00e9<\/strong>. Contactez-nous d\u00e8s aujourd\u2019hui pour demander un devis et d\u00e9couvrir comment nous pouvons vous assurer un look \u00e9l\u00e9gant.<\/p>\n\n\n\n<h3 class=\"wp-block-heading has-text-align-center\">Achetez votre cravate personnalis\u00e9e chez Seterie Mosconi<\/h3>\n","protected":false},"excerpt":{"rendered":"<p>D\u00e9couvrez le retour de la cravate logo, un accessoire personnalisable qui refl\u00e8te l&rsquo;identit\u00e9 de l&rsquo;entreprise, id\u00e9al pour les petites et moyennes entreprises.<\/p>\n","protected":false},"author":2,"featured_media":0,"comment_status":"open","ping_status":"open","sticky":false,"template":"","format":"standard","meta":{"_acf_changed":false,"footnotes":""},"categories":[109],"tags":[112,113,147,165,186,217,331,348],"class_list":["post-13615","post","type-post","status-publish","format-standard","hentry","category-articles-blog","tag-cravate-personnalisee","tag-cravate-dentreprise-personnalisee","tag-cravate-en-soie","tag-fabrication-de-cravates","tag-cravate-dentreprise","tag-cravate-sartoriale","tag-cravate-sur-mesure","tag-cravate-promotionnelle"],"acf":[],"yoast_head":"<!-- This site is optimized with the Yoast SEO plugin v24.6 - https:\/\/yoast.com\/wordpress\/plugins\/seo\/ -->\n<title>Logo cravate, le retour ! - Seterie Mosconi<\/title>\n<meta name=\"description\" content=\"D\u00e9couvrez le retour de la cravate logo, un accessoire personnalisable qui refl\u00e8te l&#039;identit\u00e9 de l&#039;entreprise, id\u00e9al pour les petites et moyennes entreprises\" \/>\n<meta name=\"robots\" content=\"index, follow, max-snippet:-1, max-image-preview:large, max-video-preview:-1\" \/>\n<link rel=\"canonical\" href=\"https:\/\/www.seteriemosconi.com\/fr\/articles-blog\/logo-cravate-le-retour\/\" \/>\n<meta property=\"og:locale\" content=\"fr_FR\" \/>\n<meta property=\"og:type\" content=\"article\" \/>\n<meta property=\"og:title\" content=\"Logo cravate, le retour ! - Seterie Mosconi\" \/>\n<meta property=\"og:description\" content=\"D\u00e9couvrez le retour de la cravate logo, un accessoire personnalisable qui refl\u00e8te l&#039;identit\u00e9 de l&#039;entreprise, id\u00e9al pour les petites et moyennes entreprises\" \/>\n<meta property=\"og:url\" content=\"https:\/\/www.seteriemosconi.com\/fr\/articles-blog\/logo-cravate-le-retour\/\" \/>\n<meta property=\"og:site_name\" content=\"Seterie Mosconi\" \/>\n<meta property=\"article:publisher\" content=\"https:\/\/www.facebook.com\/SeterieMosconi\/\" \/>\n<meta property=\"article:published_time\" content=\"2022-10-05T15:08:00+00:00\" \/>\n<meta property=\"article:modified_time\" content=\"2024-09-17T13:31:41+00:00\" \/>\n<meta property=\"og:image\" content=\"https:\/\/www.seteriemosconi.com\/wp-content\/uploads\/2022\/03\/cravatta-03-scalled.jpg\" \/>\n\t<meta property=\"og:image:width\" content=\"1200\" \/>\n\t<meta property=\"og:image:height\" content=\"1200\" \/>\n\t<meta property=\"og:image:type\" content=\"image\/jpeg\" \/>\n<meta name=\"author\" content=\"Gestione contenuti\" \/>\n<meta name=\"twitter:card\" content=\"summary_large_image\" \/>\n<meta name=\"twitter:label1\" content=\"\u00c9crit par\" \/>\n\t<meta name=\"twitter:data1\" content=\"Gestione contenuti\" \/>\n\t<meta name=\"twitter:label2\" content=\"Dur\u00e9e de lecture estim\u00e9e\" \/>\n\t<meta name=\"twitter:data2\" content=\"4 minutes\" \/>\n<script type=\"application\/ld+json\" class=\"yoast-schema-graph\">{\"@context\":\"https:\/\/schema.org\",\"@graph\":[{\"@type\":\"Article\",\"@id\":\"https:\/\/www.seteriemosconi.com\/fr\/articles-blog\/logo-cravate-le-retour\/#article\",\"isPartOf\":{\"@id\":\"https:\/\/www.seteriemosconi.com\/fr\/articles-blog\/logo-cravate-le-retour\/\"},\"author\":{\"name\":\"Gestione contenuti\",\"@id\":\"https:\/\/www.seteriemosconi.com\/fr\/#\/schema\/person\/a7b87d19e24d1eada6f8c20f2f218cab\"},\"headline\":\"Logo cravate, le retour !\",\"datePublished\":\"2022-10-05T15:08:00+00:00\",\"dateModified\":\"2024-09-17T13:31:41+00:00\",\"mainEntityOfPage\":{\"@id\":\"https:\/\/www.seteriemosconi.com\/fr\/articles-blog\/logo-cravate-le-retour\/\"},\"wordCount\":734,\"commentCount\":0,\"publisher\":{\"@id\":\"https:\/\/www.seteriemosconi.com\/fr\/#organization\"},\"keywords\":[\"cravate personnalis\u00e9e\",\"cravate d'entreprise personnalis\u00e9e\",\"cravate en soie\",\"fabrication de cravates\",\"cravate d'entreprise\",\"cravate sartoriale\",\"cravate sur mesure\",\"cravate promotionnelle\"],\"articleSection\":[\"Articles blog FR\"],\"inLanguage\":\"fr-FR\",\"potentialAction\":[{\"@type\":\"CommentAction\",\"name\":\"Comment\",\"target\":[\"https:\/\/www.seteriemosconi.com\/fr\/articles-blog\/logo-cravate-le-retour\/#respond\"]}]},{\"@type\":\"WebPage\",\"@id\":\"https:\/\/www.seteriemosconi.com\/fr\/articles-blog\/logo-cravate-le-retour\/\",\"url\":\"https:\/\/www.seteriemosconi.com\/fr\/articles-blog\/logo-cravate-le-retour\/\",\"name\":\"Logo cravate, le retour ! - Seterie Mosconi\",\"isPartOf\":{\"@id\":\"https:\/\/www.seteriemosconi.com\/fr\/#website\"},\"datePublished\":\"2022-10-05T15:08:00+00:00\",\"dateModified\":\"2024-09-17T13:31:41+00:00\",\"description\":\"D\u00e9couvrez le retour de la cravate logo, un accessoire personnalisable qui refl\u00e8te l'identit\u00e9 de l'entreprise, id\u00e9al pour les petites et moyennes entreprises\",\"breadcrumb\":{\"@id\":\"https:\/\/www.seteriemosconi.com\/fr\/articles-blog\/logo-cravate-le-retour\/#breadcrumb\"},\"inLanguage\":\"fr-FR\",\"potentialAction\":[{\"@type\":\"ReadAction\",\"target\":[\"https:\/\/www.seteriemosconi.com\/fr\/articles-blog\/logo-cravate-le-retour\/\"]}]},{\"@type\":\"BreadcrumbList\",\"@id\":\"https:\/\/www.seteriemosconi.com\/fr\/articles-blog\/logo-cravate-le-retour\/#breadcrumb\",\"itemListElement\":[{\"@type\":\"ListItem\",\"position\":1,\"name\":\"Home\",\"item\":\"https:\/\/www.seteriemosconi.com\/fr\/\"},{\"@type\":\"ListItem\",\"position\":2,\"name\":\"Logo cravate, le retour !\"}]},{\"@type\":\"WebSite\",\"@id\":\"https:\/\/www.seteriemosconi.com\/fr\/#website\",\"url\":\"https:\/\/www.seteriemosconi.com\/fr\/\",\"name\":\"Seterie Mosconi\",\"description\":\"\",\"publisher\":{\"@id\":\"https:\/\/www.seteriemosconi.com\/fr\/#organization\"},\"alternateName\":\"Articoli promozionali per aziende\",\"potentialAction\":[{\"@type\":\"SearchAction\",\"target\":{\"@type\":\"EntryPoint\",\"urlTemplate\":\"https:\/\/www.seteriemosconi.com\/fr\/?s={search_term_string}\"},\"query-input\":{\"@type\":\"PropertyValueSpecification\",\"valueRequired\":true,\"valueName\":\"search_term_string\"}}],\"inLanguage\":\"fr-FR\"},{\"@type\":\"Organization\",\"@id\":\"https:\/\/www.seteriemosconi.com\/fr\/#organization\",\"name\":\"Seterie Mosconi\",\"alternateName\":\"Articoli promozionali per aziende\",\"url\":\"https:\/\/www.seteriemosconi.com\/fr\/\",\"logo\":{\"@type\":\"ImageObject\",\"inLanguage\":\"fr-FR\",\"@id\":\"https:\/\/www.seteriemosconi.com\/fr\/#\/schema\/logo\/image\/\",\"url\":\"https:\/\/www.seteriemosconi.com\/wp-content\/uploads\/2018\/01\/logo_mosconi-seteria.png\",\"contentUrl\":\"https:\/\/www.seteriemosconi.com\/wp-content\/uploads\/2018\/01\/logo_mosconi-seteria.png\",\"width\":500,\"height\":148,\"caption\":\"Seterie Mosconi\"},\"image\":{\"@id\":\"https:\/\/www.seteriemosconi.com\/fr\/#\/schema\/logo\/image\/\"},\"sameAs\":[\"https:\/\/www.facebook.com\/SeterieMosconi\/\",\"https:\/\/instagram.com\/seterie_mosconi\",\"https:\/\/www.linkedin.com\/company\/seterie-mosconi-ties-and-scarves\/\"]},{\"@type\":\"Person\",\"@id\":\"https:\/\/www.seteriemosconi.com\/fr\/#\/schema\/person\/a7b87d19e24d1eada6f8c20f2f218cab\",\"name\":\"Gestione contenuti\",\"image\":{\"@type\":\"ImageObject\",\"inLanguage\":\"fr-FR\",\"@id\":\"https:\/\/www.seteriemosconi.com\/fr\/#\/schema\/person\/image\/\",\"url\":\"https:\/\/www.seteriemosconi.com\/wp-content\/litespeed\/avatar\/294fb73a634bffd316e676654d145879.jpg?ver=1776970408\",\"contentUrl\":\"https:\/\/www.seteriemosconi.com\/wp-content\/litespeed\/avatar\/294fb73a634bffd316e676654d145879.jpg?ver=1776970408\",\"caption\":\"Gestione contenuti\"}}]}<\/script>\n<!-- \/ Yoast SEO plugin. -->","yoast_head_json":{"title":"Logo cravate, le retour ! - Seterie Mosconi","description":"D\u00e9couvrez le retour de la cravate logo, un accessoire personnalisable qui refl\u00e8te l'identit\u00e9 de l'entreprise, id\u00e9al pour les petites et moyennes entreprises","robots":{"index":"index","follow":"follow","max-snippet":"max-snippet:-1","max-image-preview":"max-image-preview:large","max-video-preview":"max-video-preview:-1"},"canonical":"https:\/\/www.seteriemosconi.com\/fr\/articles-blog\/logo-cravate-le-retour\/","og_locale":"fr_FR","og_type":"article","og_title":"Logo cravate, le retour ! - Seterie Mosconi","og_description":"D\u00e9couvrez le retour de la cravate logo, un accessoire personnalisable qui refl\u00e8te l'identit\u00e9 de l'entreprise, id\u00e9al pour les petites et moyennes entreprises","og_url":"https:\/\/www.seteriemosconi.com\/fr\/articles-blog\/logo-cravate-le-retour\/","og_site_name":"Seterie Mosconi","article_publisher":"https:\/\/www.facebook.com\/SeterieMosconi\/","article_published_time":"2022-10-05T15:08:00+00:00","article_modified_time":"2024-09-17T13:31:41+00:00","og_image":[{"width":1200,"height":1200,"url":"https:\/\/www.seteriemosconi.com\/wp-content\/uploads\/2022\/03\/cravatta-03-scalled.jpg","type":"image\/jpeg"}],"author":"Gestione contenuti","twitter_card":"summary_large_image","twitter_misc":{"\u00c9crit par":"Gestione contenuti","Dur\u00e9e de lecture estim\u00e9e":"4 minutes"},"schema":{"@context":"https:\/\/schema.org","@graph":[{"@type":"Article","@id":"https:\/\/www.seteriemosconi.com\/fr\/articles-blog\/logo-cravate-le-retour\/#article","isPartOf":{"@id":"https:\/\/www.seteriemosconi.com\/fr\/articles-blog\/logo-cravate-le-retour\/"},"author":{"name":"Gestione contenuti","@id":"https:\/\/www.seteriemosconi.com\/fr\/#\/schema\/person\/a7b87d19e24d1eada6f8c20f2f218cab"},"headline":"Logo cravate, le retour !","datePublished":"2022-10-05T15:08:00+00:00","dateModified":"2024-09-17T13:31:41+00:00","mainEntityOfPage":{"@id":"https:\/\/www.seteriemosconi.com\/fr\/articles-blog\/logo-cravate-le-retour\/"},"wordCount":734,"commentCount":0,"publisher":{"@id":"https:\/\/www.seteriemosconi.com\/fr\/#organization"},"keywords":["cravate personnalis\u00e9e","cravate d'entreprise personnalis\u00e9e","cravate en soie","fabrication de cravates","cravate d'entreprise","cravate sartoriale","cravate sur mesure","cravate promotionnelle"],"articleSection":["Articles blog FR"],"inLanguage":"fr-FR","potentialAction":[{"@type":"CommentAction","name":"Comment","target":["https:\/\/www.seteriemosconi.com\/fr\/articles-blog\/logo-cravate-le-retour\/#respond"]}]},{"@type":"WebPage","@id":"https:\/\/www.seteriemosconi.com\/fr\/articles-blog\/logo-cravate-le-retour\/","url":"https:\/\/www.seteriemosconi.com\/fr\/articles-blog\/logo-cravate-le-retour\/","name":"Logo cravate, le retour ! - Seterie Mosconi","isPartOf":{"@id":"https:\/\/www.seteriemosconi.com\/fr\/#website"},"datePublished":"2022-10-05T15:08:00+00:00","dateModified":"2024-09-17T13:31:41+00:00","description":"D\u00e9couvrez le retour de la cravate logo, un accessoire personnalisable qui refl\u00e8te l'identit\u00e9 de l'entreprise, id\u00e9al pour les petites et moyennes entreprises","breadcrumb":{"@id":"https:\/\/www.seteriemosconi.com\/fr\/articles-blog\/logo-cravate-le-retour\/#breadcrumb"},"inLanguage":"fr-FR","potentialAction":[{"@type":"ReadAction","target":["https:\/\/www.seteriemosconi.com\/fr\/articles-blog\/logo-cravate-le-retour\/"]}]},{"@type":"BreadcrumbList","@id":"https:\/\/www.seteriemosconi.com\/fr\/articles-blog\/logo-cravate-le-retour\/#breadcrumb","itemListElement":[{"@type":"ListItem","position":1,"name":"Home","item":"https:\/\/www.seteriemosconi.com\/fr\/"},{"@type":"ListItem","position":2,"name":"Logo cravate, le retour !"}]},{"@type":"WebSite","@id":"https:\/\/www.seteriemosconi.com\/fr\/#website","url":"https:\/\/www.seteriemosconi.com\/fr\/","name":"Seterie Mosconi","description":"","publisher":{"@id":"https:\/\/www.seteriemosconi.com\/fr\/#organization"},"alternateName":"Articoli promozionali per aziende","potentialAction":[{"@type":"SearchAction","target":{"@type":"EntryPoint","urlTemplate":"https:\/\/www.seteriemosconi.com\/fr\/?s={search_term_string}"},"query-input":{"@type":"PropertyValueSpecification","valueRequired":true,"valueName":"search_term_string"}}],"inLanguage":"fr-FR"},{"@type":"Organization","@id":"https:\/\/www.seteriemosconi.com\/fr\/#organization","name":"Seterie Mosconi","alternateName":"Articoli promozionali per aziende","url":"https:\/\/www.seteriemosconi.com\/fr\/","logo":{"@type":"ImageObject","inLanguage":"fr-FR","@id":"https:\/\/www.seteriemosconi.com\/fr\/#\/schema\/logo\/image\/","url":"https:\/\/www.seteriemosconi.com\/wp-content\/uploads\/2018\/01\/logo_mosconi-seteria.png","contentUrl":"https:\/\/www.seteriemosconi.com\/wp-content\/uploads\/2018\/01\/logo_mosconi-seteria.png","width":500,"height":148,"caption":"Seterie Mosconi"},"image":{"@id":"https:\/\/www.seteriemosconi.com\/fr\/#\/schema\/logo\/image\/"},"sameAs":["https:\/\/www.facebook.com\/SeterieMosconi\/","https:\/\/instagram.com\/seterie_mosconi","https:\/\/www.linkedin.com\/company\/seterie-mosconi-ties-and-scarves\/"]},{"@type":"Person","@id":"https:\/\/www.seteriemosconi.com\/fr\/#\/schema\/person\/a7b87d19e24d1eada6f8c20f2f218cab","name":"Gestione contenuti","image":{"@type":"ImageObject","inLanguage":"fr-FR","@id":"https:\/\/www.seteriemosconi.com\/fr\/#\/schema\/person\/image\/","url":"https:\/\/www.seteriemosconi.com\/wp-content\/litespeed\/avatar\/294fb73a634bffd316e676654d145879.jpg?ver=1776970408","contentUrl":"https:\/\/www.seteriemosconi.com\/wp-content\/litespeed\/avatar\/294fb73a634bffd316e676654d145879.jpg?ver=1776970408","caption":"Gestione contenuti"}}]}},"_links":{"self":[{"href":"https:\/\/www.seteriemosconi.com\/fr\/wp-json\/wp\/v2\/posts\/13615","targetHints":{"allow":["GET"]}}],"collection":[{"href":"https:\/\/www.seteriemosconi.com\/fr\/wp-json\/wp\/v2\/posts"}],"about":[{"href":"https:\/\/www.seteriemosconi.com\/fr\/wp-json\/wp\/v2\/types\/post"}],"author":[{"embeddable":true,"href":"https:\/\/www.seteriemosconi.com\/fr\/wp-json\/wp\/v2\/users\/2"}],"replies":[{"embeddable":true,"href":"https:\/\/www.seteriemosconi.com\/fr\/wp-json\/wp\/v2\/comments?post=13615"}],"version-history":[{"count":1,"href":"https:\/\/www.seteriemosconi.com\/fr\/wp-json\/wp\/v2\/posts\/13615\/revisions"}],"predecessor-version":[{"id":13619,"href":"https:\/\/www.seteriemosconi.com\/fr\/wp-json\/wp\/v2\/posts\/13615\/revisions\/13619"}],"wp:attachment":[{"href":"https:\/\/www.seteriemosconi.com\/fr\/wp-json\/wp\/v2\/media?parent=13615"}],"wp:term":[{"taxonomy":"category","embeddable":true,"href":"https:\/\/www.seteriemosconi.com\/fr\/wp-json\/wp\/v2\/categories?post=13615"},{"taxonomy":"post_tag","embeddable":true,"href":"https:\/\/www.seteriemosconi.com\/fr\/wp-json\/wp\/v2\/tags?post=13615"}],"curies":[{"name":"wp","href":"https:\/\/api.w.org\/{rel}","templated":true}]}}