{"id":13645,"date":"2024-05-07T10:15:39","date_gmt":"2024-05-07T09:15:39","guid":{"rendered":"https:\/\/www.seteriemosconi.com\/blog-fr\/cravatte-slim-vs-cravatte-larghe-tendenze-e-consigli-di-stile\/"},"modified":"2024-09-18T11:48:38","modified_gmt":"2024-09-18T10:48:38","slug":"cravates-etroites-vs-cravates-larges-tendances-et-conseils-de-style","status":"publish","type":"post","link":"https:\/\/www.seteriemosconi.com\/fr\/articles-blog\/cravates-etroites-vs-cravates-larges-tendances-et-conseils-de-style\/","title":{"rendered":"Cravates \u00e9troites VS cravates larges : tendances et conseils de style"},"content":{"rendered":"\n<h2 class=\"wp-block-heading\">L\u2019\u00e9volution de la cravate<\/h2>\n\n\n\n<h3 class=\"wp-block-heading\">Histoire de la cravate large<\/h3>\n\n\n\n<p>Les <strong>cravates larges<\/strong>, iconiques dans leur style, ont domin\u00e9 la sc\u00e8ne de la mode masculine dans les <strong>ann\u00e9es 1940 et 1950<\/strong>.<\/p>\n\n\n\n<p>Elles \u00e9taient consid\u00e9r\u00e9es comme un <strong>symbole de s\u00e9rieux et de professionnalisme<\/strong>, essentielles dans la garde-robe de chaque homme d\u2019affaires de l\u2019\u00e9poque. Ces cravates, avec leur largeur pouvant atteindre 5 pouces, \u00e9taient couramment associ\u00e9es \u00e0 des costumes stricts avec des \u00e9paules larges et des chemises \u00e0 cols importants, ce qui permettait de maintenir des proportions \u00e9quilibr\u00e9es dans la tenue.<\/p>\n\n\n\n<p>La pr\u00e9f\u00e9rence pour les cravates larges n\u2019\u00e9tait pas seulement une question de mode, mais refl\u00e9tait \u00e9galement une \u00e9poque de formalit\u00e9 et de d\u00e9corum dans les contextes professionnels.<\/p>\n\n\n\n<p>Les motifs et les tissus utilis\u00e9s \u00e9taient typiquement de haute qualit\u00e9, souvent en soie lourde.<\/p>\n\n\n\n<p>La vari\u00e9t\u00e9 de couleurs et de motifs \u00e9taient des \u00e9l\u00e9ments distinctifs qui ajoutaient du caract\u00e8re et de la personnalit\u00e9 \u00e0 l\u2019ensemble, permettant \u00e9galement une personnalisation individuelle tout en maintenant une image aust\u00e8re et respectable.<\/p>\n\n\n\n<h3 class=\"wp-block-heading\">Ascension des cravates slim<\/h3>\n\n\n\n<p>En contraste direct avec leurs homologues plus larges, les <strong>cravates slim ont commenc\u00e9 \u00e0 gagner en popularit\u00e9 pendant les ann\u00e9es 1960<\/strong>, une p\u00e9riode marqu\u00e9e par de grands changements sociaux et culturels.<\/p>\n\n\n\n<p>Ces cravates <strong>symbolisaient la rupture avec les conventions<\/strong> et une pouss\u00e9e vers un mode de vie et une mode plus libres et exp\u00e9rimentaux. Avec une largeur consid\u00e9rablement r\u00e9duite, ces cravates offraient un <strong>look plus \u00e9lanc\u00e9 et moderne<\/strong>, adapt\u00e9 au mouvement de jeunesse croissant qui privil\u00e9giait des silhouettes plus fines et minimalistes.<\/p>\n\n\n\n<p>La popularit\u00e9 des cravates slim a augment\u00e9 de mani\u00e8re exponentielle dans les d\u00e9cennies suivantes, devenant un \u00e9l\u00e9ment essentiel de la tenue formelle et d\u00e9contract\u00e9e moderne.<\/p>\n\n\n\n<p>Leur forme est devenue un raffinement contemporain qui s\u2019adapte parfaitement aux styles vestimentaires plus modernes et aux environnements de travail moins formels d\u2019aujourd\u2019hui.<\/p>\n\n\n\n<p>La capacit\u00e9 de ces cravates \u00e0 <strong>ajouter une touche d\u2019\u00e9l\u00e9gance sans surcharger la tenue<\/strong> les rend id\u00e9ales pour le professionnel moderne cherchant \u00e0 \u00e9quilibrer autorit\u00e9 et accessibilit\u00e9.<\/p>\n\n\n\n<h2 class=\"wp-block-heading\">Quand choisir des cravates slim et quand pr\u00e9f\u00e9rer les cravates larges<\/h2>\n\n\n\n<h3 class=\"wp-block-heading\">Occasions formelles<\/h3>\n\n\n\n<p>Dans des <strong>contextes formels<\/strong> tels que les mariages, les c\u00e9r\u00e9monies officielles ou les r\u00e9unions d\u2019affaires de haut niveau, la cravate large est souvent le choix id\u00e9al.<\/p>\n\n\n\n<p>Ce type de cravate, avec sa largeur, est capable d\u2019<strong>\u00e9quilibrer \u00e9l\u00e9gamment un costume<\/strong> <strong>bien structur\u00e9<\/strong>. Particuli\u00e8rement adapt\u00e9e lorsqu\u2019elle est associ\u00e9e \u00e0 des chemises \u00e0 cols larges, comme le col italien ou fran\u00e7ais, la cravate large soutient l\u2019image d\u2019\u00e9l\u00e9gance et de professionnalisme que ces occasions exigent.<\/p>\n\n\n\n<p>Le <strong>choix d\u2019une cravate large<\/strong> dans ces contextes n\u2019est pas seulement une question d\u2019esth\u00e9tique ; le volume plus grand de la cravate peut \u00e9quilibrer visuellement un costume avec une coupe plus classique, o\u00f9 les revers plus larges et les \u00e9paules plus d\u00e9finies sont des \u00e9l\u00e9ments importants.<\/p>\n\n\n\n<p>De plus, les tissus traditionnellement associ\u00e9s aux cravates larges, comme la soie lourde ou le brocart, ajoutent une touche de luxe et de sophistication, rendant la tenue d\u00e9cid\u00e9ment formelle.<\/p>\n\n\n\n<h3 class=\"wp-block-heading\">Environnement de travail et casual business<\/h3>\n\n\n\n<p>Dans le <strong>contexte d\u2019un environnement de travail moderne<\/strong> ou dans des situations de casual business, les <strong>cravates slim<\/strong> sont pr\u00e9f\u00e9r\u00e9es par les professionnels.<\/p>\n\n\n\n<p>Leur ligne fine et \u00e9pur\u00e9e offre un <strong>look moderne et minimal<\/strong> qui s\u2019adapte parfaitement aux bureaux contemporains et aux occasions moins formelles. Ces cravates ajoutent non seulement une touche d\u2019\u00e9l\u00e9gance mais \u00e9vitent \u00e9galement de surcharger la tenue, maintenant une image professionnelle mais pas excessivement stricte.<\/p>\n\n\n\n<p>La <strong>cravate slim<\/strong> est particuli\u00e8rement appr\u00e9ci\u00e9e par les jeunes professionnels qui cherchent \u00e0 transmettre une image plus innovante et moins formelle.<\/p>\n\n\n\n<p>La <strong>polyvalence des cravates slim<\/strong> permet \u00e9galement de jouer avec des couleurs et des motifs plus audacieux sans craindre de para\u00eetre trop voyants, un \u00e9quilibre parfait pour le professionnel moderne qui souhaite se d\u00e9marquer tout en maintenant une certaine sobri\u00e9t\u00e9.<\/p>\n\n\n\n<p>Le choix entre cravate large et slim d\u00e9pend donc beaucoup du contexte de l\u2019\u00e9v\u00e9nement, du style personnel et des besoins professionnels sp\u00e9cifiques. <strong>Seterie Mosconi offre diverses options<\/strong> de haute qualit\u00e9 dans les deux cat\u00e9gories pour r\u00e9pondre \u00e0 tous ces besoins.<\/p>\n\n\n\n<p class=\"has-text-align-center\"><strong>VOUS POUVEZ AUSSI LIRE : <a href=\"https:\/\/www.seteriemosconi.com\/fr\/articles-blog\/cravates-pour-jeunes-professionnels-style-et-tendances-actuelles\/\">Cravates pour jeunes professionnels : style et tendances actuelles<\/a><\/strong><\/p>\n\n\n\n<h2 class=\"wp-block-heading\">Tendances actuelles pour les cravates<\/h2>\n\n\n\n<h3 class=\"wp-block-heading\">Retour des cravates larges<\/h3>\n\n\n\n<p>La mode est cyclique, et en tant que telle, nous assistons \u00e0 un <strong>retour des cravates larges<\/strong>, un style qui \u00e9voque une \u00e9poque r\u00e9volue d\u2019\u00e9l\u00e9gance classique. Ce retour est influenc\u00e9 par l\u2019int\u00e9r\u00eat croissant pour la mode vintage et r\u00e9tro.<\/p>\n\n\n\n<p>Les cravates larges, r\u00e9alis\u00e9es dans des tissus luxueux tels que la soie lourde et la laine, sont particuli\u00e8rement appr\u00e9ci\u00e9es pour leur capacit\u00e9 \u00e0 conf\u00e9rer une touche de raffinement traditionnel.<\/p>\n\n\n\n<p>La soie lourde, avec son \u00e9clat naturel, et la laine, connue pour sa durabilit\u00e9 et sa r\u00e9sistance, sont des choix id\u00e9aux pour des cravates qui veulent allier style classique et fonctionnalit\u00e9 moderne.<\/p>\n\n\n\n<p>Le design de ces cravates pr\u00e9sente souvent des motifs classiques tels que des <a href=\"https:\/\/www.seteriemosconi.com\/fr\/articles-blog\/lelegance-regimentaire-lorigine-et-la-signification-des-cravates-rayees\/\">rayures r\u00e9gimentaires<\/a>, des <a href=\"https:\/\/www.seteriemosconi.com\/fr\/articles-blog\/motif-paisley-lhistoire-de-limpression-des-motifs-de-cachemire\/\">motifs Paisley ou cachemire<\/a>, qui se marient bien avec des costumes sur mesure et des chemises traditionnelles, rendant ces cravates parfaites pour des occasions formelles, des mariages ou m\u00eame pour le bureau.<\/p>\n\n\n\n<h3 class=\"wp-block-heading\">Popularit\u00e9 des cravates slim<\/h3>\n\n\n\n<p>Les <strong>cravates slim restent le choix pr\u00e9dominant<\/strong> dans les collections de mode masculine moderne, gr\u00e2ce \u00e0 leur polyvalence et leur capacit\u00e9 \u00e0 s\u2019adapter \u00e0 une vari\u00e9t\u00e9 de contextes, tant formels que d\u00e9contract\u00e9s. Leur popularit\u00e9 persiste particuli\u00e8rement parmi les jeunes professionnels, qui pr\u00e9f\u00e8rent un look plus \u00e9lanc\u00e9 et minimaliste.<\/p>\n\n\n\n<p>Les cravates slim s\u2019int\u00e8grent sans effort dans une garde-robe contemporaine.<\/p>\n\n\n\n<p>Elles sont id\u00e9ales pour ceux qui veulent \u00eatre \u00e9l\u00e9gants sans \u00eatre trop stricts, et sont parfaites lorsqu\u2019elles sont associ\u00e9es \u00e0 des costumes slim fit et des chemises \u00e0 col \u00e9troit.<\/p>\n\n\n\n<p>De plus, la vari\u00e9t\u00e9 de couleurs vives et de motifs discrets permet \u00e0 ces cravates d\u2019\u00eatre personnalis\u00e9es pour refl\u00e9ter la personnalit\u00e9 individuelle ou pour faire une d\u00e9claration de style audacieuse, s\u2019adaptant ainsi aux \u00e9v\u00e9nements sociaux, aux r\u00e9unions cr\u00e9atives ou comme partie de la tenue quotidienne au bureau.<\/p>\n\n\n\n<p>Les cravates larges et slim offrent toutes deux des opportunit\u00e9s uniques d\u2019expression personnelle et d\u2019adaptabilit\u00e9 stylistique, rendant chaque choix populaire pour diff\u00e9rentes raisons.<\/p>\n\n\n\n<p>M\u00eame si les tendances peuvent changer, la capacit\u00e9 d\u2019une cravate \u00e0 influencer l\u2019apparence g\u00e9n\u00e9rale d\u2019une tenue reste une v\u00e9rit\u00e9 constante dans le monde de la mode masculine.<\/p>\n\n\n\n<h2 class=\"wp-block-heading\">Conseils de style pour les cravates<\/h2>\n\n\n\n<h3 class=\"wp-block-heading\">Associer avec des chemises et des costumes<\/h3>\n\n\n\n<p>L\u2019un des aspects fondamentaux du <strong>choix de la bonne cravate<\/strong> est l\u2019harmonie avec le reste de la tenue, en particulier avec la veste.<\/p>\n\n\n\n<p>La <strong>largeur de la cravate<\/strong> doit correspondre \u00e0 la largeur des revers de la veste pour maintenir un \u00e9quilibre visuel. Les cravates plus larges sont id\u00e9ales pour les vestes \u00e0 larges revers, typiques des costumes de style classique ou vintage, car elles aident \u00e0 maintenir les proportions du look g\u00e9n\u00e9ral. Ces cravates se marient parfaitement avec des chemises \u00e0 col large comme le col italien classique.<\/p>\n\n\n\n<p>Les cravates slim sont plus adapt\u00e9es aux costumes modernes \u00e0 revers \u00e9troits, que l\u2019on trouve couramment dans les costumes slim fit pr\u00e9f\u00e9r\u00e9s par les jeunes professionnels et ceux qui privil\u00e9gient un style plus contemporain et \u00e9lanc\u00e9. Ces cravates compl\u00e8tent les chemises \u00e0 col moins prononc\u00e9, comme le col cutaway ou le col \u00e9troit, cr\u00e9ant un ensemble coh\u00e9rent et proportionn\u00e9.<\/p>\n\n\n\n<p class=\"has-text-align-center\"><strong>VOUS POUVEZ AUSSI LIRE : <a href=\"https:\/\/www.seteriemosconi.com\/fr\/articles-blog\/cravate-et-chemise-assorties-regles-et-conseils-pour-un-look-impeccable\/\">Cravate et chemise assorties : r\u00e8gles et conseils pour un look impeccable<\/a><\/strong><\/p>\n\n\n\n<h3 class=\"wp-block-heading\">Associer avec d\u2019autres accessoires<\/h3>\n\n\n\n<p><strong>Ajouter des accessoires tels que des \u00e9pingles ou des pinces \u00e0 cravate<\/strong> peut ajouter une touche personnelle et distinctive.<\/p>\n\n\n\n<p>Cependant, il est essentiel de <strong>s\u00e9lectionner ces accessoires avec soin<\/strong> pour personnaliser le look sans le surcharger. Une \u00e9pingle \u00e0 cravate fine et \u00e9l\u00e9gante peut \u00eatre un point focal attrayant, \u00e0 utiliser uniquement lors de certaines occasions, tandis qu\u2019une pince \u00e0 cravate devient un choix plus simple et peut \u00eatre assortie aux autres accessoires port\u00e9s, tels que les montres ou les boutons de manchette.<\/p>\n\n\n\n<h2 class=\"wp-block-heading\">Pourquoi choisir Seterie Mosconi<\/h2>\n\n\n\n<p><strong>Seterie Mosconi<\/strong> propose une large s\u00e9lection de cravates slim et larges, toutes fabriqu\u00e9es \u00e0 la main en utilisant uniquement les meilleurs mat\u00e9riaux.<\/p>\n\n\n\n<p>Cela garantit non seulement un produit de haute qualit\u00e9, mais aussi durable.<\/p>\n\n\n\n<p>Si vous cherchez une cravate pour un \u00e9v\u00e9nement sp\u00e9cial, pour vos collaborateurs ou clients, Seterie Mosconi propose des options qui r\u00e9pondent \u00e0 chaque besoin et go\u00fbt.<\/p>\n\n\n\n<h3 class=\"wp-block-heading\">Contactez-nous pour une consultation<\/h3>\n\n\n\n<p>\u00cates-vous pr\u00eat \u00e0 am\u00e9liorer votre style avec une <strong>cravate Seterie Mosconi<\/strong> ?<\/p>\n\n\n\n<p><a href=\"https:\/\/www.seteriemosconi.com\/fr\/contacts\/\">Contactez nos experts d\u00e8s aujourd\u2019hui<\/a> pour d\u00e9couvrir notre collection exclusive.<\/p>\n\n\n\n<p>Visitez notre site web ou appelez notre bureau, nous vous aiderons \u00e0 faire le bon choix, en garantissant que chaque d\u00e9tail de votre tenue soit impeccable et raffin\u00e9.<\/p>\n","protected":false},"excerpt":{"rendered":"<p>D\u00e9couvrez les diff\u00e9rences entre les cravates \u00e9troites et les cravates larges, les tendances actuelles et les conseils de style pour choisir l&rsquo;accessoire id\u00e9al en toute occasion.<\/p>\n","protected":false},"author":2,"featured_media":10394,"comment_status":"closed","ping_status":"closed","sticky":false,"template":"","format":"standard","meta":{"_acf_changed":false,"footnotes":""},"categories":[109],"tags":[112,165,308,312,323,331,338],"class_list":["post-13645","post","type-post","status-publish","format-standard","has-post-thumbnail","hentry","category-articles-blog","tag-cravate-personnalisee","tag-fabrication-de-cravates","tag-cravate-large","tag-cravate-fine","tag-assortir-la-cravate","tag-cravate-sur-mesure","tag-tendances-de-la-mode"],"acf":[],"yoast_head":"<!-- This site is optimized with the Yoast SEO plugin v24.6 - https:\/\/yoast.com\/wordpress\/plugins\/seo\/ -->\n<title>Cravates \u00e9troites VS cravates larges : tendances et conseils de style - Seterie Mosconi<\/title>\n<meta name=\"description\" content=\"D\u00e9couvrez les diff\u00e9rences entre les cravates \u00e9troites et les cravates larges, les tendances actuelles et les conseils de style pour choisir l&#039;accessoire id\u00e9al en toute occasion\" \/>\n<meta name=\"robots\" content=\"index, follow, max-snippet:-1, max-image-preview:large, max-video-preview:-1\" \/>\n<link rel=\"canonical\" href=\"https:\/\/www.seteriemosconi.com\/fr\/articles-blog\/cravates-etroites-vs-cravates-larges-tendances-et-conseils-de-style\/\" \/>\n<meta property=\"og:locale\" content=\"fr_FR\" \/>\n<meta property=\"og:type\" content=\"article\" \/>\n<meta property=\"og:title\" content=\"Cravates \u00e9troites VS cravates larges : tendances et conseils de style - Seterie Mosconi\" \/>\n<meta property=\"og:description\" content=\"D\u00e9couvrez les diff\u00e9rences entre les cravates \u00e9troites et les cravates larges, les tendances actuelles et les conseils de style pour choisir l&#039;accessoire id\u00e9al en toute occasion\" \/>\n<meta property=\"og:url\" content=\"https:\/\/www.seteriemosconi.com\/fr\/articles-blog\/cravates-etroites-vs-cravates-larges-tendances-et-conseils-de-style\/\" \/>\n<meta property=\"og:site_name\" content=\"Seterie Mosconi\" \/>\n<meta property=\"article:publisher\" content=\"https:\/\/www.facebook.com\/SeterieMosconi\/\" \/>\n<meta property=\"article:published_time\" content=\"2024-05-07T09:15:39+00:00\" \/>\n<meta property=\"article:modified_time\" content=\"2024-09-18T10:48:38+00:00\" \/>\n<meta property=\"og:image\" content=\"https:\/\/www.seteriemosconi.com\/wp-content\/uploads\/2021\/12\/tie-4314022_1280.jpg\" \/>\n\t<meta property=\"og:image:width\" content=\"1280\" \/>\n\t<meta property=\"og:image:height\" content=\"853\" \/>\n\t<meta property=\"og:image:type\" content=\"image\/jpeg\" \/>\n<meta name=\"author\" content=\"Gestione contenuti\" \/>\n<meta name=\"twitter:card\" content=\"summary_large_image\" \/>\n<meta name=\"twitter:label1\" content=\"\u00c9crit par\" \/>\n\t<meta name=\"twitter:data1\" content=\"Gestione contenuti\" \/>\n\t<meta name=\"twitter:label2\" content=\"Dur\u00e9e de lecture estim\u00e9e\" \/>\n\t<meta name=\"twitter:data2\" content=\"8 minutes\" \/>\n<script type=\"application\/ld+json\" class=\"yoast-schema-graph\">{\"@context\":\"https:\/\/schema.org\",\"@graph\":[{\"@type\":\"Article\",\"@id\":\"https:\/\/www.seteriemosconi.com\/fr\/articles-blog\/cravates-etroites-vs-cravates-larges-tendances-et-conseils-de-style\/#article\",\"isPartOf\":{\"@id\":\"https:\/\/www.seteriemosconi.com\/fr\/articles-blog\/cravates-etroites-vs-cravates-larges-tendances-et-conseils-de-style\/\"},\"author\":{\"name\":\"Gestione contenuti\",\"@id\":\"https:\/\/www.seteriemosconi.com\/fr\/#\/schema\/person\/a7b87d19e24d1eada6f8c20f2f218cab\"},\"headline\":\"Cravates \u00e9troites VS cravates larges : tendances et conseils de style\",\"datePublished\":\"2024-05-07T09:15:39+00:00\",\"dateModified\":\"2024-09-18T10:48:38+00:00\",\"mainEntityOfPage\":{\"@id\":\"https:\/\/www.seteriemosconi.com\/fr\/articles-blog\/cravates-etroites-vs-cravates-larges-tendances-et-conseils-de-style\/\"},\"wordCount\":1541,\"publisher\":{\"@id\":\"https:\/\/www.seteriemosconi.com\/fr\/#organization\"},\"image\":{\"@id\":\"https:\/\/www.seteriemosconi.com\/fr\/articles-blog\/cravates-etroites-vs-cravates-larges-tendances-et-conseils-de-style\/#primaryimage\"},\"thumbnailUrl\":\"https:\/\/www.seteriemosconi.com\/wp-content\/uploads\/2021\/12\/tie-4314022_1280.jpg\",\"keywords\":[\"cravate personnalis\u00e9e\",\"fabrication de cravates\",\"cravate large\",\"cravate fine\",\"assortir la cravate\",\"cravate sur mesure\",\"tendances de la mode\"],\"articleSection\":[\"Articles blog FR\"],\"inLanguage\":\"fr-FR\"},{\"@type\":\"WebPage\",\"@id\":\"https:\/\/www.seteriemosconi.com\/fr\/articles-blog\/cravates-etroites-vs-cravates-larges-tendances-et-conseils-de-style\/\",\"url\":\"https:\/\/www.seteriemosconi.com\/fr\/articles-blog\/cravates-etroites-vs-cravates-larges-tendances-et-conseils-de-style\/\",\"name\":\"Cravates \u00e9troites VS cravates larges : tendances et conseils de style - Seterie Mosconi\",\"isPartOf\":{\"@id\":\"https:\/\/www.seteriemosconi.com\/fr\/#website\"},\"primaryImageOfPage\":{\"@id\":\"https:\/\/www.seteriemosconi.com\/fr\/articles-blog\/cravates-etroites-vs-cravates-larges-tendances-et-conseils-de-style\/#primaryimage\"},\"image\":{\"@id\":\"https:\/\/www.seteriemosconi.com\/fr\/articles-blog\/cravates-etroites-vs-cravates-larges-tendances-et-conseils-de-style\/#primaryimage\"},\"thumbnailUrl\":\"https:\/\/www.seteriemosconi.com\/wp-content\/uploads\/2021\/12\/tie-4314022_1280.jpg\",\"datePublished\":\"2024-05-07T09:15:39+00:00\",\"dateModified\":\"2024-09-18T10:48:38+00:00\",\"description\":\"D\u00e9couvrez les diff\u00e9rences entre les cravates \u00e9troites et les cravates larges, les tendances actuelles et les conseils de style pour choisir l'accessoire id\u00e9al en toute occasion\",\"breadcrumb\":{\"@id\":\"https:\/\/www.seteriemosconi.com\/fr\/articles-blog\/cravates-etroites-vs-cravates-larges-tendances-et-conseils-de-style\/#breadcrumb\"},\"inLanguage\":\"fr-FR\",\"potentialAction\":[{\"@type\":\"ReadAction\",\"target\":[\"https:\/\/www.seteriemosconi.com\/fr\/articles-blog\/cravates-etroites-vs-cravates-larges-tendances-et-conseils-de-style\/\"]}]},{\"@type\":\"ImageObject\",\"inLanguage\":\"fr-FR\",\"@id\":\"https:\/\/www.seteriemosconi.com\/fr\/articles-blog\/cravates-etroites-vs-cravates-larges-tendances-et-conseils-de-style\/#primaryimage\",\"url\":\"https:\/\/www.seteriemosconi.com\/wp-content\/uploads\/2021\/12\/tie-4314022_1280.jpg\",\"contentUrl\":\"https:\/\/www.seteriemosconi.com\/wp-content\/uploads\/2021\/12\/tie-4314022_1280.jpg\",\"width\":1280,\"height\":853},{\"@type\":\"BreadcrumbList\",\"@id\":\"https:\/\/www.seteriemosconi.com\/fr\/articles-blog\/cravates-etroites-vs-cravates-larges-tendances-et-conseils-de-style\/#breadcrumb\",\"itemListElement\":[{\"@type\":\"ListItem\",\"position\":1,\"name\":\"Home\",\"item\":\"https:\/\/www.seteriemosconi.com\/fr\/\"},{\"@type\":\"ListItem\",\"position\":2,\"name\":\"Cravates \u00e9troites VS cravates larges : tendances et conseils de style\"}]},{\"@type\":\"WebSite\",\"@id\":\"https:\/\/www.seteriemosconi.com\/fr\/#website\",\"url\":\"https:\/\/www.seteriemosconi.com\/fr\/\",\"name\":\"Seterie Mosconi\",\"description\":\"\",\"publisher\":{\"@id\":\"https:\/\/www.seteriemosconi.com\/fr\/#organization\"},\"alternateName\":\"Articoli promozionali per aziende\",\"potentialAction\":[{\"@type\":\"SearchAction\",\"target\":{\"@type\":\"EntryPoint\",\"urlTemplate\":\"https:\/\/www.seteriemosconi.com\/fr\/?s={search_term_string}\"},\"query-input\":{\"@type\":\"PropertyValueSpecification\",\"valueRequired\":true,\"valueName\":\"search_term_string\"}}],\"inLanguage\":\"fr-FR\"},{\"@type\":\"Organization\",\"@id\":\"https:\/\/www.seteriemosconi.com\/fr\/#organization\",\"name\":\"Seterie Mosconi\",\"alternateName\":\"Articoli promozionali per aziende\",\"url\":\"https:\/\/www.seteriemosconi.com\/fr\/\",\"logo\":{\"@type\":\"ImageObject\",\"inLanguage\":\"fr-FR\",\"@id\":\"https:\/\/www.seteriemosconi.com\/fr\/#\/schema\/logo\/image\/\",\"url\":\"https:\/\/www.seteriemosconi.com\/wp-content\/uploads\/2018\/01\/logo_mosconi-seteria.png\",\"contentUrl\":\"https:\/\/www.seteriemosconi.com\/wp-content\/uploads\/2018\/01\/logo_mosconi-seteria.png\",\"width\":500,\"height\":148,\"caption\":\"Seterie Mosconi\"},\"image\":{\"@id\":\"https:\/\/www.seteriemosconi.com\/fr\/#\/schema\/logo\/image\/\"},\"sameAs\":[\"https:\/\/www.facebook.com\/SeterieMosconi\/\",\"https:\/\/instagram.com\/seterie_mosconi\",\"https:\/\/www.linkedin.com\/company\/seterie-mosconi-ties-and-scarves\/\"]},{\"@type\":\"Person\",\"@id\":\"https:\/\/www.seteriemosconi.com\/fr\/#\/schema\/person\/a7b87d19e24d1eada6f8c20f2f218cab\",\"name\":\"Gestione contenuti\",\"image\":{\"@type\":\"ImageObject\",\"inLanguage\":\"fr-FR\",\"@id\":\"https:\/\/www.seteriemosconi.com\/fr\/#\/schema\/person\/image\/\",\"url\":\"https:\/\/www.seteriemosconi.com\/wp-content\/litespeed\/avatar\/294fb73a634bffd316e676654d145879.jpg?ver=1777575318\",\"contentUrl\":\"https:\/\/www.seteriemosconi.com\/wp-content\/litespeed\/avatar\/294fb73a634bffd316e676654d145879.jpg?ver=1777575318\",\"caption\":\"Gestione contenuti\"}}]}<\/script>\n<!-- \/ Yoast SEO plugin. -->","yoast_head_json":{"title":"Cravates \u00e9troites VS cravates larges : tendances et conseils de style - Seterie Mosconi","description":"D\u00e9couvrez les diff\u00e9rences entre les cravates \u00e9troites et les cravates larges, les tendances actuelles et les conseils de style pour choisir l'accessoire id\u00e9al en toute occasion","robots":{"index":"index","follow":"follow","max-snippet":"max-snippet:-1","max-image-preview":"max-image-preview:large","max-video-preview":"max-video-preview:-1"},"canonical":"https:\/\/www.seteriemosconi.com\/fr\/articles-blog\/cravates-etroites-vs-cravates-larges-tendances-et-conseils-de-style\/","og_locale":"fr_FR","og_type":"article","og_title":"Cravates \u00e9troites VS cravates larges : tendances et conseils de style - Seterie Mosconi","og_description":"D\u00e9couvrez les diff\u00e9rences entre les cravates \u00e9troites et les cravates larges, les tendances actuelles et les conseils de style pour choisir l'accessoire id\u00e9al en toute occasion","og_url":"https:\/\/www.seteriemosconi.com\/fr\/articles-blog\/cravates-etroites-vs-cravates-larges-tendances-et-conseils-de-style\/","og_site_name":"Seterie Mosconi","article_publisher":"https:\/\/www.facebook.com\/SeterieMosconi\/","article_published_time":"2024-05-07T09:15:39+00:00","article_modified_time":"2024-09-18T10:48:38+00:00","og_image":[{"width":1280,"height":853,"url":"https:\/\/www.seteriemosconi.com\/wp-content\/uploads\/2021\/12\/tie-4314022_1280.jpg","type":"image\/jpeg"}],"author":"Gestione contenuti","twitter_card":"summary_large_image","twitter_misc":{"\u00c9crit par":"Gestione contenuti","Dur\u00e9e de lecture estim\u00e9e":"8 minutes"},"schema":{"@context":"https:\/\/schema.org","@graph":[{"@type":"Article","@id":"https:\/\/www.seteriemosconi.com\/fr\/articles-blog\/cravates-etroites-vs-cravates-larges-tendances-et-conseils-de-style\/#article","isPartOf":{"@id":"https:\/\/www.seteriemosconi.com\/fr\/articles-blog\/cravates-etroites-vs-cravates-larges-tendances-et-conseils-de-style\/"},"author":{"name":"Gestione contenuti","@id":"https:\/\/www.seteriemosconi.com\/fr\/#\/schema\/person\/a7b87d19e24d1eada6f8c20f2f218cab"},"headline":"Cravates \u00e9troites VS cravates larges : tendances et conseils de style","datePublished":"2024-05-07T09:15:39+00:00","dateModified":"2024-09-18T10:48:38+00:00","mainEntityOfPage":{"@id":"https:\/\/www.seteriemosconi.com\/fr\/articles-blog\/cravates-etroites-vs-cravates-larges-tendances-et-conseils-de-style\/"},"wordCount":1541,"publisher":{"@id":"https:\/\/www.seteriemosconi.com\/fr\/#organization"},"image":{"@id":"https:\/\/www.seteriemosconi.com\/fr\/articles-blog\/cravates-etroites-vs-cravates-larges-tendances-et-conseils-de-style\/#primaryimage"},"thumbnailUrl":"https:\/\/www.seteriemosconi.com\/wp-content\/uploads\/2021\/12\/tie-4314022_1280.jpg","keywords":["cravate personnalis\u00e9e","fabrication de cravates","cravate large","cravate fine","assortir la cravate","cravate sur mesure","tendances de la mode"],"articleSection":["Articles blog FR"],"inLanguage":"fr-FR"},{"@type":"WebPage","@id":"https:\/\/www.seteriemosconi.com\/fr\/articles-blog\/cravates-etroites-vs-cravates-larges-tendances-et-conseils-de-style\/","url":"https:\/\/www.seteriemosconi.com\/fr\/articles-blog\/cravates-etroites-vs-cravates-larges-tendances-et-conseils-de-style\/","name":"Cravates \u00e9troites VS cravates larges : tendances et conseils de style - Seterie Mosconi","isPartOf":{"@id":"https:\/\/www.seteriemosconi.com\/fr\/#website"},"primaryImageOfPage":{"@id":"https:\/\/www.seteriemosconi.com\/fr\/articles-blog\/cravates-etroites-vs-cravates-larges-tendances-et-conseils-de-style\/#primaryimage"},"image":{"@id":"https:\/\/www.seteriemosconi.com\/fr\/articles-blog\/cravates-etroites-vs-cravates-larges-tendances-et-conseils-de-style\/#primaryimage"},"thumbnailUrl":"https:\/\/www.seteriemosconi.com\/wp-content\/uploads\/2021\/12\/tie-4314022_1280.jpg","datePublished":"2024-05-07T09:15:39+00:00","dateModified":"2024-09-18T10:48:38+00:00","description":"D\u00e9couvrez les diff\u00e9rences entre les cravates \u00e9troites et les cravates larges, les tendances actuelles et les conseils de style pour choisir l'accessoire id\u00e9al en toute occasion","breadcrumb":{"@id":"https:\/\/www.seteriemosconi.com\/fr\/articles-blog\/cravates-etroites-vs-cravates-larges-tendances-et-conseils-de-style\/#breadcrumb"},"inLanguage":"fr-FR","potentialAction":[{"@type":"ReadAction","target":["https:\/\/www.seteriemosconi.com\/fr\/articles-blog\/cravates-etroites-vs-cravates-larges-tendances-et-conseils-de-style\/"]}]},{"@type":"ImageObject","inLanguage":"fr-FR","@id":"https:\/\/www.seteriemosconi.com\/fr\/articles-blog\/cravates-etroites-vs-cravates-larges-tendances-et-conseils-de-style\/#primaryimage","url":"https:\/\/www.seteriemosconi.com\/wp-content\/uploads\/2021\/12\/tie-4314022_1280.jpg","contentUrl":"https:\/\/www.seteriemosconi.com\/wp-content\/uploads\/2021\/12\/tie-4314022_1280.jpg","width":1280,"height":853},{"@type":"BreadcrumbList","@id":"https:\/\/www.seteriemosconi.com\/fr\/articles-blog\/cravates-etroites-vs-cravates-larges-tendances-et-conseils-de-style\/#breadcrumb","itemListElement":[{"@type":"ListItem","position":1,"name":"Home","item":"https:\/\/www.seteriemosconi.com\/fr\/"},{"@type":"ListItem","position":2,"name":"Cravates \u00e9troites VS cravates larges : tendances et conseils de style"}]},{"@type":"WebSite","@id":"https:\/\/www.seteriemosconi.com\/fr\/#website","url":"https:\/\/www.seteriemosconi.com\/fr\/","name":"Seterie Mosconi","description":"","publisher":{"@id":"https:\/\/www.seteriemosconi.com\/fr\/#organization"},"alternateName":"Articoli promozionali per aziende","potentialAction":[{"@type":"SearchAction","target":{"@type":"EntryPoint","urlTemplate":"https:\/\/www.seteriemosconi.com\/fr\/?s={search_term_string}"},"query-input":{"@type":"PropertyValueSpecification","valueRequired":true,"valueName":"search_term_string"}}],"inLanguage":"fr-FR"},{"@type":"Organization","@id":"https:\/\/www.seteriemosconi.com\/fr\/#organization","name":"Seterie Mosconi","alternateName":"Articoli promozionali per aziende","url":"https:\/\/www.seteriemosconi.com\/fr\/","logo":{"@type":"ImageObject","inLanguage":"fr-FR","@id":"https:\/\/www.seteriemosconi.com\/fr\/#\/schema\/logo\/image\/","url":"https:\/\/www.seteriemosconi.com\/wp-content\/uploads\/2018\/01\/logo_mosconi-seteria.png","contentUrl":"https:\/\/www.seteriemosconi.com\/wp-content\/uploads\/2018\/01\/logo_mosconi-seteria.png","width":500,"height":148,"caption":"Seterie Mosconi"},"image":{"@id":"https:\/\/www.seteriemosconi.com\/fr\/#\/schema\/logo\/image\/"},"sameAs":["https:\/\/www.facebook.com\/SeterieMosconi\/","https:\/\/instagram.com\/seterie_mosconi","https:\/\/www.linkedin.com\/company\/seterie-mosconi-ties-and-scarves\/"]},{"@type":"Person","@id":"https:\/\/www.seteriemosconi.com\/fr\/#\/schema\/person\/a7b87d19e24d1eada6f8c20f2f218cab","name":"Gestione contenuti","image":{"@type":"ImageObject","inLanguage":"fr-FR","@id":"https:\/\/www.seteriemosconi.com\/fr\/#\/schema\/person\/image\/","url":"https:\/\/www.seteriemosconi.com\/wp-content\/litespeed\/avatar\/294fb73a634bffd316e676654d145879.jpg?ver=1777575318","contentUrl":"https:\/\/www.seteriemosconi.com\/wp-content\/litespeed\/avatar\/294fb73a634bffd316e676654d145879.jpg?ver=1777575318","caption":"Gestione contenuti"}}]}},"_links":{"self":[{"href":"https:\/\/www.seteriemosconi.com\/fr\/wp-json\/wp\/v2\/posts\/13645","targetHints":{"allow":["GET"]}}],"collection":[{"href":"https:\/\/www.seteriemosconi.com\/fr\/wp-json\/wp\/v2\/posts"}],"about":[{"href":"https:\/\/www.seteriemosconi.com\/fr\/wp-json\/wp\/v2\/types\/post"}],"author":[{"embeddable":true,"href":"https:\/\/www.seteriemosconi.com\/fr\/wp-json\/wp\/v2\/users\/2"}],"replies":[{"embeddable":true,"href":"https:\/\/www.seteriemosconi.com\/fr\/wp-json\/wp\/v2\/comments?post=13645"}],"version-history":[{"count":2,"href":"https:\/\/www.seteriemosconi.com\/fr\/wp-json\/wp\/v2\/posts\/13645\/revisions"}],"predecessor-version":[{"id":13652,"href":"https:\/\/www.seteriemosconi.com\/fr\/wp-json\/wp\/v2\/posts\/13645\/revisions\/13652"}],"wp:featuredmedia":[{"embeddable":true,"href":"https:\/\/www.seteriemosconi.com\/fr\/wp-json\/wp\/v2\/media\/10394"}],"wp:attachment":[{"href":"https:\/\/www.seteriemosconi.com\/fr\/wp-json\/wp\/v2\/media?parent=13645"}],"wp:term":[{"taxonomy":"category","embeddable":true,"href":"https:\/\/www.seteriemosconi.com\/fr\/wp-json\/wp\/v2\/categories?post=13645"},{"taxonomy":"post_tag","embeddable":true,"href":"https:\/\/www.seteriemosconi.com\/fr\/wp-json\/wp\/v2\/tags?post=13645"}],"curies":[{"name":"wp","href":"https:\/\/api.w.org\/{rel}","templated":true}]}}