{"id":13661,"date":"2023-03-20T14:55:19","date_gmt":"2023-03-20T13:55:19","guid":{"rendered":"https:\/\/www.seteriemosconi.com\/blog-fr\/come-indossare-una-cravatta-con-stile\/"},"modified":"2024-09-18T14:12:57","modified_gmt":"2024-09-18T13:12:57","slug":"comment-porter-une-cravate-avec-style","status":"publish","type":"post","link":"https:\/\/www.seteriemosconi.com\/fr\/articles-blog\/comment-porter-une-cravate-avec-style\/","title":{"rendered":"Comment porter une cravate avec style"},"content":{"rendered":"\n<p class=\"uk-text-lead uk-dropcap\">Avez-vous du mal \u00e0 cr\u00e9er un <strong>look sophistiqu\u00e9<\/strong> avec votre cravate ?<\/p>\n\n\n\n<p>Ne vous inqui\u00e9tez pas : il existe de nombreuses fa\u00e7ons d\u2019assortir une belle cravate avec le reste de votre garde-robe, et nous sommes l\u00e0 pour vous aider ! Des styles classiques aux tendances modernes, <strong>nous vous montrerons les astuces pour porter la cravate avec style<\/strong>.<\/p>\n\n\n\n<p>Que vous ayez besoin d\u2019inspiration pour aller au travail ou que vous souhaitiez simplement changer votre look quotidien sans d\u00e9penser trop, apprendre \u00e0 choisir les meilleures cravates et \u00e0 bien les porter est facile.<\/p>\n\n\n\n<p>Alors, pr\u00e9parez-vous \u00e0 regarder de plus pr\u00e8s comment compl\u00e9ter n\u2019importe quelle tenue avec un <strong>accessoire intemporel<\/strong> : la cravate.<\/p>\n\n\n\n<h2 class=\"wp-block-heading\">Conna\u00eetre le type de cravate : il existe de nombreux styles de cravates et savoir quelle porter d\u00e9pend de l\u2019occasion<\/h2>\n\n\n\n<p>Choisir le bon type de cravate \u00e0 porter peut \u00eatre un \u00e9l\u00e9ment crucial pour une tenue \u00e9l\u00e9gante et raffin\u00e9e. Il existe de nombreux styles de cravates parmi lesquels choisir, et savoir quel style porter d\u00e9pend de l\u2019occasion.<\/p>\n\n\n\n<p>Par exemple, une <strong>cravate fine<\/strong> est parfaite pour un \u00e9v\u00e9nement informel, comme un d\u00e9jeuner entre amis, tandis qu\u2019une <strong>cravate large<\/strong> est plus adapt\u00e9e aux occasions formelles, comme un mariage ou une c\u00e9r\u00e9monie importante.<\/p>\n\n\n\n<p>De plus, le tissu de la cravate peut \u00e9galement faire la diff\u00e9rence. Une <strong>cravate en soie<\/strong> est consid\u00e9r\u00e9e comme le choix le plus \u00e9l\u00e9gant, mais si l\u2019occasion n\u00e9cessite une tenue plus d\u00e9contract\u00e9e, une <strong>cravate en coton ou en lin<\/strong> peut \u00eatre un meilleur choix.<\/p>\n\n\n\n<p>Il est donc important de conna\u00eetre le type de cravate le plus adapt\u00e9 \u00e0 chaque occasion pour \u00e9viter de para\u00eetre d\u00e9plac\u00e9.<\/p>\n\n\n\n<div class=\"uk-margin uk-text-center uk-text-primary\">\n<a class=\"el-content uk-button uk-button-danger\" href=\"https:\/\/www.seteriemosconi.com\/fr\/produit-promotionnel-personnalise\/cravates-personnalisees\/\" uk-scroll=\"\">Jetez un \u0153il \u00e0 nos cravates sur mesure !<\/a>\n<\/div>\n\n\n\n<h2 class=\"wp-block-heading\">Choisir la bonne couleur pour la cravate : les couleurs coordonn\u00e9es peuvent ajouter une belle touche de raffinement \u00e0 toute tenue<\/h2>\n\n\n\n<p>Choisir la bonne couleur pour la cravate est un aspect tr\u00e8s important \u00e0 consid\u00e9rer lors de la personnalisation d\u2019une cravate. Les couleurs coordonn\u00e9es peuvent ajouter une belle <strong>touche de raffinement<\/strong> \u00e0 toute tenue et peuvent \u00e9galement souligner la personnalit\u00e9 et le style de l\u2019individu qui la porte.<\/p>\n\n\n\n<p>Il existe plusieurs fa\u00e7ons de choisir la bonne couleur pour la cravate. Tout d\u2019abord, <strong>vous devez consid\u00e9rer la couleur de la chemise et du costume qui seront port\u00e9s avec la cravate<\/strong>. Il est important de rechercher un \u00e9quilibre entre les couleurs, en \u00e9vitant de cr\u00e9er un contraste trop fort ou une combinaison de couleurs qui ne s\u2019harmonisent pas bien ensemble.<\/p>\n\n\n\n<p>Un autre facteur \u00e0 consid\u00e9rer est la <strong>saison<\/strong> et l\u2019<strong>occasion<\/strong>. Par exemple, les <strong>tons plus chauds et terreux<\/strong> comme le marron, le bordeaux et le vert fonc\u00e9 sont <strong>parfaits pour l\u2019automne et l\u2019hiver<\/strong>, tandis que les <strong>couleurs plus claires et fra\u00eeches<\/strong> comme le bleu clair, le vert pastel ou le rose poudr\u00e9 sont <strong>adapt\u00e9es<\/strong> <strong>pour le printemps et l\u2019\u00e9t\u00e9<\/strong>.<\/p>\n\n\n\n<p>Enfin, <strong>vous devez \u00e9galement consid\u00e9rer votre teint et vos couleurs pr\u00e9f\u00e9r\u00e9es<\/strong>. Une cravate personnalis\u00e9e doit refl\u00e9ter votre style personnel et ajouter une touche distinctive \u00e0 votre look, il ne faut donc jamais sous-estimer l\u2019importance de choisir la bonne couleur pour cr\u00e9er la bonne impression.<\/p>\n\n\n\n<h2 class=\"wp-block-heading\">Envisager d\u2019ajouter un accessoire : les pochettes, \u00e9pingles de revers et boutons de manchette peuvent ajouter une touche unique qui vous distingue de la foule<\/h2>\n\n\n\n<p>Envisager d\u2019ajouter un accessoire peut \u00eatre une excellente id\u00e9e pour personnaliser davantage votre look.<\/p>\n\n\n\n<p>Par exemple, les <strong>pochettes<\/strong>, les <strong>\u00e9pingles de revers<\/strong> et les <strong>boutons de manchette<\/strong> peuvent ajouter une touche unique qui <strong>vous distingue de la foule<\/strong>.<\/p>\n\n\n\n<p>Les pochettes sont un excellent choix pour compl\u00e9ter une tenue formelle et peuvent \u00eatre choisies dans diff\u00e9rents motifs et couleurs pour s\u2019assortir \u00e0 la cravate ou au costume. Les \u00e9pingles de revers peuvent ajouter une touche de couleur ou un \u00e9l\u00e9ment d\u2019int\u00e9r\u00eat au look et peuvent \u00eatre choisies en fonction de l\u2019occasion ou de l\u2019humeur. Enfin, les boutons de manchette sont un excellent choix pour compl\u00e9ter le look pour un mariage ou une occasion formelle et peuvent \u00eatre personnalis\u00e9s avec des gravures ou des monogrammes pour rendre l\u2019accessoire encore plus sp\u00e9cial.<\/p>\n\n\n\n<p>Avec l\u2019ajout de l\u2019un de ces accessoires, <strong>vous pouvez rendre votre look encore plus unique et personnalis\u00e9<\/strong>, et vous distinguer de la foule avec style.<\/p>\n\n\n\n<p>En conclusion, porter une cravate avec style n\u00e9cessite un peu d\u2019attention aux d\u00e9tails. Choisir le bon type de cravate pour l\u2019occasion, la couleur qui s\u2019harmonise avec le reste de la tenue et peut-\u00eatre ajouter un accessoire <strong>peuvent faire la diff\u00e9rence dans le look final<\/strong>. N\u2019ayez pas peur d\u2019exp\u00e9rimenter et de personnaliser votre look avec votre cr\u00e9ativit\u00e9 et votre style personnel.<\/p>\n\n\n\n<p>Avec ces conseils, <strong>vous serez pr\u00eat \u00e0 rendre chaque tenue sophistiqu\u00e9e et raffin\u00e9e<\/strong>.<\/p>\n","protected":false},"excerpt":{"rendered":"<p>Apprenez \u00e0 porter une cravate avec style : conseils pour choisir le bon mod\u00e8le et l&rsquo;assortir parfaitement \u00e0 chaque occasion.<\/p>\n","protected":false},"author":2,"featured_media":0,"comment_status":"closed","ping_status":"closed","sticky":false,"template":"","format":"standard","meta":{"_acf_changed":false,"footnotes":""},"categories":[109],"tags":[173,323,331],"class_list":["post-13661","post","type-post","status-publish","format-standard","hentry","category-articles-blog","tag-combinaisons","tag-assortir-la-cravate","tag-cravate-sur-mesure"],"acf":[],"yoast_head":"<!-- This site is optimized with the Yoast SEO plugin v24.6 - https:\/\/yoast.com\/wordpress\/plugins\/seo\/ -->\n<title>Comment porter une cravate avec style - Seterie Mosconi<\/title>\n<meta name=\"description\" content=\"Apprenez \u00e0 porter une cravate avec style : conseils pour choisir le bon mod\u00e8le et l&#039;assortir parfaitement \u00e0 chaque occasion.\" \/>\n<meta name=\"robots\" content=\"index, follow, max-snippet:-1, max-image-preview:large, max-video-preview:-1\" \/>\n<link rel=\"canonical\" href=\"https:\/\/www.seteriemosconi.com\/fr\/articles-blog\/comment-porter-une-cravate-avec-style\/\" \/>\n<meta property=\"og:locale\" content=\"fr_FR\" \/>\n<meta property=\"og:type\" content=\"article\" \/>\n<meta property=\"og:title\" content=\"Comment porter une cravate avec style - Seterie Mosconi\" \/>\n<meta property=\"og:description\" content=\"Apprenez \u00e0 porter une cravate avec style : conseils pour choisir le bon mod\u00e8le et l&#039;assortir parfaitement \u00e0 chaque occasion.\" \/>\n<meta property=\"og:url\" content=\"https:\/\/www.seteriemosconi.com\/fr\/articles-blog\/comment-porter-une-cravate-avec-style\/\" \/>\n<meta property=\"og:site_name\" content=\"Seterie Mosconi\" \/>\n<meta property=\"article:publisher\" content=\"https:\/\/www.facebook.com\/SeterieMosconi\/\" \/>\n<meta property=\"article:published_time\" content=\"2023-03-20T13:55:19+00:00\" \/>\n<meta property=\"article:modified_time\" content=\"2024-09-18T13:12:57+00:00\" \/>\n<meta property=\"og:image\" content=\"https:\/\/www.seteriemosconi.com\/wp-content\/uploads\/2022\/03\/cravatta-03-scalled.jpg\" \/>\n\t<meta property=\"og:image:width\" content=\"1200\" \/>\n\t<meta property=\"og:image:height\" content=\"1200\" \/>\n\t<meta property=\"og:image:type\" content=\"image\/jpeg\" \/>\n<meta name=\"author\" content=\"Gestione contenuti\" \/>\n<meta name=\"twitter:card\" content=\"summary_large_image\" \/>\n<meta name=\"twitter:label1\" content=\"\u00c9crit par\" \/>\n\t<meta name=\"twitter:data1\" content=\"Gestione contenuti\" \/>\n\t<meta name=\"twitter:label2\" content=\"Dur\u00e9e de lecture estim\u00e9e\" \/>\n\t<meta name=\"twitter:data2\" content=\"4 minutes\" \/>\n<script type=\"application\/ld+json\" class=\"yoast-schema-graph\">{\"@context\":\"https:\/\/schema.org\",\"@graph\":[{\"@type\":\"Article\",\"@id\":\"https:\/\/www.seteriemosconi.com\/fr\/articles-blog\/comment-porter-une-cravate-avec-style\/#article\",\"isPartOf\":{\"@id\":\"https:\/\/www.seteriemosconi.com\/fr\/articles-blog\/comment-porter-une-cravate-avec-style\/\"},\"author\":{\"name\":\"Gestione contenuti\",\"@id\":\"https:\/\/www.seteriemosconi.com\/fr\/#\/schema\/person\/a7b87d19e24d1eada6f8c20f2f218cab\"},\"headline\":\"Comment porter une cravate avec style\",\"datePublished\":\"2023-03-20T13:55:19+00:00\",\"dateModified\":\"2024-09-18T13:12:57+00:00\",\"mainEntityOfPage\":{\"@id\":\"https:\/\/www.seteriemosconi.com\/fr\/articles-blog\/comment-porter-une-cravate-avec-style\/\"},\"wordCount\":835,\"publisher\":{\"@id\":\"https:\/\/www.seteriemosconi.com\/fr\/#organization\"},\"keywords\":[\"combinaisons\",\"assortir la cravate\",\"cravate sur mesure\"],\"articleSection\":[\"Articles blog FR\"],\"inLanguage\":\"fr-FR\"},{\"@type\":\"WebPage\",\"@id\":\"https:\/\/www.seteriemosconi.com\/fr\/articles-blog\/comment-porter-une-cravate-avec-style\/\",\"url\":\"https:\/\/www.seteriemosconi.com\/fr\/articles-blog\/comment-porter-une-cravate-avec-style\/\",\"name\":\"Comment porter une cravate avec style - Seterie Mosconi\",\"isPartOf\":{\"@id\":\"https:\/\/www.seteriemosconi.com\/fr\/#website\"},\"datePublished\":\"2023-03-20T13:55:19+00:00\",\"dateModified\":\"2024-09-18T13:12:57+00:00\",\"description\":\"Apprenez \u00e0 porter une cravate avec style : conseils pour choisir le bon mod\u00e8le et l'assortir parfaitement \u00e0 chaque occasion.\",\"breadcrumb\":{\"@id\":\"https:\/\/www.seteriemosconi.com\/fr\/articles-blog\/comment-porter-une-cravate-avec-style\/#breadcrumb\"},\"inLanguage\":\"fr-FR\",\"potentialAction\":[{\"@type\":\"ReadAction\",\"target\":[\"https:\/\/www.seteriemosconi.com\/fr\/articles-blog\/comment-porter-une-cravate-avec-style\/\"]}]},{\"@type\":\"BreadcrumbList\",\"@id\":\"https:\/\/www.seteriemosconi.com\/fr\/articles-blog\/comment-porter-une-cravate-avec-style\/#breadcrumb\",\"itemListElement\":[{\"@type\":\"ListItem\",\"position\":1,\"name\":\"Home\",\"item\":\"https:\/\/www.seteriemosconi.com\/fr\/\"},{\"@type\":\"ListItem\",\"position\":2,\"name\":\"Comment porter une cravate avec style\"}]},{\"@type\":\"WebSite\",\"@id\":\"https:\/\/www.seteriemosconi.com\/fr\/#website\",\"url\":\"https:\/\/www.seteriemosconi.com\/fr\/\",\"name\":\"Seterie Mosconi\",\"description\":\"\",\"publisher\":{\"@id\":\"https:\/\/www.seteriemosconi.com\/fr\/#organization\"},\"alternateName\":\"Articoli promozionali per aziende\",\"potentialAction\":[{\"@type\":\"SearchAction\",\"target\":{\"@type\":\"EntryPoint\",\"urlTemplate\":\"https:\/\/www.seteriemosconi.com\/fr\/?s={search_term_string}\"},\"query-input\":{\"@type\":\"PropertyValueSpecification\",\"valueRequired\":true,\"valueName\":\"search_term_string\"}}],\"inLanguage\":\"fr-FR\"},{\"@type\":\"Organization\",\"@id\":\"https:\/\/www.seteriemosconi.com\/fr\/#organization\",\"name\":\"Seterie Mosconi\",\"alternateName\":\"Articoli promozionali per aziende\",\"url\":\"https:\/\/www.seteriemosconi.com\/fr\/\",\"logo\":{\"@type\":\"ImageObject\",\"inLanguage\":\"fr-FR\",\"@id\":\"https:\/\/www.seteriemosconi.com\/fr\/#\/schema\/logo\/image\/\",\"url\":\"https:\/\/www.seteriemosconi.com\/wp-content\/uploads\/2018\/01\/logo_mosconi-seteria.png\",\"contentUrl\":\"https:\/\/www.seteriemosconi.com\/wp-content\/uploads\/2018\/01\/logo_mosconi-seteria.png\",\"width\":500,\"height\":148,\"caption\":\"Seterie Mosconi\"},\"image\":{\"@id\":\"https:\/\/www.seteriemosconi.com\/fr\/#\/schema\/logo\/image\/\"},\"sameAs\":[\"https:\/\/www.facebook.com\/SeterieMosconi\/\",\"https:\/\/instagram.com\/seterie_mosconi\",\"https:\/\/www.linkedin.com\/company\/seterie-mosconi-ties-and-scarves\/\"]},{\"@type\":\"Person\",\"@id\":\"https:\/\/www.seteriemosconi.com\/fr\/#\/schema\/person\/a7b87d19e24d1eada6f8c20f2f218cab\",\"name\":\"Gestione contenuti\",\"image\":{\"@type\":\"ImageObject\",\"inLanguage\":\"fr-FR\",\"@id\":\"https:\/\/www.seteriemosconi.com\/fr\/#\/schema\/person\/image\/\",\"url\":\"https:\/\/www.seteriemosconi.com\/wp-content\/litespeed\/avatar\/294fb73a634bffd316e676654d145879.jpg?ver=1776970408\",\"contentUrl\":\"https:\/\/www.seteriemosconi.com\/wp-content\/litespeed\/avatar\/294fb73a634bffd316e676654d145879.jpg?ver=1776970408\",\"caption\":\"Gestione contenuti\"}}]}<\/script>\n<!-- \/ Yoast SEO plugin. -->","yoast_head_json":{"title":"Comment porter une cravate avec style - Seterie Mosconi","description":"Apprenez \u00e0 porter une cravate avec style : conseils pour choisir le bon mod\u00e8le et l'assortir parfaitement \u00e0 chaque occasion.","robots":{"index":"index","follow":"follow","max-snippet":"max-snippet:-1","max-image-preview":"max-image-preview:large","max-video-preview":"max-video-preview:-1"},"canonical":"https:\/\/www.seteriemosconi.com\/fr\/articles-blog\/comment-porter-une-cravate-avec-style\/","og_locale":"fr_FR","og_type":"article","og_title":"Comment porter une cravate avec style - Seterie Mosconi","og_description":"Apprenez \u00e0 porter une cravate avec style : conseils pour choisir le bon mod\u00e8le et l'assortir parfaitement \u00e0 chaque occasion.","og_url":"https:\/\/www.seteriemosconi.com\/fr\/articles-blog\/comment-porter-une-cravate-avec-style\/","og_site_name":"Seterie Mosconi","article_publisher":"https:\/\/www.facebook.com\/SeterieMosconi\/","article_published_time":"2023-03-20T13:55:19+00:00","article_modified_time":"2024-09-18T13:12:57+00:00","og_image":[{"width":1200,"height":1200,"url":"https:\/\/www.seteriemosconi.com\/wp-content\/uploads\/2022\/03\/cravatta-03-scalled.jpg","type":"image\/jpeg"}],"author":"Gestione contenuti","twitter_card":"summary_large_image","twitter_misc":{"\u00c9crit par":"Gestione contenuti","Dur\u00e9e de lecture estim\u00e9e":"4 minutes"},"schema":{"@context":"https:\/\/schema.org","@graph":[{"@type":"Article","@id":"https:\/\/www.seteriemosconi.com\/fr\/articles-blog\/comment-porter-une-cravate-avec-style\/#article","isPartOf":{"@id":"https:\/\/www.seteriemosconi.com\/fr\/articles-blog\/comment-porter-une-cravate-avec-style\/"},"author":{"name":"Gestione contenuti","@id":"https:\/\/www.seteriemosconi.com\/fr\/#\/schema\/person\/a7b87d19e24d1eada6f8c20f2f218cab"},"headline":"Comment porter une cravate avec style","datePublished":"2023-03-20T13:55:19+00:00","dateModified":"2024-09-18T13:12:57+00:00","mainEntityOfPage":{"@id":"https:\/\/www.seteriemosconi.com\/fr\/articles-blog\/comment-porter-une-cravate-avec-style\/"},"wordCount":835,"publisher":{"@id":"https:\/\/www.seteriemosconi.com\/fr\/#organization"},"keywords":["combinaisons","assortir la cravate","cravate sur mesure"],"articleSection":["Articles blog FR"],"inLanguage":"fr-FR"},{"@type":"WebPage","@id":"https:\/\/www.seteriemosconi.com\/fr\/articles-blog\/comment-porter-une-cravate-avec-style\/","url":"https:\/\/www.seteriemosconi.com\/fr\/articles-blog\/comment-porter-une-cravate-avec-style\/","name":"Comment porter une cravate avec style - Seterie Mosconi","isPartOf":{"@id":"https:\/\/www.seteriemosconi.com\/fr\/#website"},"datePublished":"2023-03-20T13:55:19+00:00","dateModified":"2024-09-18T13:12:57+00:00","description":"Apprenez \u00e0 porter une cravate avec style : conseils pour choisir le bon mod\u00e8le et l'assortir parfaitement \u00e0 chaque occasion.","breadcrumb":{"@id":"https:\/\/www.seteriemosconi.com\/fr\/articles-blog\/comment-porter-une-cravate-avec-style\/#breadcrumb"},"inLanguage":"fr-FR","potentialAction":[{"@type":"ReadAction","target":["https:\/\/www.seteriemosconi.com\/fr\/articles-blog\/comment-porter-une-cravate-avec-style\/"]}]},{"@type":"BreadcrumbList","@id":"https:\/\/www.seteriemosconi.com\/fr\/articles-blog\/comment-porter-une-cravate-avec-style\/#breadcrumb","itemListElement":[{"@type":"ListItem","position":1,"name":"Home","item":"https:\/\/www.seteriemosconi.com\/fr\/"},{"@type":"ListItem","position":2,"name":"Comment porter une cravate avec style"}]},{"@type":"WebSite","@id":"https:\/\/www.seteriemosconi.com\/fr\/#website","url":"https:\/\/www.seteriemosconi.com\/fr\/","name":"Seterie Mosconi","description":"","publisher":{"@id":"https:\/\/www.seteriemosconi.com\/fr\/#organization"},"alternateName":"Articoli promozionali per aziende","potentialAction":[{"@type":"SearchAction","target":{"@type":"EntryPoint","urlTemplate":"https:\/\/www.seteriemosconi.com\/fr\/?s={search_term_string}"},"query-input":{"@type":"PropertyValueSpecification","valueRequired":true,"valueName":"search_term_string"}}],"inLanguage":"fr-FR"},{"@type":"Organization","@id":"https:\/\/www.seteriemosconi.com\/fr\/#organization","name":"Seterie Mosconi","alternateName":"Articoli promozionali per aziende","url":"https:\/\/www.seteriemosconi.com\/fr\/","logo":{"@type":"ImageObject","inLanguage":"fr-FR","@id":"https:\/\/www.seteriemosconi.com\/fr\/#\/schema\/logo\/image\/","url":"https:\/\/www.seteriemosconi.com\/wp-content\/uploads\/2018\/01\/logo_mosconi-seteria.png","contentUrl":"https:\/\/www.seteriemosconi.com\/wp-content\/uploads\/2018\/01\/logo_mosconi-seteria.png","width":500,"height":148,"caption":"Seterie Mosconi"},"image":{"@id":"https:\/\/www.seteriemosconi.com\/fr\/#\/schema\/logo\/image\/"},"sameAs":["https:\/\/www.facebook.com\/SeterieMosconi\/","https:\/\/instagram.com\/seterie_mosconi","https:\/\/www.linkedin.com\/company\/seterie-mosconi-ties-and-scarves\/"]},{"@type":"Person","@id":"https:\/\/www.seteriemosconi.com\/fr\/#\/schema\/person\/a7b87d19e24d1eada6f8c20f2f218cab","name":"Gestione contenuti","image":{"@type":"ImageObject","inLanguage":"fr-FR","@id":"https:\/\/www.seteriemosconi.com\/fr\/#\/schema\/person\/image\/","url":"https:\/\/www.seteriemosconi.com\/wp-content\/litespeed\/avatar\/294fb73a634bffd316e676654d145879.jpg?ver=1776970408","contentUrl":"https:\/\/www.seteriemosconi.com\/wp-content\/litespeed\/avatar\/294fb73a634bffd316e676654d145879.jpg?ver=1776970408","caption":"Gestione contenuti"}}]}},"_links":{"self":[{"href":"https:\/\/www.seteriemosconi.com\/fr\/wp-json\/wp\/v2\/posts\/13661","targetHints":{"allow":["GET"]}}],"collection":[{"href":"https:\/\/www.seteriemosconi.com\/fr\/wp-json\/wp\/v2\/posts"}],"about":[{"href":"https:\/\/www.seteriemosconi.com\/fr\/wp-json\/wp\/v2\/types\/post"}],"author":[{"embeddable":true,"href":"https:\/\/www.seteriemosconi.com\/fr\/wp-json\/wp\/v2\/users\/2"}],"replies":[{"embeddable":true,"href":"https:\/\/www.seteriemosconi.com\/fr\/wp-json\/wp\/v2\/comments?post=13661"}],"version-history":[{"count":2,"href":"https:\/\/www.seteriemosconi.com\/fr\/wp-json\/wp\/v2\/posts\/13661\/revisions"}],"predecessor-version":[{"id":13668,"href":"https:\/\/www.seteriemosconi.com\/fr\/wp-json\/wp\/v2\/posts\/13661\/revisions\/13668"}],"wp:attachment":[{"href":"https:\/\/www.seteriemosconi.com\/fr\/wp-json\/wp\/v2\/media?parent=13661"}],"wp:term":[{"taxonomy":"category","embeddable":true,"href":"https:\/\/www.seteriemosconi.com\/fr\/wp-json\/wp\/v2\/categories?post=13661"},{"taxonomy":"post_tag","embeddable":true,"href":"https:\/\/www.seteriemosconi.com\/fr\/wp-json\/wp\/v2\/tags?post=13661"}],"curies":[{"name":"wp","href":"https:\/\/api.w.org\/{rel}","templated":true}]}}