{"id":13910,"date":"2024-02-15T10:30:32","date_gmt":"2024-02-15T09:30:32","guid":{"rendered":"https:\/\/www.seteriemosconi.com\/blog-fr\/motivo-gingham-cravatte-come-icone-di-stile\/"},"modified":"2024-09-25T11:18:10","modified_gmt":"2024-09-25T10:18:10","slug":"motif-vichy-les-cravates-comme-icones-de-style","status":"publish","type":"post","link":"https:\/\/www.seteriemosconi.com\/fr\/articles-blog\/motif-vichy-les-cravates-comme-icones-de-style\/","title":{"rendered":"Motif Vichy : les cravates comme ic\u00f4nes de style"},"content":{"rendered":"\n<p class=\"uk-text-lead uk-dropcap\">Le <strong>motif Vichy<\/strong>, avec son design \u00e0 carreaux inimitable, s\u2019est impos\u00e9 comme une ic\u00f4ne incontest\u00e9e dans le monde de la mode, particuli\u00e8rement dans le domaine des cravates.<\/p>\n\n\n\n<p>Son histoire est aussi riche que son esth\u00e9tique est simple et \u00e9l\u00e9gante.<\/p>\n\n\n\n<p>Ce motif, traditionnellement compos\u00e9 de <strong>lignes blanches et color\u00e9es cr\u00e9ant un effet \u00e0 carreaux<\/strong>, a travers\u00e9 des si\u00e8cles d\u2019histoire de la mode, \u00e9voluant d\u2019un simple tissu \u00e0 un symbole de style et de sophistication.<\/p>\n\n\n\n<p>Dans cet article, nous retracerons les <strong>racines historiques du motif Vichy<\/strong>, son ascension \u00e0 la popularit\u00e9 et sa transformation en un \u00e9l\u00e9ment essentiel de la garde-robe moderne. De plus, nous verrons comment Seterie Mosconi, une entreprise connue pour son excellence dans la cr\u00e9ation de cravates, a interpr\u00e9t\u00e9 ce design classique, offrant des versions raffin\u00e9es et de haute qualit\u00e9 qui refl\u00e8tent les besoins et les styles des professionnels contemporains.<\/p>\n\n\n\n<p class=\"has-text-align-center\"><strong>VOUS POUVEZ \u00c9GALEMENT LIRE : <a href=\"https:\/\/www.seteriemosconi.com\/fr\/articles-blog\/lelegance-regimentaire-lorigine-et-la-signification-des-cravates-rayees\/\">L&rsquo;\u00e9l\u00e9gance r\u00e9gimentaire : l&rsquo;origine et la signification des cravates ray\u00e9es<\/a><\/strong><\/p>\n\n\n\n<h2 class=\"wp-block-heading\">Qu\u2019est-ce que le motif Vichy ?<\/h2>\n\n\n\n<p>Le <strong>motif Vichy est un design textile classique<\/strong> pr\u00e9sentant des carreaux uniformes, g\u00e9n\u00e9ralement de deux couleurs, cr\u00e9\u00e9s par l\u2019intersection de lignes verticales et horizontales sur un fond blanc. Son <strong>charme r\u00e9side dans la simplicit\u00e9<\/strong> et la clart\u00e9 du motif, \u00e9voquant un sentiment d\u2019ordre et de propret\u00e9. Initialement tiss\u00e9 en coton, le Vichy est appr\u00e9ci\u00e9 pour sa polyvalence et sa durabilit\u00e9.<\/p>\n\n\n\n<p>Dans le monde des cravates, le motif Vichy se distingue par sa capacit\u00e9 \u00e0 \u00e9quilibrer formalit\u00e9 et cr\u00e9ativit\u00e9. C\u2019est un <strong>choix id\u00e9al pour les professionnels<\/strong> qui souhaitent ajouter une touche de caract\u00e8re \u00e0 leur tenue formelle sans perturber les canons de l\u2019\u00e9l\u00e9gance. Le Vichy s\u2019adapte magnifiquement aux environnements professionnels et d\u00e9contract\u00e9s, offrant une large gamme de possibilit\u00e9s d\u2019association.<\/p>\n\n\n\n<p>Il peut \u00eatre utilis\u00e9 pour <strong>rompre la monotonie d\u2019une tenue monochromatique<\/strong> ou pour ajouter un \u00e9l\u00e9ment de contraste en combinaison avec d\u2019autres motifs. Cette polyvalence fait des cravates Vichy un incontournable dans la garde-robe de tout homme soucieux de son style, d\u00e9montrant que le classicisme peut encore avoir une place de choix dans la mode contemporaine.<\/p>\n\n\n\n<h2 class=\"wp-block-heading\">L\u2019histoire du motif Vichy<\/h2>\n\n\n\n<h3 class=\"wp-block-heading\">Origines europ\u00e9ennes<\/h3>\n\n\n\n<p>Le motif Vichy poss\u00e8de une histoire fascinante <strong>remontant au 17\u00e8me si\u00e8cle<\/strong> en Europe, en particulier dans la <strong>ville de Manchester<\/strong>, en Angleterre. Ce tissu a parcouru un long chemin \u00e9volutif, se transformant d\u2019un simple tissu \u00e0 rayures au motif \u00e0 carreaux classique que nous connaissons aujourd\u2019hui.<\/p>\n\n\n\n<p>Initialement, le Vichy \u00e9tait tiss\u00e9 en utilisant des fils de diff\u00e9rentes couleurs pour cr\u00e9er son effet ray\u00e9. Cependant, au fil des si\u00e8cles, les fabricants ont commenc\u00e9 \u00e0 exp\u00e9rimenter diff\u00e9rents styles et techniques de tissage, conduisant finalement \u00e0 la cr\u00e9ation du design \u00e0 carreaux.<\/p>\n\n\n\n<p>L\u2019\u00e9volution du Vichy refl\u00e8te non seulement les <strong>changements dans la technologie textile<\/strong>, mais aussi les besoins et les go\u00fbts changeants de la soci\u00e9t\u00e9.<\/p>\n\n\n\n<p>D\u2019un tissu <strong>principalement utilis\u00e9 pour les v\u00eatements de travail et les uniformes<\/strong> en raison de sa durabilit\u00e9 et de sa praticit\u00e9, le Vichy est rapidement devenu populaire dans toute l\u2019Europe. Sa simplicit\u00e9 et son caract\u00e8re distinctif en ont fait un choix appr\u00e9ci\u00e9 dans les garde-robes masculines et f\u00e9minines.<\/p>\n\n\n\n<h3 class=\"wp-block-heading\">Popularit\u00e9 et \u00e9volution<\/h3>\n\n\n\n<p>Au cours des 18\u00e8me et 19\u00e8me si\u00e8cles, le motif Vichy a continu\u00e9 \u00e0 gagner en popularit\u00e9, s\u2019imposant comme un choix de tissu polyvalent et durable.<\/p>\n\n\n\n<p>Il \u00e9tait particuli\u00e8rement appr\u00e9ci\u00e9 pour sa capacit\u00e9 \u00e0 <strong>r\u00e9sister \u00e0 l\u2019usure quotidienne<\/strong> tout en conservant une apparence esth\u00e9tique agr\u00e9able. Sa simplicit\u00e9 le rendait <strong>facile \u00e0 assortir<\/strong>, et sa production \u00e9conomique le rendait accessible.<\/p>\n\n\n\n<p>Au 20\u00e8me si\u00e8cle, le Vichy a fait le saut de la fonctionnalit\u00e9 \u00e0 la mode.<\/p>\n\n\n\n<p>Il est devenu un symbole de style d\u00e9contract\u00e9 mais soign\u00e9, adopt\u00e9 par les designers et les amateurs de mode du monde entier. Il est apparu sous diverses formes de v\u00eatements, y compris des robes, des jupes, des chemises et, bien s\u00fbr, des cravates.<\/p>\n\n\n\n<p>Les <strong>cravates en Vichy<\/strong> sont devenues un \u00e9l\u00e9ment essentiel pour un look sophistiqu\u00e9 mais pas trop formel, adapt\u00e9es aux environnements professionnels et aux occasions sociales.<\/p>\n\n\n\n<p>Sa polyvalence et son caract\u00e8re distinctif en ont fait un motif tr\u00e8s appr\u00e9ci\u00e9, continuellement r\u00e9interpr\u00e9t\u00e9 dans la mode contemporaine. De tissu pratique \u00e0 ic\u00f4ne de style, le Vichy a parcouru un long chemin, devenant un \u00e9l\u00e9ment indispensable dans les garde-robes de ceux qui appr\u00e9cient la tradition alli\u00e9e \u00e0 l\u2019\u00e9l\u00e9gance moderne.<\/p>\n\n\n\n<p class=\"has-text-align-center\"><strong>VOUS POUVEZ \u00c9GALEMENT LIRE : <a href=\"https:\/\/www.seteriemosconi.com\/fr\/articles-blog\/tendances-emergentes-dans-le-monde-des-cravates-ce-que-nous-reserve-2024\/\">Tendances \u00e9mergentes dans le monde des cravates : ce que nous r\u00e9serve 2024<\/a><\/strong><\/p>\n\n\n\n<h2 class=\"wp-block-heading\">Le Vichy dans la mode moderne<\/h2>\n\n\n\n<h3 class=\"wp-block-heading\">Un symbole de style casual-chic<\/h3>\n\n\n\n<p>\u00c0 l\u2019\u00e8re moderne, le motif Vichy a pris un r\u00f4le significatif dans le paysage de la mode, devenant un <strong>symbole reconnu de style casual-chic<\/strong>.<\/p>\n\n\n\n<p>Ce motif, avec ses carreaux bien d\u00e9finis et son design g\u00e9om\u00e9trique, est un choix id\u00e9al pour ceux qui souhaitent insuffler un sens d\u2019originalit\u00e9 dans leur style tout en maintenant une aura d\u2019\u00e9l\u00e9gance raffin\u00e9e.<\/p>\n\n\n\n<p>Le Vichy s\u2019est distingu\u00e9 comme un motif <strong>capable de transformer un v\u00eatement simple<\/strong> en quelque chose de tr\u00e8s original, offrant un \u00e9quilibre parfait entre une approche d\u00e9contract\u00e9e et une attention aux d\u00e9tails.<\/p>\n\n\n\n<p>Son attrait r\u00e9side dans sa <strong>capacit\u00e9 \u00e0 s\u2019adapter<\/strong> \u00e0 diff\u00e9rents contextes et styles.<\/p>\n\n\n\n<p>Dans un monde o\u00f9 la fronti\u00e8re entre les v\u00eatements formels et d\u00e9contract\u00e9s est de plus en plus floue, le Vichy \u00e9merge comme un choix polyvalent, capable de naviguer entre ces deux mondes avec aisance.<\/p>\n\n\n\n<h3 class=\"wp-block-heading\">Polyvalence dans les affaires et les loisirs<\/h3>\n\n\n\n<p>Pour un professionnel, une cravate Vichy peut \u00eatre un <strong>\u00e9l\u00e9ment polyvalent<\/strong> dans la garde-robe.<\/p>\n\n\n\n<p>Ce design offre un moyen \u00e9l\u00e9gant de <strong>rompre la routine des tenues formelles<\/strong>, apportant une touche de couleur et de caract\u00e8re qui peut raviver m\u00eame le look de bureau le plus classique.<\/p>\n\n\n\n<p>Sa polyvalence est particuli\u00e8rement appr\u00e9ci\u00e9e dans les environnements de travail o\u00f9 un certain niveau de professionnalisme est requis, mais o\u00f9 une touche d\u2019originalit\u00e9 est \u00e9galement accept\u00e9e.<\/p>\n\n\n\n<p>De plus, la cravate Vichy s\u2019adapte facilement aux moments de d\u00e9tente. Pour une r\u00e9union apr\u00e8s le travail ou un week-end en ville, une cravate avec ce motif peut \u00eatre associ\u00e9e sans effort \u00e0 des jeans et des chemises d\u00e9contract\u00e9es, cr\u00e9ant un look informel mais \u00e9tudi\u00e9.<\/p>\n\n\n\n<p>La cl\u00e9 du succ\u00e8s du Vichy dans la mode contemporaine r\u00e9side dans sa capacit\u00e9 \u00e0 s\u2019adapter \u00e0 diff\u00e9rentes situations, tout en maintenant une image soign\u00e9e et \u00e0 la mode.<\/p>\n\n\n\n<h2 class=\"wp-block-heading\">Comment porter une cravate Vichy<\/h2>\n\n\n\n<h3 class=\"wp-block-heading\">Associations parfaites<\/h3>\n\n\n\n<p><strong>Porter une cravate Vichy<\/strong> n\u00e9cessite un certain \u0153il pour les associations, afin d\u2019exploiter pleinement son potentiel esth\u00e9tique.<\/p>\n\n\n\n<p>Une <strong>r\u00e8gle de base<\/strong> est de choisir une chemise qui compl\u00e8te ou contraste harmonieusement avec la cravate. Une approche classique et s\u00fbre consiste \u00e0 opter pour une chemise unie, peut-\u00eatre dans l\u2019une des couleurs pr\u00e9sentes dans le motif Vichy. Cela cr\u00e9e un look coordonn\u00e9 et sophistiqu\u00e9, id\u00e9al pour les environnements professionnels ou les r\u00e9unions formelles.<\/p>\n\n\n\n<p>Pour un <strong>look plus audacieux et contemporain<\/strong>, vous pouvez exp\u00e9rimenter avec des chemises \u00e0 fines rayures ou \u00e0 micro-motifs. Il est essentiel, cependant, que les couleurs de la chemise et de la cravate soient compl\u00e9mentaires ou dans des tons similaires pour \u00e9viter des contrastes trop forts ou disharmonieux. Le secret r\u00e9side dans le maintien d\u2019un \u00e9quilibre visuel, o\u00f9 la cravate Vichy devient le point focal sans dominer le reste de la tenue.<\/p>\n\n\n\n<h3 class=\"wp-block-heading\">Occasions et saisons<\/h3>\n\n\n\n<p>La polyvalence de la cravate Vichy la rend particuli\u00e8rement adapt\u00e9e \u00e0 diff\u00e9rentes occasions et saisons.<\/p>\n\n\n\n<p>Avec son <strong>apparence fra\u00eeche et vive<\/strong>, elle est parfaite pour les \u00e9v\u00e9nements printaniers et estivaux, comme les mariages en plein air, les brunchs ou les r\u00e9unions d\u2019affaires informelles. Le motif Vichy ajoute une touche de l\u00e9g\u00e8ret\u00e9 et de joie, id\u00e9ale pour les mois les plus chauds.<\/p>\n\n\n\n<p>Dans des <strong>contextes semi-formels ou casual business<\/strong>, la cravate Vichy peut \u00eatre un excellent ajout. Elle offre un moyen de se d\u00e9marquer subtilement, exprimant cr\u00e9ativit\u00e9 et sens du style personnel. Dans ces sc\u00e9narios, une cravate Vichy bien choisie peut \u00e9lever une tenue \u00e0 un \u00e9l\u00e9ment distinctif, d\u00e9montrant que m\u00eame dans des occasions moins formelles, il est possible de maintenir un haut niveau d\u2019\u00e9l\u00e9gance et de sophistication.<\/p>\n\n\n\n<p>Porter une cravate Vichy peut am\u00e9liorer de mani\u00e8re significative l\u2019apparence g\u00e9n\u00e9rale et le charme de celui qui la porte. Qu\u2019il s\u2019agisse d\u2019une r\u00e9union d\u2019affaires, d\u2019un \u00e9v\u00e9nement social ou d\u2019une journ\u00e9e au bureau, la cravate Vichy offre une gamme de possibilit\u00e9s pour exprimer son style individuel tout en maintenant une \u00e9l\u00e9gance impeccable.<\/p>\n\n\n\n<p class=\"has-text-align-center\"><strong>VOUS POUVEZ \u00c9GALEMENT LIRE : <a href=\"https:\/\/www.seteriemosconi.com\/fr\/articles-blog\/motif-paisley-lhistoire-de-limpression-des-motifs-de-cachemire\/\">Motif Paisley : l&rsquo;histoire de l&rsquo;impression des motifs de cachemire<\/a><\/strong><\/p>\n\n\n\n<h2 class=\"wp-block-heading\">Seterie Mosconi : ma\u00eetres dans l\u2019art des cravates<\/h2>\n\n\n\n<p><strong>Seterie Mosconi<\/strong> est une entreprise connue pour sa longue histoire dans la cr\u00e9ation de cravates de qualit\u00e9.<\/p>\n\n\n\n<p>La qualit\u00e9 des cravates Mosconi r\u00e9side non seulement dans le choix des mat\u00e9riaux, mais aussi dans la ma\u00eetrise avec laquelle elles sont produites. Chaque cravate est un t\u00e9moignage du design italien, c\u00e9l\u00e9brant une tradition d\u2019\u00e9l\u00e9gance et de raffinement.<\/p>\n\n\n\n<p>Seterie Mosconi comprend que <strong>l\u2019\u00e9l\u00e9gance et le style sont profond\u00e9ment personnels<\/strong>. C\u2019est pourquoi elle offre un service de personnalisation, permettant aux clients de choisir parmi une large gamme de couleurs et de tailles du motif Vichy.<\/p>\n\n\n\n<p>Ce <strong>processus de personnalisation<\/strong> permet de cr\u00e9er une cravate qui n\u2019est pas seulement un accessoire de haute qualit\u00e9, mais aussi une expression du go\u00fbt personnel et du style individuel du client.<\/p>\n\n\n\n<h3 class=\"wp-block-heading\">Qualit\u00e9 et tradition<\/h3>\n\n\n\n<p>Seterie Mosconi peut r\u00e9aliser une cravate qui s\u2019adapte parfaitement aux besoins et aux pr\u00e9f\u00e9rences de chaque client. Les cravates de Seterie Mosconi sont le choix parfait pour ceux qui recherchent un accessoire qui allie \u00e9l\u00e9gance, tradition et une touche d\u2019originalit\u00e9.<\/p>\n\n\n\n<p>Si vous d\u00e9sirez une cravate Vichy qui refl\u00e8te votre style unique, <strong>Seterie Mosconi<\/strong> est \u00e0 votre disposition pour r\u00e9aliser votre souhait. Visitez notre site web ou contactez-nous pour explorer notre collection et d\u00e9couvrir toutes les options de personnalisation disponibles.<\/p>\n\n\n\n<p>Avec Seterie Mosconi, chaque cravate est plus qu\u2019un simple accessoire : c\u2019est une affirmation de style, de qualit\u00e9 et d\u2019individualit\u00e9.<\/p>\n","protected":false},"excerpt":{"rendered":"<p>D\u00e9couvrez le motif Vichy : des cravates embl\u00e9matiques qui allient formalit\u00e9 et cr\u00e9ativit\u00e9, indispensables \u00e0 toute garde-robe \u00e9l\u00e9gante.<\/p>\n","protected":false},"author":2,"featured_media":10736,"comment_status":"closed","ping_status":"closed","sticky":false,"template":"","format":"standard","meta":{"_acf_changed":false,"footnotes":""},"categories":[109],"tags":[112,145,165,331,376],"class_list":["post-13910","post","type-post","status-publish","format-standard","has-post-thumbnail","hentry","category-articles-blog","tag-cravate-personnalisee","tag-cravate-a-motifs","tag-fabrication-de-cravates","tag-cravate-sur-mesure","tag-motif-vichy"],"acf":[],"yoast_head":"<!-- This site is optimized with the Yoast SEO plugin v24.6 - https:\/\/yoast.com\/wordpress\/plugins\/seo\/ -->\n<title>Motif Vichy : les cravates comme ic\u00f4nes de style - Seterie Mosconi<\/title>\n<meta name=\"description\" content=\"D\u00e9couvrez le motif Vichy : des cravates embl\u00e9matiques qui allient formalit\u00e9 et cr\u00e9ativit\u00e9, indispensables \u00e0 toute garde-robe \u00e9l\u00e9gante.\" \/>\n<meta name=\"robots\" content=\"index, follow, max-snippet:-1, max-image-preview:large, max-video-preview:-1\" \/>\n<link rel=\"canonical\" href=\"https:\/\/www.seteriemosconi.com\/fr\/articles-blog\/motif-vichy-les-cravates-comme-icones-de-style\/\" \/>\n<meta property=\"og:locale\" content=\"fr_FR\" \/>\n<meta property=\"og:type\" content=\"article\" \/>\n<meta property=\"og:title\" content=\"Motif Vichy : les cravates comme ic\u00f4nes de style - Seterie Mosconi\" \/>\n<meta property=\"og:description\" content=\"D\u00e9couvrez le motif Vichy : des cravates embl\u00e9matiques qui allient formalit\u00e9 et cr\u00e9ativit\u00e9, indispensables \u00e0 toute garde-robe \u00e9l\u00e9gante.\" \/>\n<meta property=\"og:url\" content=\"https:\/\/www.seteriemosconi.com\/fr\/articles-blog\/motif-vichy-les-cravates-comme-icones-de-style\/\" \/>\n<meta property=\"og:site_name\" content=\"Seterie Mosconi\" \/>\n<meta property=\"article:publisher\" content=\"https:\/\/www.facebook.com\/SeterieMosconi\/\" \/>\n<meta property=\"article:published_time\" content=\"2024-02-15T09:30:32+00:00\" \/>\n<meta property=\"article:modified_time\" content=\"2024-09-25T10:18:10+00:00\" \/>\n<meta property=\"og:image\" content=\"https:\/\/www.seteriemosconi.com\/wp-content\/uploads\/2024\/02\/motivo-gingham.jpg\" \/>\n\t<meta property=\"og:image:width\" content=\"1000\" \/>\n\t<meta property=\"og:image:height\" content=\"667\" \/>\n\t<meta property=\"og:image:type\" content=\"image\/jpeg\" \/>\n<meta name=\"author\" content=\"Gestione contenuti\" \/>\n<meta name=\"twitter:card\" content=\"summary_large_image\" \/>\n<meta name=\"twitter:label1\" content=\"\u00c9crit par\" \/>\n\t<meta name=\"twitter:data1\" content=\"Gestione contenuti\" \/>\n\t<meta name=\"twitter:label2\" content=\"Dur\u00e9e de lecture estim\u00e9e\" \/>\n\t<meta name=\"twitter:data2\" content=\"9 minutes\" \/>\n<script type=\"application\/ld+json\" class=\"yoast-schema-graph\">{\"@context\":\"https:\/\/schema.org\",\"@graph\":[{\"@type\":\"Article\",\"@id\":\"https:\/\/www.seteriemosconi.com\/fr\/articles-blog\/motif-vichy-les-cravates-comme-icones-de-style\/#article\",\"isPartOf\":{\"@id\":\"https:\/\/www.seteriemosconi.com\/fr\/articles-blog\/motif-vichy-les-cravates-comme-icones-de-style\/\"},\"author\":{\"name\":\"Gestione contenuti\",\"@id\":\"https:\/\/www.seteriemosconi.com\/fr\/#\/schema\/person\/a7b87d19e24d1eada6f8c20f2f218cab\"},\"headline\":\"Motif Vichy : les cravates comme ic\u00f4nes de style\",\"datePublished\":\"2024-02-15T09:30:32+00:00\",\"dateModified\":\"2024-09-25T10:18:10+00:00\",\"mainEntityOfPage\":{\"@id\":\"https:\/\/www.seteriemosconi.com\/fr\/articles-blog\/motif-vichy-les-cravates-comme-icones-de-style\/\"},\"wordCount\":1782,\"publisher\":{\"@id\":\"https:\/\/www.seteriemosconi.com\/fr\/#organization\"},\"image\":{\"@id\":\"https:\/\/www.seteriemosconi.com\/fr\/articles-blog\/motif-vichy-les-cravates-comme-icones-de-style\/#primaryimage\"},\"thumbnailUrl\":\"https:\/\/www.seteriemosconi.com\/wp-content\/uploads\/2024\/02\/motivo-gingham.jpg\",\"keywords\":[\"cravate personnalis\u00e9e\",\"cravate \u00e0 motifs\",\"fabrication de cravates\",\"cravate sur mesure\",\"motif vichy\"],\"articleSection\":[\"Articles blog FR\"],\"inLanguage\":\"fr-FR\"},{\"@type\":\"WebPage\",\"@id\":\"https:\/\/www.seteriemosconi.com\/fr\/articles-blog\/motif-vichy-les-cravates-comme-icones-de-style\/\",\"url\":\"https:\/\/www.seteriemosconi.com\/fr\/articles-blog\/motif-vichy-les-cravates-comme-icones-de-style\/\",\"name\":\"Motif Vichy : les cravates comme ic\u00f4nes de style - Seterie Mosconi\",\"isPartOf\":{\"@id\":\"https:\/\/www.seteriemosconi.com\/fr\/#website\"},\"primaryImageOfPage\":{\"@id\":\"https:\/\/www.seteriemosconi.com\/fr\/articles-blog\/motif-vichy-les-cravates-comme-icones-de-style\/#primaryimage\"},\"image\":{\"@id\":\"https:\/\/www.seteriemosconi.com\/fr\/articles-blog\/motif-vichy-les-cravates-comme-icones-de-style\/#primaryimage\"},\"thumbnailUrl\":\"https:\/\/www.seteriemosconi.com\/wp-content\/uploads\/2024\/02\/motivo-gingham.jpg\",\"datePublished\":\"2024-02-15T09:30:32+00:00\",\"dateModified\":\"2024-09-25T10:18:10+00:00\",\"description\":\"D\u00e9couvrez le motif Vichy : des cravates embl\u00e9matiques qui allient formalit\u00e9 et cr\u00e9ativit\u00e9, indispensables \u00e0 toute garde-robe \u00e9l\u00e9gante.\",\"breadcrumb\":{\"@id\":\"https:\/\/www.seteriemosconi.com\/fr\/articles-blog\/motif-vichy-les-cravates-comme-icones-de-style\/#breadcrumb\"},\"inLanguage\":\"fr-FR\",\"potentialAction\":[{\"@type\":\"ReadAction\",\"target\":[\"https:\/\/www.seteriemosconi.com\/fr\/articles-blog\/motif-vichy-les-cravates-comme-icones-de-style\/\"]}]},{\"@type\":\"ImageObject\",\"inLanguage\":\"fr-FR\",\"@id\":\"https:\/\/www.seteriemosconi.com\/fr\/articles-blog\/motif-vichy-les-cravates-comme-icones-de-style\/#primaryimage\",\"url\":\"https:\/\/www.seteriemosconi.com\/wp-content\/uploads\/2024\/02\/motivo-gingham.jpg\",\"contentUrl\":\"https:\/\/www.seteriemosconi.com\/wp-content\/uploads\/2024\/02\/motivo-gingham.jpg\",\"width\":1000,\"height\":667},{\"@type\":\"BreadcrumbList\",\"@id\":\"https:\/\/www.seteriemosconi.com\/fr\/articles-blog\/motif-vichy-les-cravates-comme-icones-de-style\/#breadcrumb\",\"itemListElement\":[{\"@type\":\"ListItem\",\"position\":1,\"name\":\"Home\",\"item\":\"https:\/\/www.seteriemosconi.com\/fr\/\"},{\"@type\":\"ListItem\",\"position\":2,\"name\":\"Motif Vichy : les cravates comme ic\u00f4nes de style\"}]},{\"@type\":\"WebSite\",\"@id\":\"https:\/\/www.seteriemosconi.com\/fr\/#website\",\"url\":\"https:\/\/www.seteriemosconi.com\/fr\/\",\"name\":\"Seterie Mosconi\",\"description\":\"\",\"publisher\":{\"@id\":\"https:\/\/www.seteriemosconi.com\/fr\/#organization\"},\"alternateName\":\"Articoli promozionali per aziende\",\"potentialAction\":[{\"@type\":\"SearchAction\",\"target\":{\"@type\":\"EntryPoint\",\"urlTemplate\":\"https:\/\/www.seteriemosconi.com\/fr\/?s={search_term_string}\"},\"query-input\":{\"@type\":\"PropertyValueSpecification\",\"valueRequired\":true,\"valueName\":\"search_term_string\"}}],\"inLanguage\":\"fr-FR\"},{\"@type\":\"Organization\",\"@id\":\"https:\/\/www.seteriemosconi.com\/fr\/#organization\",\"name\":\"Seterie Mosconi\",\"alternateName\":\"Articoli promozionali per aziende\",\"url\":\"https:\/\/www.seteriemosconi.com\/fr\/\",\"logo\":{\"@type\":\"ImageObject\",\"inLanguage\":\"fr-FR\",\"@id\":\"https:\/\/www.seteriemosconi.com\/fr\/#\/schema\/logo\/image\/\",\"url\":\"https:\/\/www.seteriemosconi.com\/wp-content\/uploads\/2018\/01\/logo_mosconi-seteria.png\",\"contentUrl\":\"https:\/\/www.seteriemosconi.com\/wp-content\/uploads\/2018\/01\/logo_mosconi-seteria.png\",\"width\":500,\"height\":148,\"caption\":\"Seterie Mosconi\"},\"image\":{\"@id\":\"https:\/\/www.seteriemosconi.com\/fr\/#\/schema\/logo\/image\/\"},\"sameAs\":[\"https:\/\/www.facebook.com\/SeterieMosconi\/\",\"https:\/\/instagram.com\/seterie_mosconi\",\"https:\/\/www.linkedin.com\/company\/seterie-mosconi-ties-and-scarves\/\"]},{\"@type\":\"Person\",\"@id\":\"https:\/\/www.seteriemosconi.com\/fr\/#\/schema\/person\/a7b87d19e24d1eada6f8c20f2f218cab\",\"name\":\"Gestione contenuti\",\"image\":{\"@type\":\"ImageObject\",\"inLanguage\":\"fr-FR\",\"@id\":\"https:\/\/www.seteriemosconi.com\/fr\/#\/schema\/person\/image\/\",\"url\":\"https:\/\/www.seteriemosconi.com\/wp-content\/litespeed\/avatar\/294fb73a634bffd316e676654d145879.jpg?ver=1776970408\",\"contentUrl\":\"https:\/\/www.seteriemosconi.com\/wp-content\/litespeed\/avatar\/294fb73a634bffd316e676654d145879.jpg?ver=1776970408\",\"caption\":\"Gestione contenuti\"}}]}<\/script>\n<!-- \/ Yoast SEO plugin. -->","yoast_head_json":{"title":"Motif Vichy : les cravates comme ic\u00f4nes de style - Seterie Mosconi","description":"D\u00e9couvrez le motif Vichy : des cravates embl\u00e9matiques qui allient formalit\u00e9 et cr\u00e9ativit\u00e9, indispensables \u00e0 toute garde-robe \u00e9l\u00e9gante.","robots":{"index":"index","follow":"follow","max-snippet":"max-snippet:-1","max-image-preview":"max-image-preview:large","max-video-preview":"max-video-preview:-1"},"canonical":"https:\/\/www.seteriemosconi.com\/fr\/articles-blog\/motif-vichy-les-cravates-comme-icones-de-style\/","og_locale":"fr_FR","og_type":"article","og_title":"Motif Vichy : les cravates comme ic\u00f4nes de style - Seterie Mosconi","og_description":"D\u00e9couvrez le motif Vichy : des cravates embl\u00e9matiques qui allient formalit\u00e9 et cr\u00e9ativit\u00e9, indispensables \u00e0 toute garde-robe \u00e9l\u00e9gante.","og_url":"https:\/\/www.seteriemosconi.com\/fr\/articles-blog\/motif-vichy-les-cravates-comme-icones-de-style\/","og_site_name":"Seterie Mosconi","article_publisher":"https:\/\/www.facebook.com\/SeterieMosconi\/","article_published_time":"2024-02-15T09:30:32+00:00","article_modified_time":"2024-09-25T10:18:10+00:00","og_image":[{"width":1000,"height":667,"url":"https:\/\/www.seteriemosconi.com\/wp-content\/uploads\/2024\/02\/motivo-gingham.jpg","type":"image\/jpeg"}],"author":"Gestione contenuti","twitter_card":"summary_large_image","twitter_misc":{"\u00c9crit par":"Gestione contenuti","Dur\u00e9e de lecture estim\u00e9e":"9 minutes"},"schema":{"@context":"https:\/\/schema.org","@graph":[{"@type":"Article","@id":"https:\/\/www.seteriemosconi.com\/fr\/articles-blog\/motif-vichy-les-cravates-comme-icones-de-style\/#article","isPartOf":{"@id":"https:\/\/www.seteriemosconi.com\/fr\/articles-blog\/motif-vichy-les-cravates-comme-icones-de-style\/"},"author":{"name":"Gestione contenuti","@id":"https:\/\/www.seteriemosconi.com\/fr\/#\/schema\/person\/a7b87d19e24d1eada6f8c20f2f218cab"},"headline":"Motif Vichy : les cravates comme ic\u00f4nes de style","datePublished":"2024-02-15T09:30:32+00:00","dateModified":"2024-09-25T10:18:10+00:00","mainEntityOfPage":{"@id":"https:\/\/www.seteriemosconi.com\/fr\/articles-blog\/motif-vichy-les-cravates-comme-icones-de-style\/"},"wordCount":1782,"publisher":{"@id":"https:\/\/www.seteriemosconi.com\/fr\/#organization"},"image":{"@id":"https:\/\/www.seteriemosconi.com\/fr\/articles-blog\/motif-vichy-les-cravates-comme-icones-de-style\/#primaryimage"},"thumbnailUrl":"https:\/\/www.seteriemosconi.com\/wp-content\/uploads\/2024\/02\/motivo-gingham.jpg","keywords":["cravate personnalis\u00e9e","cravate \u00e0 motifs","fabrication de cravates","cravate sur mesure","motif vichy"],"articleSection":["Articles blog FR"],"inLanguage":"fr-FR"},{"@type":"WebPage","@id":"https:\/\/www.seteriemosconi.com\/fr\/articles-blog\/motif-vichy-les-cravates-comme-icones-de-style\/","url":"https:\/\/www.seteriemosconi.com\/fr\/articles-blog\/motif-vichy-les-cravates-comme-icones-de-style\/","name":"Motif Vichy : les cravates comme ic\u00f4nes de style - Seterie Mosconi","isPartOf":{"@id":"https:\/\/www.seteriemosconi.com\/fr\/#website"},"primaryImageOfPage":{"@id":"https:\/\/www.seteriemosconi.com\/fr\/articles-blog\/motif-vichy-les-cravates-comme-icones-de-style\/#primaryimage"},"image":{"@id":"https:\/\/www.seteriemosconi.com\/fr\/articles-blog\/motif-vichy-les-cravates-comme-icones-de-style\/#primaryimage"},"thumbnailUrl":"https:\/\/www.seteriemosconi.com\/wp-content\/uploads\/2024\/02\/motivo-gingham.jpg","datePublished":"2024-02-15T09:30:32+00:00","dateModified":"2024-09-25T10:18:10+00:00","description":"D\u00e9couvrez le motif Vichy : des cravates embl\u00e9matiques qui allient formalit\u00e9 et cr\u00e9ativit\u00e9, indispensables \u00e0 toute garde-robe \u00e9l\u00e9gante.","breadcrumb":{"@id":"https:\/\/www.seteriemosconi.com\/fr\/articles-blog\/motif-vichy-les-cravates-comme-icones-de-style\/#breadcrumb"},"inLanguage":"fr-FR","potentialAction":[{"@type":"ReadAction","target":["https:\/\/www.seteriemosconi.com\/fr\/articles-blog\/motif-vichy-les-cravates-comme-icones-de-style\/"]}]},{"@type":"ImageObject","inLanguage":"fr-FR","@id":"https:\/\/www.seteriemosconi.com\/fr\/articles-blog\/motif-vichy-les-cravates-comme-icones-de-style\/#primaryimage","url":"https:\/\/www.seteriemosconi.com\/wp-content\/uploads\/2024\/02\/motivo-gingham.jpg","contentUrl":"https:\/\/www.seteriemosconi.com\/wp-content\/uploads\/2024\/02\/motivo-gingham.jpg","width":1000,"height":667},{"@type":"BreadcrumbList","@id":"https:\/\/www.seteriemosconi.com\/fr\/articles-blog\/motif-vichy-les-cravates-comme-icones-de-style\/#breadcrumb","itemListElement":[{"@type":"ListItem","position":1,"name":"Home","item":"https:\/\/www.seteriemosconi.com\/fr\/"},{"@type":"ListItem","position":2,"name":"Motif Vichy : les cravates comme ic\u00f4nes de style"}]},{"@type":"WebSite","@id":"https:\/\/www.seteriemosconi.com\/fr\/#website","url":"https:\/\/www.seteriemosconi.com\/fr\/","name":"Seterie Mosconi","description":"","publisher":{"@id":"https:\/\/www.seteriemosconi.com\/fr\/#organization"},"alternateName":"Articoli promozionali per aziende","potentialAction":[{"@type":"SearchAction","target":{"@type":"EntryPoint","urlTemplate":"https:\/\/www.seteriemosconi.com\/fr\/?s={search_term_string}"},"query-input":{"@type":"PropertyValueSpecification","valueRequired":true,"valueName":"search_term_string"}}],"inLanguage":"fr-FR"},{"@type":"Organization","@id":"https:\/\/www.seteriemosconi.com\/fr\/#organization","name":"Seterie Mosconi","alternateName":"Articoli promozionali per aziende","url":"https:\/\/www.seteriemosconi.com\/fr\/","logo":{"@type":"ImageObject","inLanguage":"fr-FR","@id":"https:\/\/www.seteriemosconi.com\/fr\/#\/schema\/logo\/image\/","url":"https:\/\/www.seteriemosconi.com\/wp-content\/uploads\/2018\/01\/logo_mosconi-seteria.png","contentUrl":"https:\/\/www.seteriemosconi.com\/wp-content\/uploads\/2018\/01\/logo_mosconi-seteria.png","width":500,"height":148,"caption":"Seterie Mosconi"},"image":{"@id":"https:\/\/www.seteriemosconi.com\/fr\/#\/schema\/logo\/image\/"},"sameAs":["https:\/\/www.facebook.com\/SeterieMosconi\/","https:\/\/instagram.com\/seterie_mosconi","https:\/\/www.linkedin.com\/company\/seterie-mosconi-ties-and-scarves\/"]},{"@type":"Person","@id":"https:\/\/www.seteriemosconi.com\/fr\/#\/schema\/person\/a7b87d19e24d1eada6f8c20f2f218cab","name":"Gestione contenuti","image":{"@type":"ImageObject","inLanguage":"fr-FR","@id":"https:\/\/www.seteriemosconi.com\/fr\/#\/schema\/person\/image\/","url":"https:\/\/www.seteriemosconi.com\/wp-content\/litespeed\/avatar\/294fb73a634bffd316e676654d145879.jpg?ver=1776970408","contentUrl":"https:\/\/www.seteriemosconi.com\/wp-content\/litespeed\/avatar\/294fb73a634bffd316e676654d145879.jpg?ver=1776970408","caption":"Gestione contenuti"}}]}},"_links":{"self":[{"href":"https:\/\/www.seteriemosconi.com\/fr\/wp-json\/wp\/v2\/posts\/13910","targetHints":{"allow":["GET"]}}],"collection":[{"href":"https:\/\/www.seteriemosconi.com\/fr\/wp-json\/wp\/v2\/posts"}],"about":[{"href":"https:\/\/www.seteriemosconi.com\/fr\/wp-json\/wp\/v2\/types\/post"}],"author":[{"embeddable":true,"href":"https:\/\/www.seteriemosconi.com\/fr\/wp-json\/wp\/v2\/users\/2"}],"replies":[{"embeddable":true,"href":"https:\/\/www.seteriemosconi.com\/fr\/wp-json\/wp\/v2\/comments?post=13910"}],"version-history":[{"count":2,"href":"https:\/\/www.seteriemosconi.com\/fr\/wp-json\/wp\/v2\/posts\/13910\/revisions"}],"predecessor-version":[{"id":13918,"href":"https:\/\/www.seteriemosconi.com\/fr\/wp-json\/wp\/v2\/posts\/13910\/revisions\/13918"}],"wp:featuredmedia":[{"embeddable":true,"href":"https:\/\/www.seteriemosconi.com\/fr\/wp-json\/wp\/v2\/media\/10736"}],"wp:attachment":[{"href":"https:\/\/www.seteriemosconi.com\/fr\/wp-json\/wp\/v2\/media?parent=13910"}],"wp:term":[{"taxonomy":"category","embeddable":true,"href":"https:\/\/www.seteriemosconi.com\/fr\/wp-json\/wp\/v2\/categories?post=13910"},{"taxonomy":"post_tag","embeddable":true,"href":"https:\/\/www.seteriemosconi.com\/fr\/wp-json\/wp\/v2\/tags?post=13910"}],"curies":[{"name":"wp","href":"https:\/\/api.w.org\/{rel}","templated":true}]}}