{"id":14908,"date":"2020-12-15T14:23:06","date_gmt":"2020-12-15T13:23:06","guid":{"rendered":"https:\/\/www.seteriemosconi.com\/blog-fr\/cravatte-verde-oggetti-personalizzati-per-agenzia-immobiliare-a-forli\/"},"modified":"2025-01-31T17:51:14","modified_gmt":"2025-01-31T16:51:14","slug":"cravates-vertes-articles-personnalises-pour-les-agences-immobilieres-de-forli","status":"publish","type":"post","link":"https:\/\/www.seteriemosconi.com\/fr\/articles-fr\/cravates-vertes-articles-personnalises-pour-les-agences-immobilieres-de-forli\/","title":{"rendered":"Cravates vertes : articles personnalis\u00e9s pour les agences immobili\u00e8res de Forl\u00ec"},"content":{"rendered":"\n<p>Vous \u00eates entrepreneur et vous poss\u00e9dez une <strong>agence immobili\u00e8re<\/strong> qui, par le contact avec ses clients, garantit d\u00e9vouement et efficacit\u00e9, et vous cherchez quelque chose qui puisse valoriser <em>l&rsquo;image de l&rsquo;entreprise<\/em> per\u00e7ue de l&rsquo;ext\u00e9rieur ?<\/p>\n\n\n\n<h1 class=\"wp-block-heading\">Alors vous \u00eates au bon endroit : d\u00e9couvrez nos <strong>cravates pour hommes<\/strong> et femmes !<\/h1>\n\n\n\n<p>Des <strong>cravates vertes <\/strong>et de nombreuses autres couleurs pour s&rsquo;harmoniser avec les couleurs de votre entreprise et lui donner une image unique.<\/p>\n\n\n\n<p>Vous avez \u00e9galement la possibilit\u00e9 de commander en ligne vos <strong>cravates sur mesure<\/strong> en toute simplicit\u00e9, en choisissant les couleurs et la cr\u00e9ativit\u00e9.<\/p>\n\n\n\n<h2 class=\"wp-block-heading\">Choisir <strong>Seterie Mosconi<\/strong> signifie<\/h2>\n\n\n\n<p>obtenir des <strong>conseils <\/strong>qualifi\u00e9s et des suggestions pr\u00e9cieuses.<\/p>\n\n\n\n<h2 class=\"wp-block-heading\">La Seterie Mosconi garantit \u00e9galement<\/h2>\n\n\n\n<p>une <strong>pr\u00e9cision <\/strong>maximale \u00e9tape par \u00e9tape, un service fiable et pr\u00e9cis qui r\u00e9pond aux besoins du client.<\/p>\n\n\n\n<h2 class=\"wp-block-heading\">La Seterie Mosconi prend en charge<\/h2>\n\n\n\n<p>vos demandes <strong>rapidement <\/strong>afin que le travail puisse commencer imm\u00e9diatement et se d\u00e9rouler selon les attentes du client. C&rsquo;est la garantie d&rsquo;un service ponctuel et record !<\/p>\n\n\n\n<p>La Seterie Mosconi fabrique des produits artisanaux et les exp\u00e9die en <strong>Toscane <\/strong>et dans sa province. Vous pouvez \u00e9galement passer votre commande dans les villes de : Forl\u00ec, Cerignola, Turin, Portici, Pomezia, Asti, Caserta, Quartu Sant&rsquo;Elena, Gallarate, Cava de&rsquo; Tirreni, Modica L&rsquo;Aquila, Forl\u00ec, Sesto San Giovanni.<\/p>\n\n\n\n<p>Mais pas seulement l&rsquo;Italie ! Seterie Mosconi exporte \u00e9galement vers Dublin, Cork, Galway, Tallaght, Blanchardstown, Limerick, Waterford et d&rsquo;autres villes d&rsquo;Irlande.<\/p>\n\n\n\n<p><strong>Qu&rsquo;attendez-vous ?<\/strong> <a href=\"https:\/\/www.seteriemosconi.com\/fr\/devis-cravates-sur-mesure\/\">Contactez-nous d\u00e8s maintenant pour obtenir un devis<\/a> et vous serez contact\u00e9 en un rien de temps !<\/p>\n","protected":false},"excerpt":{"rendered":"<p>Vous \u00eates entrepreneur et vous poss\u00e9dez une agence immobili\u00e8re qui, par le contact avec ses clients, garantit d\u00e9vouement et efficacit\u00e9, et vous cherchez quelque chose qui puisse valoriser l&rsquo;image de l&rsquo;entreprise per\u00e7ue de l&rsquo;ext\u00e9rieur ? Alors vous \u00eates au bon endroit : d\u00e9couvrez nos cravates pour hommes et femmes ! Des cravates vertes et de [&hellip;]<\/p>\n","protected":false},"author":1,"featured_media":0,"comment_status":"closed","ping_status":"closed","sticky":false,"template":"","format":"standard","meta":{"_acf_changed":false,"footnotes":""},"categories":[401],"tags":[],"class_list":["post-14908","post","type-post","status-publish","format-standard","hentry","category-articles-fr"],"acf":[],"yoast_head":"<!-- This site is optimized with the Yoast SEO plugin v24.6 - https:\/\/yoast.com\/wordpress\/plugins\/seo\/ -->\n<title>Cravates vertes : articles personnalis\u00e9s pour les agences immobili\u00e8res de Forl\u00ec - Seterie Mosconi<\/title>\n<meta name=\"description\" content=\"Scopri la qualit\u00e0 Made in Italy di Seterie Mosconi. Cravates vertes : articles personnalis\u00e9s pour les agences immobili\u00e8res de Forl\u00ec\" \/>\n<meta name=\"robots\" content=\"index, follow, max-snippet:-1, max-image-preview:large, max-video-preview:-1\" \/>\n<link rel=\"canonical\" href=\"https:\/\/www.seteriemosconi.com\/fr\/articles-fr\/cravates-vertes-articles-personnalises-pour-les-agences-immobilieres-de-forli\/\" \/>\n<meta property=\"og:locale\" content=\"fr_FR\" \/>\n<meta property=\"og:type\" content=\"article\" \/>\n<meta property=\"og:title\" content=\"Cravates vertes : articles personnalis\u00e9s pour les agences immobili\u00e8res de Forl\u00ec - Seterie Mosconi\" \/>\n<meta property=\"og:description\" content=\"Scopri la qualit\u00e0 Made in Italy di Seterie Mosconi. Cravates vertes : articles personnalis\u00e9s pour les agences immobili\u00e8res de Forl\u00ec\" \/>\n<meta property=\"og:url\" content=\"https:\/\/www.seteriemosconi.com\/fr\/articles-fr\/cravates-vertes-articles-personnalises-pour-les-agences-immobilieres-de-forli\/\" \/>\n<meta property=\"og:site_name\" content=\"Seterie Mosconi\" \/>\n<meta property=\"article:publisher\" content=\"https:\/\/www.facebook.com\/SeterieMosconi\/\" \/>\n<meta property=\"article:published_time\" content=\"2020-12-15T13:23:06+00:00\" \/>\n<meta property=\"article:modified_time\" content=\"2025-01-31T16:51:14+00:00\" \/>\n<meta property=\"og:image\" content=\"https:\/\/www.seteriemosconi.com\/wp-content\/uploads\/2022\/03\/cravatta-03-scalled.jpg\" \/>\n\t<meta property=\"og:image:width\" content=\"1200\" \/>\n\t<meta property=\"og:image:height\" content=\"1200\" \/>\n\t<meta property=\"og:image:type\" content=\"image\/jpeg\" \/>\n<meta name=\"author\" content=\"admstmsc\" \/>\n<meta name=\"twitter:card\" content=\"summary_large_image\" \/>\n<meta name=\"twitter:label1\" content=\"\u00c9crit par\" \/>\n\t<meta name=\"twitter:data1\" content=\"admstmsc\" \/>\n\t<meta name=\"twitter:label2\" content=\"Dur\u00e9e de lecture estim\u00e9e\" \/>\n\t<meta name=\"twitter:data2\" content=\"1 minute\" \/>\n<script type=\"application\/ld+json\" class=\"yoast-schema-graph\">{\"@context\":\"https:\/\/schema.org\",\"@graph\":[{\"@type\":\"Article\",\"@id\":\"https:\/\/www.seteriemosconi.com\/fr\/articles-fr\/cravates-vertes-articles-personnalises-pour-les-agences-immobilieres-de-forli\/#article\",\"isPartOf\":{\"@id\":\"https:\/\/www.seteriemosconi.com\/fr\/articles-fr\/cravates-vertes-articles-personnalises-pour-les-agences-immobilieres-de-forli\/\"},\"author\":{\"name\":\"admstmsc\",\"@id\":\"https:\/\/www.seteriemosconi.com\/fr\/#\/schema\/person\/8f44145c1dd1e821928c75111ea91e0e\"},\"headline\":\"Cravates vertes : articles personnalis\u00e9s pour les agences immobili\u00e8res de Forl\u00ec\",\"datePublished\":\"2020-12-15T13:23:06+00:00\",\"dateModified\":\"2025-01-31T16:51:14+00:00\",\"mainEntityOfPage\":{\"@id\":\"https:\/\/www.seteriemosconi.com\/fr\/articles-fr\/cravates-vertes-articles-personnalises-pour-les-agences-immobilieres-de-forli\/\"},\"wordCount\":280,\"publisher\":{\"@id\":\"https:\/\/www.seteriemosconi.com\/fr\/#organization\"},\"articleSection\":[\"Articles FR\"],\"inLanguage\":\"fr-FR\"},{\"@type\":\"WebPage\",\"@id\":\"https:\/\/www.seteriemosconi.com\/fr\/articles-fr\/cravates-vertes-articles-personnalises-pour-les-agences-immobilieres-de-forli\/\",\"url\":\"https:\/\/www.seteriemosconi.com\/fr\/articles-fr\/cravates-vertes-articles-personnalises-pour-les-agences-immobilieres-de-forli\/\",\"name\":\"Cravates vertes : articles personnalis\u00e9s pour les agences immobili\u00e8res de Forl\u00ec - Seterie Mosconi\",\"isPartOf\":{\"@id\":\"https:\/\/www.seteriemosconi.com\/fr\/#website\"},\"datePublished\":\"2020-12-15T13:23:06+00:00\",\"dateModified\":\"2025-01-31T16:51:14+00:00\",\"description\":\"Scopri la qualit\u00e0 Made in Italy di Seterie Mosconi. Cravates vertes : articles personnalis\u00e9s pour les agences immobili\u00e8res de Forl\u00ec\",\"breadcrumb\":{\"@id\":\"https:\/\/www.seteriemosconi.com\/fr\/articles-fr\/cravates-vertes-articles-personnalises-pour-les-agences-immobilieres-de-forli\/#breadcrumb\"},\"inLanguage\":\"fr-FR\",\"potentialAction\":[{\"@type\":\"ReadAction\",\"target\":[\"https:\/\/www.seteriemosconi.com\/fr\/articles-fr\/cravates-vertes-articles-personnalises-pour-les-agences-immobilieres-de-forli\/\"]}]},{\"@type\":\"BreadcrumbList\",\"@id\":\"https:\/\/www.seteriemosconi.com\/fr\/articles-fr\/cravates-vertes-articles-personnalises-pour-les-agences-immobilieres-de-forli\/#breadcrumb\",\"itemListElement\":[{\"@type\":\"ListItem\",\"position\":1,\"name\":\"Home\",\"item\":\"https:\/\/www.seteriemosconi.com\/fr\/\"},{\"@type\":\"ListItem\",\"position\":2,\"name\":\"Cravates vertes : articles personnalis\u00e9s pour les agences immobili\u00e8res de Forl\u00ec\"}]},{\"@type\":\"WebSite\",\"@id\":\"https:\/\/www.seteriemosconi.com\/fr\/#website\",\"url\":\"https:\/\/www.seteriemosconi.com\/fr\/\",\"name\":\"Seterie Mosconi\",\"description\":\"\",\"publisher\":{\"@id\":\"https:\/\/www.seteriemosconi.com\/fr\/#organization\"},\"alternateName\":\"Articoli promozionali per aziende\",\"potentialAction\":[{\"@type\":\"SearchAction\",\"target\":{\"@type\":\"EntryPoint\",\"urlTemplate\":\"https:\/\/www.seteriemosconi.com\/fr\/?s={search_term_string}\"},\"query-input\":{\"@type\":\"PropertyValueSpecification\",\"valueRequired\":true,\"valueName\":\"search_term_string\"}}],\"inLanguage\":\"fr-FR\"},{\"@type\":\"Organization\",\"@id\":\"https:\/\/www.seteriemosconi.com\/fr\/#organization\",\"name\":\"Seterie Mosconi\",\"alternateName\":\"Articoli promozionali per aziende\",\"url\":\"https:\/\/www.seteriemosconi.com\/fr\/\",\"logo\":{\"@type\":\"ImageObject\",\"inLanguage\":\"fr-FR\",\"@id\":\"https:\/\/www.seteriemosconi.com\/fr\/#\/schema\/logo\/image\/\",\"url\":\"https:\/\/www.seteriemosconi.com\/wp-content\/uploads\/2018\/01\/logo_mosconi-seteria.png\",\"contentUrl\":\"https:\/\/www.seteriemosconi.com\/wp-content\/uploads\/2018\/01\/logo_mosconi-seteria.png\",\"width\":500,\"height\":148,\"caption\":\"Seterie Mosconi\"},\"image\":{\"@id\":\"https:\/\/www.seteriemosconi.com\/fr\/#\/schema\/logo\/image\/\"},\"sameAs\":[\"https:\/\/www.facebook.com\/SeterieMosconi\/\",\"https:\/\/instagram.com\/seterie_mosconi\",\"https:\/\/www.linkedin.com\/company\/seterie-mosconi-ties-and-scarves\/\"]},{\"@type\":\"Person\",\"@id\":\"https:\/\/www.seteriemosconi.com\/fr\/#\/schema\/person\/8f44145c1dd1e821928c75111ea91e0e\",\"name\":\"admstmsc\",\"image\":{\"@type\":\"ImageObject\",\"inLanguage\":\"fr-FR\",\"@id\":\"https:\/\/www.seteriemosconi.com\/fr\/#\/schema\/person\/image\/\",\"url\":\"https:\/\/www.seteriemosconi.com\/wp-content\/litespeed\/avatar\/b022fa18b73e940e0f89bf3a2dfb7518.jpg?ver=1777761863\",\"contentUrl\":\"https:\/\/www.seteriemosconi.com\/wp-content\/litespeed\/avatar\/b022fa18b73e940e0f89bf3a2dfb7518.jpg?ver=1777761863\",\"caption\":\"admstmsc\"},\"sameAs\":[\"https:\/\/www.seteriemosconi.com\"]}]}<\/script>\n<!-- \/ Yoast SEO plugin. -->","yoast_head_json":{"title":"Cravates vertes : articles personnalis\u00e9s pour les agences immobili\u00e8res de Forl\u00ec - Seterie Mosconi","description":"Scopri la qualit\u00e0 Made in Italy di Seterie Mosconi. Cravates vertes : articles personnalis\u00e9s pour les agences immobili\u00e8res de Forl\u00ec","robots":{"index":"index","follow":"follow","max-snippet":"max-snippet:-1","max-image-preview":"max-image-preview:large","max-video-preview":"max-video-preview:-1"},"canonical":"https:\/\/www.seteriemosconi.com\/fr\/articles-fr\/cravates-vertes-articles-personnalises-pour-les-agences-immobilieres-de-forli\/","og_locale":"fr_FR","og_type":"article","og_title":"Cravates vertes : articles personnalis\u00e9s pour les agences immobili\u00e8res de Forl\u00ec - Seterie Mosconi","og_description":"Scopri la qualit\u00e0 Made in Italy di Seterie Mosconi. Cravates vertes : articles personnalis\u00e9s pour les agences immobili\u00e8res de Forl\u00ec","og_url":"https:\/\/www.seteriemosconi.com\/fr\/articles-fr\/cravates-vertes-articles-personnalises-pour-les-agences-immobilieres-de-forli\/","og_site_name":"Seterie Mosconi","article_publisher":"https:\/\/www.facebook.com\/SeterieMosconi\/","article_published_time":"2020-12-15T13:23:06+00:00","article_modified_time":"2025-01-31T16:51:14+00:00","og_image":[{"width":1200,"height":1200,"url":"https:\/\/www.seteriemosconi.com\/wp-content\/uploads\/2022\/03\/cravatta-03-scalled.jpg","type":"image\/jpeg"}],"author":"admstmsc","twitter_card":"summary_large_image","twitter_misc":{"\u00c9crit par":"admstmsc","Dur\u00e9e de lecture estim\u00e9e":"1 minute"},"schema":{"@context":"https:\/\/schema.org","@graph":[{"@type":"Article","@id":"https:\/\/www.seteriemosconi.com\/fr\/articles-fr\/cravates-vertes-articles-personnalises-pour-les-agences-immobilieres-de-forli\/#article","isPartOf":{"@id":"https:\/\/www.seteriemosconi.com\/fr\/articles-fr\/cravates-vertes-articles-personnalises-pour-les-agences-immobilieres-de-forli\/"},"author":{"name":"admstmsc","@id":"https:\/\/www.seteriemosconi.com\/fr\/#\/schema\/person\/8f44145c1dd1e821928c75111ea91e0e"},"headline":"Cravates vertes : articles personnalis\u00e9s pour les agences immobili\u00e8res de Forl\u00ec","datePublished":"2020-12-15T13:23:06+00:00","dateModified":"2025-01-31T16:51:14+00:00","mainEntityOfPage":{"@id":"https:\/\/www.seteriemosconi.com\/fr\/articles-fr\/cravates-vertes-articles-personnalises-pour-les-agences-immobilieres-de-forli\/"},"wordCount":280,"publisher":{"@id":"https:\/\/www.seteriemosconi.com\/fr\/#organization"},"articleSection":["Articles FR"],"inLanguage":"fr-FR"},{"@type":"WebPage","@id":"https:\/\/www.seteriemosconi.com\/fr\/articles-fr\/cravates-vertes-articles-personnalises-pour-les-agences-immobilieres-de-forli\/","url":"https:\/\/www.seteriemosconi.com\/fr\/articles-fr\/cravates-vertes-articles-personnalises-pour-les-agences-immobilieres-de-forli\/","name":"Cravates vertes : articles personnalis\u00e9s pour les agences immobili\u00e8res de Forl\u00ec - Seterie Mosconi","isPartOf":{"@id":"https:\/\/www.seteriemosconi.com\/fr\/#website"},"datePublished":"2020-12-15T13:23:06+00:00","dateModified":"2025-01-31T16:51:14+00:00","description":"Scopri la qualit\u00e0 Made in Italy di Seterie Mosconi. Cravates vertes : articles personnalis\u00e9s pour les agences immobili\u00e8res de Forl\u00ec","breadcrumb":{"@id":"https:\/\/www.seteriemosconi.com\/fr\/articles-fr\/cravates-vertes-articles-personnalises-pour-les-agences-immobilieres-de-forli\/#breadcrumb"},"inLanguage":"fr-FR","potentialAction":[{"@type":"ReadAction","target":["https:\/\/www.seteriemosconi.com\/fr\/articles-fr\/cravates-vertes-articles-personnalises-pour-les-agences-immobilieres-de-forli\/"]}]},{"@type":"BreadcrumbList","@id":"https:\/\/www.seteriemosconi.com\/fr\/articles-fr\/cravates-vertes-articles-personnalises-pour-les-agences-immobilieres-de-forli\/#breadcrumb","itemListElement":[{"@type":"ListItem","position":1,"name":"Home","item":"https:\/\/www.seteriemosconi.com\/fr\/"},{"@type":"ListItem","position":2,"name":"Cravates vertes : articles personnalis\u00e9s pour les agences immobili\u00e8res de Forl\u00ec"}]},{"@type":"WebSite","@id":"https:\/\/www.seteriemosconi.com\/fr\/#website","url":"https:\/\/www.seteriemosconi.com\/fr\/","name":"Seterie Mosconi","description":"","publisher":{"@id":"https:\/\/www.seteriemosconi.com\/fr\/#organization"},"alternateName":"Articoli promozionali per aziende","potentialAction":[{"@type":"SearchAction","target":{"@type":"EntryPoint","urlTemplate":"https:\/\/www.seteriemosconi.com\/fr\/?s={search_term_string}"},"query-input":{"@type":"PropertyValueSpecification","valueRequired":true,"valueName":"search_term_string"}}],"inLanguage":"fr-FR"},{"@type":"Organization","@id":"https:\/\/www.seteriemosconi.com\/fr\/#organization","name":"Seterie Mosconi","alternateName":"Articoli promozionali per aziende","url":"https:\/\/www.seteriemosconi.com\/fr\/","logo":{"@type":"ImageObject","inLanguage":"fr-FR","@id":"https:\/\/www.seteriemosconi.com\/fr\/#\/schema\/logo\/image\/","url":"https:\/\/www.seteriemosconi.com\/wp-content\/uploads\/2018\/01\/logo_mosconi-seteria.png","contentUrl":"https:\/\/www.seteriemosconi.com\/wp-content\/uploads\/2018\/01\/logo_mosconi-seteria.png","width":500,"height":148,"caption":"Seterie Mosconi"},"image":{"@id":"https:\/\/www.seteriemosconi.com\/fr\/#\/schema\/logo\/image\/"},"sameAs":["https:\/\/www.facebook.com\/SeterieMosconi\/","https:\/\/instagram.com\/seterie_mosconi","https:\/\/www.linkedin.com\/company\/seterie-mosconi-ties-and-scarves\/"]},{"@type":"Person","@id":"https:\/\/www.seteriemosconi.com\/fr\/#\/schema\/person\/8f44145c1dd1e821928c75111ea91e0e","name":"admstmsc","image":{"@type":"ImageObject","inLanguage":"fr-FR","@id":"https:\/\/www.seteriemosconi.com\/fr\/#\/schema\/person\/image\/","url":"https:\/\/www.seteriemosconi.com\/wp-content\/litespeed\/avatar\/b022fa18b73e940e0f89bf3a2dfb7518.jpg?ver=1777761863","contentUrl":"https:\/\/www.seteriemosconi.com\/wp-content\/litespeed\/avatar\/b022fa18b73e940e0f89bf3a2dfb7518.jpg?ver=1777761863","caption":"admstmsc"},"sameAs":["https:\/\/www.seteriemosconi.com"]}]}},"_links":{"self":[{"href":"https:\/\/www.seteriemosconi.com\/fr\/wp-json\/wp\/v2\/posts\/14908","targetHints":{"allow":["GET"]}}],"collection":[{"href":"https:\/\/www.seteriemosconi.com\/fr\/wp-json\/wp\/v2\/posts"}],"about":[{"href":"https:\/\/www.seteriemosconi.com\/fr\/wp-json\/wp\/v2\/types\/post"}],"author":[{"embeddable":true,"href":"https:\/\/www.seteriemosconi.com\/fr\/wp-json\/wp\/v2\/users\/1"}],"replies":[{"embeddable":true,"href":"https:\/\/www.seteriemosconi.com\/fr\/wp-json\/wp\/v2\/comments?post=14908"}],"version-history":[{"count":1,"href":"https:\/\/www.seteriemosconi.com\/fr\/wp-json\/wp\/v2\/posts\/14908\/revisions"}],"predecessor-version":[{"id":14913,"href":"https:\/\/www.seteriemosconi.com\/fr\/wp-json\/wp\/v2\/posts\/14908\/revisions\/14913"}],"wp:attachment":[{"href":"https:\/\/www.seteriemosconi.com\/fr\/wp-json\/wp\/v2\/media?parent=14908"}],"wp:term":[{"taxonomy":"category","embeddable":true,"href":"https:\/\/www.seteriemosconi.com\/fr\/wp-json\/wp\/v2\/categories?post=14908"},{"taxonomy":"post_tag","embeddable":true,"href":"https:\/\/www.seteriemosconi.com\/fr\/wp-json\/wp\/v2\/tags?post=14908"}],"curies":[{"name":"wp","href":"https:\/\/api.w.org\/{rel}","templated":true}]}}