{"id":15240,"date":"2025-11-12T11:22:54","date_gmt":"2025-11-12T10:22:54","guid":{"rendered":"https:\/\/www.seteriemosconi.com\/?p=15240"},"modified":"2025-11-11T13:45:41","modified_gmt":"2025-11-11T12:45:41","slug":"le-charme-de-la-cravate-sur-mesure-histoire-symboles-et-valeur-dans-le-monde-du-travail","status":"publish","type":"post","link":"https:\/\/www.seteriemosconi.com\/fr\/articles-blog\/le-charme-de-la-cravate-sur-mesure-histoire-symboles-et-valeur-dans-le-monde-du-travail\/","title":{"rendered":"Le charme de la cravate sur mesure : histoire, symboles et valeur dans le monde du travail"},"content":{"rendered":"\n<h2 class=\"wp-block-heading\">La cravate sur mesure comme symbole d\u2019\u00e9l\u00e9gance et d\u2019identit\u00e9 professionnelle<\/h2>\n\n\n\n<p>Dans l\u2019univers de l\u2019habillement formel, peu d\u2019accessoires poss\u00e8dent le caract\u00e8re iconique et le pouvoir symbolique de la <a href=\"https:\/\/www.seteriemosconi.com\/produit-promotionnel-personnalise\/cravates-personnalisees\/\"><strong>cravate<\/strong><\/a>. Depuis des si\u00e8cles, cet \u00e9l\u00e9ment \u00e0 la fois discret et puissant fait partie int\u00e9grante de la garde\u2011robe masculine \u2014 et pas uniquement \u2014 assumant au fil du temps des r\u00f4les qui vont bien au\u2011del\u00e0 de la simple apparence esth\u00e9tique. Porter une cravate, surtout si elle est sur mesure et personnalis\u00e9e, n\u2019est pas simplement un choix de style, mais une d\u00e9claration d\u2019identit\u00e9, de statut et de valeurs.<\/p>\n\n\n\n<p>Dans un contexte professionnel o\u00f9 l\u2019apparence devance souvent la r\u00e9putation, la cravate continue d\u2019occuper une place centrale : elle communique autorit\u00e9, respect de l\u2019occasion, soin du d\u00e9tail. C\u2019est un accessoire qui a su \u00e9voluer avec le temps, s\u2019adaptant aux codes sociaux et professionnels, tout en restant fid\u00e8le \u00e0 sa fonction originelle : \u00eatre signe distinctif d\u2019\u00e9l\u00e9gance et d\u2019appartenance.<\/p>\n\n\n\n<p>Cet article approfondit le <a href=\"https:\/\/www.seteriemosconi.com\/produit-promotionnel-personnalise\/cravates-personnalisees\/\"><strong>charme de la cravate sur mesure<\/strong><\/a>, en explorant ses racines historiques, sa signification symbolique, son \u00e9volution dans le monde contemporain du travail et sa valeur comme outil de \u00ab\u202fpersonal branding\u202f\u00bb. Nous analyserons \u00e9galement comment la cravate, lorsqu\u2019elle est fabriqu\u00e9e artisan\u2011alement et personnalis\u00e9e sur mesure, devient un puissant v\u00e9hicule d\u2019expression individuelle et corporate, ainsi qu\u2019un cadeau de tr\u00e8s haut niveau.<\/p>\n\n\n\n<p>\u00c0 une \u00e9poque o\u00f9 la durabilit\u00e9, la qualit\u00e9 et la communication non verbale attirent une attention croissante, red\u00e9couvrir le sens profond de cet accessoire revient \u00e0 comprendre comment les petits d\u00e9tails peuvent raconter de grandes histoires. Et la cravate sur mesure, dans ce sens, est un livre ouvert.<\/p>\n\n\n\n<h2 class=\"wp-block-heading\">Des troupes croates aux salons bourgeois : l\u2019histoire de la cravate entre mode, pouvoir et tradition<\/h2>\n\n\n\n<p>L\u2019<strong>origine de la cravate remonte au XVII\u1d49 si\u00e8cle<\/strong>, quand des soldats croates engag\u00e9s comme mercenaires dans l\u2019arm\u00e9e fran\u00e7aise portaient un foulard nou\u00e9 au cou comme partie de l\u2019uniforme. Cet \u00e9l\u00e9ment, apparemment simple, frappa l\u2019aristocratie parisienne par son \u00e9l\u00e9gance instinctive et son charme exotique. Le terme \u00ab\u202fcravate\u202f\u00bb d\u00e9rive pr\u00e9cis\u00e9ment de \u00ab\u202fcroate\u202f\u00bb, transform\u00e9 en \u00ab\u202fcravate\u202f\u00bb par les Fran\u00e7ais, qui adopt\u00e8rent rapidement cette mode, l\u2019\u00e9levant au rang de symbole de raffinement et de statut.<\/p>\n\n\n\n<p>Au fil des si\u00e8cles, l<strong>a cravate est pass\u00e9e d\u2019un signe militaire \u00e0 un marqueur distinctif de la bourgeoisie europ\u00e9enne<\/strong>, subissant d\u2019innombrables transformations esth\u00e9tiques : des longues \u00e9charpes de soie du XVIII\u1d49 aux styles rigides et sym\u00e9triques du XIX\u1d49, jusqu\u2019aux versions plus modernes et accessibles du XX\u1d49 si\u00e8cle. Mais \u00e0 chaque phase de son \u00e9volution, elle a conserv\u00e9 sa fonction d\u2019indication d\u2019appartenance, de prestige et de soin personnel.<\/p>\n\n\n\n<p>Au XIX\u1d49 si\u00e8cle \u2014 \u00e9poque de la r\u00e9volution industrielle et de l\u2019expansion des classes professionnelles \u2014 <strong>la cravate devient un embl\u00e8me de la respectabilit\u00e9 bourgeoise<\/strong>, signe de discipline et d\u2019autorit\u00e9. Les couleurs, les n\u0153uds et les tissus deviennent des indicateurs de classe sociale et de r\u00f4le professionnel : un v\u00e9ritable code non \u00e9crit qui transmet des messages \u00e0 ceux qui savent les interpr\u00e9ter.<\/p>\n\n\n\n<p>Au XX\u1d49 si\u00e8cle, la cravate conquiert d\u00e9finitivement le monde du travail. Elle devient partie int\u00e9grante de l\u2019uniforme de l\u2019homme d\u2019affaires, de l\u2019avocat, du politicien, mais aussi de l\u2019intellectuel. Les maisons de mode et les ateliers de couture italiens en r\u00e9inventent formes et proportions, contribuant \u00e0 la rendre plus d\u00e9mocratique mais jamais banale. Les premiers mod\u00e8les industriels apparaissent, mais \u00e0 c\u00f4t\u00e9 d\u2019eux demeure \u2014 et aujourd\u2019hui encore persiste \u2014 la cravate sur\u2011mesure, cousue \u00e0 la main, avec des mat\u00e9riaux nobles, v\u00e9ritable expression d\u2019unicit\u00e9 et de go\u00fbt personnel.<\/p>\n\n\n\n<p>Son histoire n\u2019est donc pas seulement celle d\u2019un accessoire, mais d\u2019un langage social et culturel. <strong>La cravate a \u00e9t\u00e9 t\u00e9moin et protagoniste de transformations profondes<\/strong> : des assembl\u00e9es parlementaires aux tranch\u00e9es, des podiums de mode aux couloirs des multinationales. Aujourd\u2019hui, bien que dans une \u00e8re plus d\u00e9contract\u00e9e, elle conserve intact son pouvoir \u00e9vocateur : celui qui la choisit le fait pour communiquer style, comp\u00e9tence et soin. Celui qui la porte parle sans parler.<\/p>\n\n\n\n<h2 class=\"wp-block-heading\">Au\u2011del\u00e0 de l\u2019esth\u00e9tique : la cravate comme code symbolique dans le monde professionnel<\/h2>\n\n\n\n<p>Dans le cadre professionnel, chaque d\u00e9tail communique. L\u2019habillement n\u2019est jamais neutre : il raconte qui nous sommes, ce que nous repr\u00e9sentons, quelles valeurs nous souhaitons transmettre. Dans ce contexte, la <a href=\"https:\/\/www.seteriemosconi.com\/produit-promotionnel-personnalise\/cravates-personnalisees\/\"><strong>cravate sur mesure<\/strong><\/a> n\u2019est pas seulement un accessoire esth\u00e9tique, mais un <strong>langage non verbal charg\u00e9 de sens<\/strong>. Le fait de la porter \u2014 et d\u2019y porter attention \u2014 est une d\u00e9claration de pr\u00e9sence, de soin et de position.<\/p>\n\n\n\n<p>En effet, la cravate transmet de l\u2019autorit\u00e9, particuli\u00e8rement dans des contextes o\u00f9 la formalit\u00e9 reste synonyme de fiabilit\u00e9. Ce n\u2019est pas un hasard si elle reste l\u2019accessoire privil\u00e9gi\u00e9 des managers, dirigeants, avocats, diplomates, repr\u00e9sentants institutionnels et professionnels qui souhaitent affirmer leur identit\u00e9 avec sobri\u00e9t\u00e9 et style. Mais il ne s\u2019agit pas seulement de respecter une convention : choisir une cravate sur mesure est aussi une fa\u00e7on de se diff\u00e9rencier intelligemment, en montrant que l\u2019on accorde de l\u2019importance aux d\u00e9tails et \u00e0 la compr\u00e9hension du contexte.<\/p>\n\n\n\n<p>Les symboles v\u00e9hicul\u00e9s par la cravate sont multiples. La couleur sugg\u00e8re des \u00e9motions et des intentions : le bleu pour la fiabilit\u00e9, le rouge pour la d\u00e9termination, le gris pour l\u2019\u00e9quilibre, le noir pour l\u2019autorit\u00e9, le vert pour l\u2019innovation. Le motif graphique \u2014 rayures, pois, unis, fantaisie g\u00e9om\u00e9trique \u2014 raconte aussi quelque chose : la rigueur, la cr\u00e9ativit\u00e9, la solidit\u00e9, la souplesse. Le n\u0153ud, quant \u00e0 lui, a sa propre grammaire : un Windsor transmet structure et pouvoir, un Four\u2011in\u2011Hand communique discr\u00e9tion et \u00e9quilibre.<\/p>\n\n\n\n<p>Mais c\u2019est surtout <strong>la cravate sur mesure<\/strong>, finie avec soin, peut\u2011\u00eatre personnalis\u00e9e avec des initiales ou les couleurs institutionnelles, qui devient l\u2019expression du personal branding. La porter signifie dire \u00ab\u202fje me reconnais dans ce que je repr\u00e9sente\u202f\u00bb et en m\u00eame temps \u00ab\u202fje respecte mon interlocuteur\u202f\u00bb. C\u2019est un geste d\u2019attention, non de vanit\u00e9 : une forme de langage silencieux qui, lorsqu\u2019il est bien calibr\u00e9, g\u00e9n\u00e8re confiance, \u00e9coute et respect mutuel.<\/p>\n\n\n\n<p>La cravate devient \u00e9galement un outil d\u2019appartenance, surtout lorsqu\u2019elle est personnalis\u00e9e pour des \u00e9v\u00e9nements, des \u00e9quipes internes, des entreprises ou des r\u00e9seaux professionnels. La porter peut renforcer le sentiment d\u2019identit\u00e9 partag\u00e9e et rendre visible, avec \u00e9l\u00e9gance, l\u2019alignement aux valeurs du groupe.<\/p>\n\n\n\n<p>\u00c0 une \u00e9poque o\u00f9 l\u2019informel domine, choisir consciemment un \u00e9l\u00e9ment formel comme la cravate signifie <strong>se r\u00e9approprier la possibilit\u00e9 de se distinguer avec mesure, classe et authenticit\u00e9<\/strong>. C\u2019est une <strong>forme de communication<\/strong> qui ne crie pas, mais se fait remarquer. Un d\u00e9tail qui ne s\u2019impose pas, mais convainc.<\/p>\n\n\n\n<p><strong>VOUS POUVEZ AUSSI LIRE<\/strong> : <a href=\"https:\/\/www.seteriemosconi.com\/fr\/articles-blog\/charme-festif-cravates-et-accessoires-pour-un-noel-elegant\/\"><em>Le charme des f\u00eates : cravates et accessoires pour un No\u00ebl \u00e9l\u00e9gant<\/em><\/a><\/p>\n\n\n\n<h2 class=\"wp-block-heading\">La cravate sur mesure comme cadeau d\u2019entreprise : \u00e9l\u00e9gance relationnelle et valeur symbolique<\/h2>\n\n\n\n<h4 class=\"wp-block-heading\">Dans le paysage des<strong> cadeaux d\u2019entreprise, <\/strong>rares sont les objets capables de conjuguer fonctionnalit\u00e9, prestige et communication symbolique comme la<strong> cravate sur mesure. <\/strong>Bien plus qu\u2019un simple accessoire, elle s\u2019impose comme<strong> un geste \u00e0 forte valeur relationnelle, <\/strong>refl\u00e9tant \u00e0 la fois l\u2019identit\u00e9 de l\u2019entreprise et le respect envers son destinataire. Offrir une<strong> cravate confectionn\u00e9e artisanalement<\/strong>, c\u2019est laisser une empreinte durable, en renfor\u00e7ant le lien professionnel avec raffinement et m\u00e9morabilit\u00e9.<\/h4>\n\n\n\n<p>Le <strong>pouvoir du don<\/strong>, en particulier dans le monde B2B, r\u00e9side dans sa capacit\u00e9 \u00e0 transmettre des messages profonds \u00e0 travers des objets choisis avec soin. Une cravate en <strong>soie de qualit\u00e9<\/strong>, r\u00e9alis\u00e9e sur mesure avec les <strong>couleurs de la marque<\/strong>, un <strong>motif exclusif<\/strong> ou une <strong>\u00e9tiquette personnalis\u00e9e<\/strong>, n\u2019est pas un gadget banal\u202f: c\u2019est une <strong>d\u00e9claration de style<\/strong>, un <strong>signe d\u2019attention<\/strong>, un <strong>vecteur d\u2019appartenance<\/strong>.<\/p>\n\n\n\n<p>Le cadeau id\u00e9al allie <strong>esth\u00e9tique, utilit\u00e9 et personnalisation<\/strong>, et la cravate sur mesure r\u00e9pond parfaitement \u00e0 ces exigences. Elle est id\u00e9ale dans de multiples contextes : <strong>\u00e9v\u00e9nements d\u2019entreprise<\/strong>, <strong>r\u00e9compenses internes<\/strong>, <strong>cadeaux \u00e0 des clients VIP<\/strong>, <strong>rencontres institutionnelles<\/strong>, <strong>salons professionnels<\/strong>, <strong>anniversaires<\/strong> ou <strong>cadeaux de fin d\u2019ann\u00e9e<\/strong>. Son \u00e9l\u00e9gance transversale la rend adapt\u00e9e \u00e0 des publics vari\u00e9s, sans jamais perdre en singularit\u00e9.<\/p>\n\n\n\n<p>Les entreprises qui choisissent d\u2019offrir des cravates sur mesure le font souvent pour <strong>\u00e9lever leur positionnement<\/strong> et <strong>affirmer une culture fond\u00e9e sur le soin, le d\u00e9tail, l\u2019artisanat et le bon go\u00fbt<\/strong>. C\u2019est une mani\u00e8re concr\u00e8te de dire : <em>\u00ab\u202fVous appartenez \u00e0 quelque chose d\u2019unique\u202f\u00bb<\/em> ou <em>\u00ab\u202fVous comptez pour nous\u202f\u00bb<\/em>. Sur le plan perceptif, le destinataire lit ce geste comme un <strong>signe d\u2019estime, de reconnaissance et d\u2019inclusion<\/strong>, \u00e9tablissant un lien \u00e9motionnel avec la marque.<\/p>\n\n\n\n<p>\u00c0 cela s\u2019ajoute <strong>l\u2019exp\u00e9rience de l\u2019ouverture du cadeau<\/strong>, qui peut \u00eatre sublim\u00e9e gr\u00e2ce \u00e0 un <strong>packaging \u00e9l\u00e9gant et personnalis\u00e9<\/strong> : bo\u00eetes rigides \u00e0 fermeture magn\u00e9tique, pochettes en tissu avec logo, inserts graphiques, cartes sign\u00e9es. Chaque \u00e9l\u00e9ment devient partie int\u00e9grante d\u2019un <strong>r\u00e9cit coh\u00e9rent<\/strong>, renfor\u00e7ant l\u2019impact communicatif du geste.<\/p>\n\n\n\n<p>Enfin, offrir une cravate sur mesure a une <strong>valeur strat\u00e9gique<\/strong> en termes de <strong>long\u00e9vit\u00e9 m\u00e9morielle<\/strong>. Contrairement \u00e0 de nombreux cadeaux qui sont rapidement oubli\u00e9s ou consomm\u00e9s, une cravate de qualit\u00e9 est <strong>port\u00e9e, photographi\u00e9e, reconnue<\/strong>, devenant au fil du temps une <strong>extension visuelle de la relation cr\u00e9\u00e9e<\/strong>.<\/p>\n\n\n\n<p>En d\u00e9finitive, une cravate n\u2019est pas simplement un cadeau\u202f: c\u2019est <strong>un acte de communication \u00e9l\u00e9gant et profond<\/strong>, qui parle le langage du <strong>respect<\/strong>, du <strong>soin<\/strong> et de <strong>l\u2019authenticit\u00e9<\/strong>.<\/p>\n\n\n\n<h2 class=\"wp-block-heading\">Cravate et personal branding : le retour au d\u00e9tail qui fait la diff\u00e9rence<\/h2>\n\n\n\n<p>Nous vivons une \u00e9poque o\u00f9 la <strong>communication visuelle<\/strong> occupe un r\u00f4le central\u202f: chaque rencontre, r\u00e9union ou visioconf\u00e9rence devient une <strong>occasion o\u00f9 l\u2019image personnelle est le prolongement du message professionnel<\/strong>. Dans ce contexte, la cravate sur mesure se r\u00e9affirme comme un <strong>puissant outil de personal branding<\/strong>, capable de <strong>distinguer, valoriser et raconter une identit\u00e9 professionnelle forte, coh\u00e9rente et cr\u00e9dible<\/strong>.<\/p>\n\n\n\n<p>Contrairement \u00e0 l\u2019id\u00e9e re\u00e7ue selon laquelle l\u2019\u00e9l\u00e9gance formelle serait un h\u00e9ritage du pass\u00e9, on assiste aujourd\u2019hui \u00e0 une <strong>red\u00e9couverte de la valeur du d\u00e9tail<\/strong>. Porter une cravate n\u2019est plus un acte de conformisme, mais <strong>un choix conscient<\/strong>. C\u2019est une d\u00e9claration qui dit : <em>\u00ab\u202fJe soigne mon image parce que je respecte mon r\u00f4le, mon interlocuteur et ce que je repr\u00e9sente.\u202f\u00bb<\/em> Ce n\u2019est pas un hasard si de nombreux professionnels \u2014 surtout dans les secteurs o\u00f9 la cr\u00e9dibilit\u00e9 et l\u2019autorit\u00e9 sont essentielles (finance, conseil, communication, institutions) \u2014 continuent de la consid\u00e9rer comme <strong>un signe distinctif<\/strong>.<\/p>\n\n\n\n<p>La cravate sur mesure, cousue \u00e0 la main, \u00e9ventuellement personnalis\u00e9e avec des <strong>initiales<\/strong>, des <strong>tissus nobles<\/strong> ou des <strong>d\u00e9tails uniques<\/strong>, est le <strong>reflet d\u2019une identit\u00e9 professionnelle authentique, raffin\u00e9e et solide<\/strong>. Une touche qui rend reconnaissable, qui communique la <strong>s\u00e9rieux sans rigidit\u00e9<\/strong>, qui <strong>cr\u00e9e un pont entre tradition et modernit\u00e9<\/strong>. Dans un monde o\u00f9 l\u2019apparence tend \u00e0 surpasser l\u2019\u00eatre, la cravate devient une <strong>forme de coh\u00e9rence concr\u00e8te entre image et contenu<\/strong>.<\/p>\n\n\n\n<p>M\u00eame dans les milieux plus informels des <strong>start-ups<\/strong> et des <strong>industries cr\u00e9atives<\/strong>, la cravate peut devenir un <strong>geste de rupture positive<\/strong>\u202f: port\u00e9e avec conscience, elle <strong>exprime la ma\u00eetrise du contexte, la personnalit\u00e9 et l\u2019originalit\u00e9<\/strong>. Elle n\u2019est plus une obligation sociale, mais un <strong>choix de positionnement<\/strong> : celui qui la porte avec aisance raconte une <strong>identit\u00e9 forte<\/strong>, qui n\u2019a pas peur de s\u2019affirmer m\u00eame dans des environnements moins codifi\u00e9s.<\/p>\n\n\n\n<p>Par ailleurs, dans un univers o\u00f9 le digital standardise les contenus visuels, le <strong>d\u00e9tail artisanal<\/strong> devient un moyen de <strong>se diff\u00e9rencier<\/strong> \u2013 que ce soit dans le r\u00e9el ou dans le virtuel. Une cravate bien choisie et port\u00e9e avec naturel <strong>fait la diff\u00e9rence lors d\u2019une pr\u00e9sentation, d\u2019une conf\u00e9rence, d\u2019un portrait corporate ou d\u2019un contenu sur les r\u00e9seaux sociaux<\/strong>. Elle devient <strong>un \u00e9l\u00e9ment narratif<\/strong> qui renforce le message et lui conf\u00e8re <strong>plus d\u2019autorit\u00e9<\/strong>.<\/p>\n\n\n\n<p>Choisir de <strong>porter \u2013 ou d\u2019offrir \u2013 une cravate sur mesure<\/strong> aujourd\u2019hui, c\u2019est <strong>refuser la banalit\u00e9<\/strong>, c\u2019est <strong>reconna\u00eetre le pouvoir communicatif de la qualit\u00e9, de la coh\u00e9rence et de l\u2019identit\u00e9<\/strong>. Un <strong>petit d\u00e9tail<\/strong> capable de porter en lui <strong>un grand sens<\/strong>.<\/p>\n\n\n\n<h2 class=\"wp-block-heading\">Choisissez la cravate qui parle pour vous<\/h2>\n\n\n\n<p>Vous souhaitez <strong>vous distinguer dans le monde professionnel<\/strong> avec <strong>\u00e9l\u00e9gance et coh\u00e9rence<\/strong>, ou offrir <strong>un cadeau d\u2019entreprise<\/strong> qui soit <strong>plus qu\u2019un simple objet<\/strong>\u202f? <strong>Seterie Mosconi<\/strong> est le partenaire id\u00e9al.<\/p>\n\n\n\n<p>Nous produisons des <strong>cravates sur mesure personnalis\u00e9es<\/strong>, r\u00e9alis\u00e9es avec des <strong>tissus de qualit\u00e9<\/strong> et un <strong>savoir-faire artisanal<\/strong>, con\u00e7ues pour les entreprises, les professionnels, les \u00e9v\u00e9nements et les institutions. Chaque cr\u00e9ation est pens\u00e9e pour <strong>raconter votre identit\u00e9<\/strong>, <strong>valoriser vos valeurs<\/strong> et <strong>consolider vos relations professionnelles avec classe<\/strong>.<\/p>\n\n\n\n<p><a href=\"https:\/\/www.seteriemosconi.com\/fr\/devis-cravates-sur-mesure\/\">Demandez d\u00e8s aujourd\u2019hui un devis personnalis\u00e9, consultez notre blog pour en savoir plus, ou parlez-nous de votre projet : nous serons ravis de vous aider \u00e0 <strong>transformer un d\u00e9tail en d\u00e9claration de style<\/strong>.<\/a><\/p>\n","protected":false},"excerpt":{"rendered":"<p>La cravate sur mesure comme symbole d\u2019\u00e9l\u00e9gance et d\u2019identit\u00e9 professionnelle Dans l\u2019univers de l\u2019habillement formel, peu d\u2019accessoires poss\u00e8dent le caract\u00e8re iconique et le pouvoir symbolique de la cravate. Depuis des si\u00e8cles, cet \u00e9l\u00e9ment \u00e0 la fois discret et puissant fait partie int\u00e9grante de la garde\u2011robe masculine \u2014 et pas uniquement \u2014 assumant au fil du [&hellip;]<\/p>\n","protected":false},"author":2,"featured_media":12109,"comment_status":"closed","ping_status":"closed","sticky":false,"template":"","format":"standard","meta":{"_acf_changed":false,"footnotes":""},"categories":[109],"tags":[112,113,147,217],"class_list":["post-15240","post","type-post","status-publish","format-standard","has-post-thumbnail","hentry","category-articles-blog","tag-cravate-personnalisee","tag-cravate-dentreprise-personnalisee","tag-cravate-en-soie","tag-cravate-sartoriale"],"acf":[],"yoast_head":"<!-- This site is optimized with the Yoast SEO plugin v24.6 - https:\/\/yoast.com\/wordpress\/plugins\/seo\/ -->\n<title>Le charme de la cravate sur mesure : histoire, symboles et valeur dans le monde du travail<\/title>\n<meta name=\"description\" content=\"D\u00e9couvrez la qualit\u00e9 du Made in Italy sign\u00e9e Seterie Mosconi. Le charme de la cravate sur mesure : histoire, symboles et valeur dans le monde du travail\" \/>\n<meta name=\"robots\" content=\"index, follow, max-snippet:-1, max-image-preview:large, max-video-preview:-1\" \/>\n<link rel=\"canonical\" href=\"https:\/\/www.seteriemosconi.com\/fr\/articles-blog\/le-charme-de-la-cravate-sur-mesure-histoire-symboles-et-valeur-dans-le-monde-du-travail\/\" \/>\n<meta property=\"og:locale\" content=\"fr_FR\" \/>\n<meta property=\"og:type\" content=\"article\" \/>\n<meta property=\"og:title\" content=\"Le charme de la cravate sur mesure : histoire, symboles et valeur dans le monde du travail\" \/>\n<meta property=\"og:description\" content=\"D\u00e9couvrez la qualit\u00e9 du Made in Italy sign\u00e9e Seterie Mosconi. Le charme de la cravate sur mesure : histoire, symboles et valeur dans le monde du travail\" \/>\n<meta property=\"og:url\" content=\"https:\/\/www.seteriemosconi.com\/fr\/articles-blog\/le-charme-de-la-cravate-sur-mesure-histoire-symboles-et-valeur-dans-le-monde-du-travail\/\" \/>\n<meta property=\"og:site_name\" content=\"Seterie Mosconi\" \/>\n<meta property=\"article:publisher\" content=\"https:\/\/www.facebook.com\/SeterieMosconi\/\" \/>\n<meta property=\"article:published_time\" content=\"2025-11-12T10:22:54+00:00\" \/>\n<meta property=\"og:image\" content=\"https:\/\/www.seteriemosconi.com\/wp-content\/uploads\/2024\/08\/cravatta-verde-azzurra-nera-righe-diagonali-seterie-mosconi.jpeg\" \/>\n\t<meta property=\"og:image:width\" content=\"1200\" \/>\n\t<meta property=\"og:image:height\" content=\"1200\" \/>\n\t<meta property=\"og:image:type\" content=\"image\/jpeg\" \/>\n<meta name=\"author\" content=\"Gestione contenuti\" \/>\n<meta name=\"twitter:card\" content=\"summary_large_image\" \/>\n<meta name=\"twitter:label1\" content=\"\u00c9crit par\" \/>\n\t<meta name=\"twitter:data1\" content=\"Gestione contenuti\" \/>\n\t<meta name=\"twitter:label2\" content=\"Dur\u00e9e de lecture estim\u00e9e\" \/>\n\t<meta name=\"twitter:data2\" content=\"11 minutes\" \/>\n<script type=\"application\/ld+json\" class=\"yoast-schema-graph\">{\"@context\":\"https:\/\/schema.org\",\"@graph\":[{\"@type\":\"Article\",\"@id\":\"https:\/\/www.seteriemosconi.com\/fr\/articles-blog\/le-charme-de-la-cravate-sur-mesure-histoire-symboles-et-valeur-dans-le-monde-du-travail\/#article\",\"isPartOf\":{\"@id\":\"https:\/\/www.seteriemosconi.com\/fr\/articles-blog\/le-charme-de-la-cravate-sur-mesure-histoire-symboles-et-valeur-dans-le-monde-du-travail\/\"},\"author\":{\"name\":\"Gestione contenuti\",\"@id\":\"https:\/\/www.seteriemosconi.com\/fr\/#\/schema\/person\/a7b87d19e24d1eada6f8c20f2f218cab\"},\"headline\":\"Le charme de la cravate sur mesure : histoire, symboles et valeur dans le monde du travail\",\"datePublished\":\"2025-11-12T10:22:54+00:00\",\"mainEntityOfPage\":{\"@id\":\"https:\/\/www.seteriemosconi.com\/fr\/articles-blog\/le-charme-de-la-cravate-sur-mesure-histoire-symboles-et-valeur-dans-le-monde-du-travail\/\"},\"wordCount\":2278,\"publisher\":{\"@id\":\"https:\/\/www.seteriemosconi.com\/fr\/#organization\"},\"image\":{\"@id\":\"https:\/\/www.seteriemosconi.com\/fr\/articles-blog\/le-charme-de-la-cravate-sur-mesure-histoire-symboles-et-valeur-dans-le-monde-du-travail\/#primaryimage\"},\"thumbnailUrl\":\"https:\/\/www.seteriemosconi.com\/wp-content\/uploads\/2024\/08\/cravatta-verde-azzurra-nera-righe-diagonali-seterie-mosconi.jpeg\",\"keywords\":[\"cravate personnalis\u00e9e\",\"cravate d'entreprise personnalis\u00e9e\",\"cravate en soie\",\"cravate sartoriale\"],\"articleSection\":[\"Articles blog FR\"],\"inLanguage\":\"fr-FR\"},{\"@type\":\"WebPage\",\"@id\":\"https:\/\/www.seteriemosconi.com\/fr\/articles-blog\/le-charme-de-la-cravate-sur-mesure-histoire-symboles-et-valeur-dans-le-monde-du-travail\/\",\"url\":\"https:\/\/www.seteriemosconi.com\/fr\/articles-blog\/le-charme-de-la-cravate-sur-mesure-histoire-symboles-et-valeur-dans-le-monde-du-travail\/\",\"name\":\"Le charme de la cravate sur mesure : histoire, symboles et valeur dans le monde du travail\",\"isPartOf\":{\"@id\":\"https:\/\/www.seteriemosconi.com\/fr\/#website\"},\"primaryImageOfPage\":{\"@id\":\"https:\/\/www.seteriemosconi.com\/fr\/articles-blog\/le-charme-de-la-cravate-sur-mesure-histoire-symboles-et-valeur-dans-le-monde-du-travail\/#primaryimage\"},\"image\":{\"@id\":\"https:\/\/www.seteriemosconi.com\/fr\/articles-blog\/le-charme-de-la-cravate-sur-mesure-histoire-symboles-et-valeur-dans-le-monde-du-travail\/#primaryimage\"},\"thumbnailUrl\":\"https:\/\/www.seteriemosconi.com\/wp-content\/uploads\/2024\/08\/cravatta-verde-azzurra-nera-righe-diagonali-seterie-mosconi.jpeg\",\"datePublished\":\"2025-11-12T10:22:54+00:00\",\"description\":\"D\u00e9couvrez la qualit\u00e9 du Made in Italy sign\u00e9e Seterie Mosconi. Le charme de la cravate sur mesure : histoire, symboles et valeur dans le monde du travail\",\"breadcrumb\":{\"@id\":\"https:\/\/www.seteriemosconi.com\/fr\/articles-blog\/le-charme-de-la-cravate-sur-mesure-histoire-symboles-et-valeur-dans-le-monde-du-travail\/#breadcrumb\"},\"inLanguage\":\"fr-FR\",\"potentialAction\":[{\"@type\":\"ReadAction\",\"target\":[\"https:\/\/www.seteriemosconi.com\/fr\/articles-blog\/le-charme-de-la-cravate-sur-mesure-histoire-symboles-et-valeur-dans-le-monde-du-travail\/\"]}]},{\"@type\":\"ImageObject\",\"inLanguage\":\"fr-FR\",\"@id\":\"https:\/\/www.seteriemosconi.com\/fr\/articles-blog\/le-charme-de-la-cravate-sur-mesure-histoire-symboles-et-valeur-dans-le-monde-du-travail\/#primaryimage\",\"url\":\"https:\/\/www.seteriemosconi.com\/wp-content\/uploads\/2024\/08\/cravatta-verde-azzurra-nera-righe-diagonali-seterie-mosconi.jpeg\",\"contentUrl\":\"https:\/\/www.seteriemosconi.com\/wp-content\/uploads\/2024\/08\/cravatta-verde-azzurra-nera-righe-diagonali-seterie-mosconi.jpeg\",\"width\":1200,\"height\":1200,\"caption\":\"cravatta verde azzurra nera a righe diagonali\"},{\"@type\":\"BreadcrumbList\",\"@id\":\"https:\/\/www.seteriemosconi.com\/fr\/articles-blog\/le-charme-de-la-cravate-sur-mesure-histoire-symboles-et-valeur-dans-le-monde-du-travail\/#breadcrumb\",\"itemListElement\":[{\"@type\":\"ListItem\",\"position\":1,\"name\":\"Home\",\"item\":\"https:\/\/www.seteriemosconi.com\/fr\/\"},{\"@type\":\"ListItem\",\"position\":2,\"name\":\"Le charme de la cravate sur mesure : histoire, symboles et valeur dans le monde du travail\"}]},{\"@type\":\"WebSite\",\"@id\":\"https:\/\/www.seteriemosconi.com\/fr\/#website\",\"url\":\"https:\/\/www.seteriemosconi.com\/fr\/\",\"name\":\"Seterie Mosconi\",\"description\":\"\",\"publisher\":{\"@id\":\"https:\/\/www.seteriemosconi.com\/fr\/#organization\"},\"alternateName\":\"Articoli promozionali per aziende\",\"potentialAction\":[{\"@type\":\"SearchAction\",\"target\":{\"@type\":\"EntryPoint\",\"urlTemplate\":\"https:\/\/www.seteriemosconi.com\/fr\/?s={search_term_string}\"},\"query-input\":{\"@type\":\"PropertyValueSpecification\",\"valueRequired\":true,\"valueName\":\"search_term_string\"}}],\"inLanguage\":\"fr-FR\"},{\"@type\":\"Organization\",\"@id\":\"https:\/\/www.seteriemosconi.com\/fr\/#organization\",\"name\":\"Seterie Mosconi\",\"alternateName\":\"Articoli promozionali per aziende\",\"url\":\"https:\/\/www.seteriemosconi.com\/fr\/\",\"logo\":{\"@type\":\"ImageObject\",\"inLanguage\":\"fr-FR\",\"@id\":\"https:\/\/www.seteriemosconi.com\/fr\/#\/schema\/logo\/image\/\",\"url\":\"https:\/\/www.seteriemosconi.com\/wp-content\/uploads\/2018\/01\/logo_mosconi-seteria.png\",\"contentUrl\":\"https:\/\/www.seteriemosconi.com\/wp-content\/uploads\/2018\/01\/logo_mosconi-seteria.png\",\"width\":500,\"height\":148,\"caption\":\"Seterie Mosconi\"},\"image\":{\"@id\":\"https:\/\/www.seteriemosconi.com\/fr\/#\/schema\/logo\/image\/\"},\"sameAs\":[\"https:\/\/www.facebook.com\/SeterieMosconi\/\",\"https:\/\/instagram.com\/seterie_mosconi\",\"https:\/\/www.linkedin.com\/company\/seterie-mosconi-ties-and-scarves\/\"]},{\"@type\":\"Person\",\"@id\":\"https:\/\/www.seteriemosconi.com\/fr\/#\/schema\/person\/a7b87d19e24d1eada6f8c20f2f218cab\",\"name\":\"Gestione contenuti\",\"image\":{\"@type\":\"ImageObject\",\"inLanguage\":\"fr-FR\",\"@id\":\"https:\/\/www.seteriemosconi.com\/fr\/#\/schema\/person\/image\/\",\"url\":\"https:\/\/www.seteriemosconi.com\/wp-content\/litespeed\/avatar\/294fb73a634bffd316e676654d145879.jpg?ver=1777575318\",\"contentUrl\":\"https:\/\/www.seteriemosconi.com\/wp-content\/litespeed\/avatar\/294fb73a634bffd316e676654d145879.jpg?ver=1777575318\",\"caption\":\"Gestione contenuti\"}}]}<\/script>\n<!-- \/ Yoast SEO plugin. -->","yoast_head_json":{"title":"Le charme de la cravate sur mesure : histoire, symboles et valeur dans le monde du travail","description":"D\u00e9couvrez la qualit\u00e9 du Made in Italy sign\u00e9e Seterie Mosconi. Le charme de la cravate sur mesure : histoire, symboles et valeur dans le monde du travail","robots":{"index":"index","follow":"follow","max-snippet":"max-snippet:-1","max-image-preview":"max-image-preview:large","max-video-preview":"max-video-preview:-1"},"canonical":"https:\/\/www.seteriemosconi.com\/fr\/articles-blog\/le-charme-de-la-cravate-sur-mesure-histoire-symboles-et-valeur-dans-le-monde-du-travail\/","og_locale":"fr_FR","og_type":"article","og_title":"Le charme de la cravate sur mesure : histoire, symboles et valeur dans le monde du travail","og_description":"D\u00e9couvrez la qualit\u00e9 du Made in Italy sign\u00e9e Seterie Mosconi. Le charme de la cravate sur mesure : histoire, symboles et valeur dans le monde du travail","og_url":"https:\/\/www.seteriemosconi.com\/fr\/articles-blog\/le-charme-de-la-cravate-sur-mesure-histoire-symboles-et-valeur-dans-le-monde-du-travail\/","og_site_name":"Seterie Mosconi","article_publisher":"https:\/\/www.facebook.com\/SeterieMosconi\/","article_published_time":"2025-11-12T10:22:54+00:00","og_image":[{"width":1200,"height":1200,"url":"https:\/\/www.seteriemosconi.com\/wp-content\/uploads\/2024\/08\/cravatta-verde-azzurra-nera-righe-diagonali-seterie-mosconi.jpeg","type":"image\/jpeg"}],"author":"Gestione contenuti","twitter_card":"summary_large_image","twitter_misc":{"\u00c9crit par":"Gestione contenuti","Dur\u00e9e de lecture estim\u00e9e":"11 minutes"},"schema":{"@context":"https:\/\/schema.org","@graph":[{"@type":"Article","@id":"https:\/\/www.seteriemosconi.com\/fr\/articles-blog\/le-charme-de-la-cravate-sur-mesure-histoire-symboles-et-valeur-dans-le-monde-du-travail\/#article","isPartOf":{"@id":"https:\/\/www.seteriemosconi.com\/fr\/articles-blog\/le-charme-de-la-cravate-sur-mesure-histoire-symboles-et-valeur-dans-le-monde-du-travail\/"},"author":{"name":"Gestione contenuti","@id":"https:\/\/www.seteriemosconi.com\/fr\/#\/schema\/person\/a7b87d19e24d1eada6f8c20f2f218cab"},"headline":"Le charme de la cravate sur mesure : histoire, symboles et valeur dans le monde du travail","datePublished":"2025-11-12T10:22:54+00:00","mainEntityOfPage":{"@id":"https:\/\/www.seteriemosconi.com\/fr\/articles-blog\/le-charme-de-la-cravate-sur-mesure-histoire-symboles-et-valeur-dans-le-monde-du-travail\/"},"wordCount":2278,"publisher":{"@id":"https:\/\/www.seteriemosconi.com\/fr\/#organization"},"image":{"@id":"https:\/\/www.seteriemosconi.com\/fr\/articles-blog\/le-charme-de-la-cravate-sur-mesure-histoire-symboles-et-valeur-dans-le-monde-du-travail\/#primaryimage"},"thumbnailUrl":"https:\/\/www.seteriemosconi.com\/wp-content\/uploads\/2024\/08\/cravatta-verde-azzurra-nera-righe-diagonali-seterie-mosconi.jpeg","keywords":["cravate personnalis\u00e9e","cravate d'entreprise personnalis\u00e9e","cravate en soie","cravate sartoriale"],"articleSection":["Articles blog FR"],"inLanguage":"fr-FR"},{"@type":"WebPage","@id":"https:\/\/www.seteriemosconi.com\/fr\/articles-blog\/le-charme-de-la-cravate-sur-mesure-histoire-symboles-et-valeur-dans-le-monde-du-travail\/","url":"https:\/\/www.seteriemosconi.com\/fr\/articles-blog\/le-charme-de-la-cravate-sur-mesure-histoire-symboles-et-valeur-dans-le-monde-du-travail\/","name":"Le charme de la cravate sur mesure : histoire, symboles et valeur dans le monde du travail","isPartOf":{"@id":"https:\/\/www.seteriemosconi.com\/fr\/#website"},"primaryImageOfPage":{"@id":"https:\/\/www.seteriemosconi.com\/fr\/articles-blog\/le-charme-de-la-cravate-sur-mesure-histoire-symboles-et-valeur-dans-le-monde-du-travail\/#primaryimage"},"image":{"@id":"https:\/\/www.seteriemosconi.com\/fr\/articles-blog\/le-charme-de-la-cravate-sur-mesure-histoire-symboles-et-valeur-dans-le-monde-du-travail\/#primaryimage"},"thumbnailUrl":"https:\/\/www.seteriemosconi.com\/wp-content\/uploads\/2024\/08\/cravatta-verde-azzurra-nera-righe-diagonali-seterie-mosconi.jpeg","datePublished":"2025-11-12T10:22:54+00:00","description":"D\u00e9couvrez la qualit\u00e9 du Made in Italy sign\u00e9e Seterie Mosconi. Le charme de la cravate sur mesure : histoire, symboles et valeur dans le monde du travail","breadcrumb":{"@id":"https:\/\/www.seteriemosconi.com\/fr\/articles-blog\/le-charme-de-la-cravate-sur-mesure-histoire-symboles-et-valeur-dans-le-monde-du-travail\/#breadcrumb"},"inLanguage":"fr-FR","potentialAction":[{"@type":"ReadAction","target":["https:\/\/www.seteriemosconi.com\/fr\/articles-blog\/le-charme-de-la-cravate-sur-mesure-histoire-symboles-et-valeur-dans-le-monde-du-travail\/"]}]},{"@type":"ImageObject","inLanguage":"fr-FR","@id":"https:\/\/www.seteriemosconi.com\/fr\/articles-blog\/le-charme-de-la-cravate-sur-mesure-histoire-symboles-et-valeur-dans-le-monde-du-travail\/#primaryimage","url":"https:\/\/www.seteriemosconi.com\/wp-content\/uploads\/2024\/08\/cravatta-verde-azzurra-nera-righe-diagonali-seterie-mosconi.jpeg","contentUrl":"https:\/\/www.seteriemosconi.com\/wp-content\/uploads\/2024\/08\/cravatta-verde-azzurra-nera-righe-diagonali-seterie-mosconi.jpeg","width":1200,"height":1200,"caption":"cravatta verde azzurra nera a righe diagonali"},{"@type":"BreadcrumbList","@id":"https:\/\/www.seteriemosconi.com\/fr\/articles-blog\/le-charme-de-la-cravate-sur-mesure-histoire-symboles-et-valeur-dans-le-monde-du-travail\/#breadcrumb","itemListElement":[{"@type":"ListItem","position":1,"name":"Home","item":"https:\/\/www.seteriemosconi.com\/fr\/"},{"@type":"ListItem","position":2,"name":"Le charme de la cravate sur mesure : histoire, symboles et valeur dans le monde du travail"}]},{"@type":"WebSite","@id":"https:\/\/www.seteriemosconi.com\/fr\/#website","url":"https:\/\/www.seteriemosconi.com\/fr\/","name":"Seterie Mosconi","description":"","publisher":{"@id":"https:\/\/www.seteriemosconi.com\/fr\/#organization"},"alternateName":"Articoli promozionali per aziende","potentialAction":[{"@type":"SearchAction","target":{"@type":"EntryPoint","urlTemplate":"https:\/\/www.seteriemosconi.com\/fr\/?s={search_term_string}"},"query-input":{"@type":"PropertyValueSpecification","valueRequired":true,"valueName":"search_term_string"}}],"inLanguage":"fr-FR"},{"@type":"Organization","@id":"https:\/\/www.seteriemosconi.com\/fr\/#organization","name":"Seterie Mosconi","alternateName":"Articoli promozionali per aziende","url":"https:\/\/www.seteriemosconi.com\/fr\/","logo":{"@type":"ImageObject","inLanguage":"fr-FR","@id":"https:\/\/www.seteriemosconi.com\/fr\/#\/schema\/logo\/image\/","url":"https:\/\/www.seteriemosconi.com\/wp-content\/uploads\/2018\/01\/logo_mosconi-seteria.png","contentUrl":"https:\/\/www.seteriemosconi.com\/wp-content\/uploads\/2018\/01\/logo_mosconi-seteria.png","width":500,"height":148,"caption":"Seterie Mosconi"},"image":{"@id":"https:\/\/www.seteriemosconi.com\/fr\/#\/schema\/logo\/image\/"},"sameAs":["https:\/\/www.facebook.com\/SeterieMosconi\/","https:\/\/instagram.com\/seterie_mosconi","https:\/\/www.linkedin.com\/company\/seterie-mosconi-ties-and-scarves\/"]},{"@type":"Person","@id":"https:\/\/www.seteriemosconi.com\/fr\/#\/schema\/person\/a7b87d19e24d1eada6f8c20f2f218cab","name":"Gestione contenuti","image":{"@type":"ImageObject","inLanguage":"fr-FR","@id":"https:\/\/www.seteriemosconi.com\/fr\/#\/schema\/person\/image\/","url":"https:\/\/www.seteriemosconi.com\/wp-content\/litespeed\/avatar\/294fb73a634bffd316e676654d145879.jpg?ver=1777575318","contentUrl":"https:\/\/www.seteriemosconi.com\/wp-content\/litespeed\/avatar\/294fb73a634bffd316e676654d145879.jpg?ver=1777575318","caption":"Gestione contenuti"}}]}},"_links":{"self":[{"href":"https:\/\/www.seteriemosconi.com\/fr\/wp-json\/wp\/v2\/posts\/15240","targetHints":{"allow":["GET"]}}],"collection":[{"href":"https:\/\/www.seteriemosconi.com\/fr\/wp-json\/wp\/v2\/posts"}],"about":[{"href":"https:\/\/www.seteriemosconi.com\/fr\/wp-json\/wp\/v2\/types\/post"}],"author":[{"embeddable":true,"href":"https:\/\/www.seteriemosconi.com\/fr\/wp-json\/wp\/v2\/users\/2"}],"replies":[{"embeddable":true,"href":"https:\/\/www.seteriemosconi.com\/fr\/wp-json\/wp\/v2\/comments?post=15240"}],"version-history":[{"count":8,"href":"https:\/\/www.seteriemosconi.com\/fr\/wp-json\/wp\/v2\/posts\/15240\/revisions"}],"predecessor-version":[{"id":15251,"href":"https:\/\/www.seteriemosconi.com\/fr\/wp-json\/wp\/v2\/posts\/15240\/revisions\/15251"}],"wp:featuredmedia":[{"embeddable":true,"href":"https:\/\/www.seteriemosconi.com\/fr\/wp-json\/wp\/v2\/media\/12109"}],"wp:attachment":[{"href":"https:\/\/www.seteriemosconi.com\/fr\/wp-json\/wp\/v2\/media?parent=15240"}],"wp:term":[{"taxonomy":"category","embeddable":true,"href":"https:\/\/www.seteriemosconi.com\/fr\/wp-json\/wp\/v2\/categories?post=15240"},{"taxonomy":"post_tag","embeddable":true,"href":"https:\/\/www.seteriemosconi.com\/fr\/wp-json\/wp\/v2\/tags?post=15240"}],"curies":[{"name":"wp","href":"https:\/\/api.w.org\/{rel}","templated":true}]}}