{"id":15329,"date":"2025-12-29T15:09:01","date_gmt":"2025-12-29T14:09:01","guid":{"rendered":"https:\/\/www.seteriemosconi.com\/?p=15329"},"modified":"2025-12-03T15:16:07","modified_gmt":"2025-12-03T14:16:07","slug":"gli-accessori-che-non-passano-mai-di-moda-e-si-possono-personalizzare","status":"publish","type":"post","link":"https:\/\/www.seteriemosconi.com\/fr\/articles-blog\/gli-accessori-che-non-passano-mai-di-moda-e-si-possono-personalizzare\/","title":{"rendered":"Accessoires intemporels (et personnalisables)"},"content":{"rendered":"\n<h2 class=\"wp-block-heading\">L\u2019eleganza degli accessori senza tempo: perch\u00e9 alcuni dettagli non passano mai di moda<\/h2>\n\n\n\n<p>Dans un monde de la mode et du style en perp\u00e9tuelle \u00e9volution, certains \u00e9l\u00e9ments ne se contentent pas de r\u00e9sister au temps : ils gagnent en intensit\u00e9 au fil des saisons. Parmi eux, les <a href=\"https:\/\/www.seteriemosconi.com\/fr\/produits-promotionnels-personnalises\/\">accessoires classiques <\/a>occupent une place de choix \u2014 ces d\u00e9tails raffin\u00e9s qui ne c\u00e8dent jamais \u00e0 la volatilit\u00e9 des tendances, mais conservent leur pouvoir expressif \u00e0 travers les \u00e8res. Il ne s\u2019agit pas simplement d\u2019objets d\u00e9coratifs, mais de codes visuels et symboliques qui communiquent \u00e9l\u00e9gance, soin, appartenance \u00e0 un certain go\u00fbt esth\u00e9tique. Pensez \u00e0 une cravate parfaitement nou\u00e9e, \u00e0 un foulard en soie imprim\u00e9e, \u00e0 une \u00e9tole en laine douce pos\u00e9e sur les \u00e9paules avec discr\u00e9tion : ce sont des pr\u00e9sences silencieuses, mais puissamment communicatives. Leur p\u00e9rennit\u00e9 dans l\u2019univers vestimentaire ne rel\u00e8ve pas du hasard, mais repose sur des qualit\u00e9s intrins\u00e8ques : <strong>fonctionnalit\u00e9, polyvalence et valeur symbolique<\/strong>. Un accessoire qui ne se d\u00e9mode pas est un objet que l\u2019on peut porter dans divers contextes \u2014 d\u2019une r\u00e9union formelle \u00e0 une c\u00e9r\u00e9monie, d\u2019un \u00e9v\u00e9nement professionnel \u00e0 une soir\u00e9e \u00e9l\u00e9gante \u2014 et qui s\u2019adapte naturellement au style de celui qui le porte.<\/p>\n\n\n\n<p>Ce qui rend ces <a href=\"https:\/\/www.seteriemosconi.com\/fr\/produits-promotionnels-personnalises\/\">accessoires<\/a> encore plus pr\u00e9cieux, c\u2019est la <a href=\"https:\/\/www.seteriemosconi.com\/fr\/production-cravates-foulards-et-echarpes-personnalises\/personnalisations-promotionnelles\/\"><strong>possibilit\u00e9 de les personnaliser<\/strong><\/a>, transformant chacun en objet unique, li\u00e9 non seulement \u00e0 une esth\u00e9tique, mais aussi \u00e0 une identit\u00e9 personnelle ou professionnelle. La personnalisation, lorsqu\u2019elle est bien pens\u00e9e, ne compromet pas le classicisme de l\u2019accessoire : elle l\u2019exalte. Qu\u2019il s\u2019agisse d\u2019une doublure int\u00e9rieure avec message secret, d\u2019une \u00e9tiquette brod\u00e9e d\u2019initiales, ou d\u2019un imprim\u00e9 sur mesure racontant l\u2019identit\u00e9 d\u2019une marque, chaque intervention devient partie int\u00e9grante d\u2019un r\u00e9cit plus vaste. Dans ce sens, l\u2019accessoire intemporel devient aussi un <strong>outil de communication \u00e9motionnelle<\/strong>, capable de rester grav\u00e9 dans la m\u00e9moire de celui qui le re\u00e7oit ou le porte. Le v\u00e9ritable luxe, aujourd\u2019hui, r\u00e9side exactement dans cette capacit\u00e9 : conjuger tradition et authenticit\u00e9 avec une touche personnelle qui parle avec discr\u00e9tion, mais avec force.<\/p>\n\n\n\n<p><strong>Vous souhaitez concevoir des accessoires qui transcendent la mode et racontent vraiment qui vous \u00eates ?<\/strong> <a href=\"https:\/\/www.seteriemosconi.com\/fr\/devis-cravates-sur-mesure\/\">Contactez <strong>Seterie Mosconi<\/strong> pour d\u00e9couvrir les solutions personnalis\u00e9es id\u00e9ales pour chaque occasion \u2014 du cadeau d\u2019entreprise \u00e0 l\u2019\u00e9v\u00e9nement sp\u00e9cial.<\/a><\/p>\n\n\n\n<h2 class=\"wp-block-heading\">Cravates, foulards et \u00e9toles : la force silencieuse de l\u2019accessoire iconique<\/h2>\n\n\n\n<p>Parmi les accessoires qui incarnent parfaitement l\u2019id\u00e9e de l\u2019<strong>\u00e9l\u00e9gance intemporelle<\/strong>, les <strong>cravates, foulards et \u00e9toles<\/strong> occupent une place privil\u00e9gi\u00e9e. Leur histoire traverse les d\u00e9cennies et les cultures, se renouvelant sans jamais perdre leur essence. La cravate, par exemple, est bien plus qu\u2019un simple compl\u00e9ment masculin : c\u2019est un signe de style, un symbole d\u2019attention aux d\u00e9tails, souvent le premier \u00e9l\u00e9ment qui exprime professionnalisme et go\u00fbt. Dans des contextes formels, mais aussi cr\u00e9atifs ou moins codifi\u00e9s, la <strong>cravatte personnalis\u00e9e<\/strong> sait imposer un ton, affirmer une appartenance ou rendre unique m\u00eame la tenue la plus sobre. Gr\u00e2ce \u00e0 la personnalisation \u2014 doublure imprim\u00e9e, coutures contrast\u00e9es, \u00e9tiquette d\u2019initiales brod\u00e9e \u2014 cet accessoire devient un objet de design narratif, distinctif et m\u00e9morable.<\/p>\n\n\n\n<p>De m\u00eame, le <strong>foulard en soie<\/strong> incarne le raffinement, souvent associ\u00e9 \u00e0 la f\u00e9minit\u00e9, mais pas uniquement. Port\u00e9 autour du cou, nou\u00e9 dans les cheveux, attach\u00e9 \u00e0 un sac : ses usages multiples le rendent versatile, expressif, porteur de sens. Lorsqu\u2019il est r\u00e9alis\u00e9 sur mesure \u2014 avec un imprim\u00e9 \u00e9voquant l\u2019identit\u00e9 visuelle d\u2019un \u00e9v\u00e9nement ou d\u2019une marque \u2014 il se transforme en <strong>cadeau sophistiqu\u00e9<\/strong>, id\u00e9al pour des occasions d\u2019entreprise, institutionnelles ou familiales. La capacit\u00e9 \u00e0 jouer sur les couleurs, les motifs et les d\u00e9tails stylistiques permet de cr\u00e9er un produit \u00e0 la fois <strong>\u00e9motionnel, visuel et signature stylistique<\/strong>.<\/p>\n\n\n\n<p>Quant aux <strong>\u00e9toles<\/strong> \u2014 en laine, cachemire ou soie \u2014 elles repr\u00e9sentent l\u2019accessoire parfait pour les saisons froides ou les c\u00e9r\u00e9monies o\u00f9 confort et \u00e9l\u00e9gance doivent coexister. Une \u00e9tole personnalis\u00e9e est non seulement un cadeau pr\u00e9cieux, mais aussi un alli\u00e9 pratique : elle ajoute une touche de style sans jamais \u00eatre intrusive. Elle peut \u00eatre destin\u00e9e \u00e0 des demoiselles d\u2019honneur, des t\u00e9moins, des clients de prestige ou des collaborateurs de confiance. La qualit\u00e9 de la mati\u00e8re, combin\u00e9e \u00e0 l\u2019artisanat et \u00e0 un packaging soign\u00e9, fait de chaque \u00e9tole un pr\u00e9sent qui marque les esprits, au-del\u00e0 du simple v\u00eatement.<\/p>\n\n\n\n<p><strong>Vous souhaitez transformer cravates, foulards et \u00e9toles en accessoires exclusifs pour votre entreprise ou votre \u00e9v\u00e9nement ?<\/strong> <a href=\"https:\/\/www.seteriemosconi.com\/fr\/devis-cravates-sur-mesure\/\">Contactez <strong>Seterie Mosconi<\/strong> : nous vous accompagnerons pour cr\u00e9er des pi\u00e8ces iconiques, personnalis\u00e9es avec style \u2014 pens\u00e9es pour durer et \u00eatre m\u00e9morables.<\/a><\/p>\n\n\n\n<h2 class=\"wp-block-heading\">La valeur de la personnalisation : quand le d\u00e9tail fait toute la diff\u00e9rence<\/h2>\n\n\n\n<p>\u00c0 l\u2019\u00e8re de l\u2019uniformisation de masse, o\u00f9 tout semble r\u00e9plicable et standardis\u00e9, <a href=\"https:\/\/www.seteriemosconi.com\/fr\/production-cravates-foulards-et-echarpes-personnalises\/personnalisations-promotionnelles\/\">la <strong>personnalisation<\/strong> devient un <strong>signe distinctif<\/strong><\/a> de plus en plus recherch\u00e9. C\u2019est le d\u00e9tail qui raconte une histoire, qui rend un objet unique, qui fait sentir \u00e0 celui qui le re\u00e7oit qu\u2019il a \u00e9t\u00e9 pens\u00e9, reconnu, valoris\u00e9. Il ne s\u2019agit pas simplement d\u2019apposer un logo ou de modifier la couleur d\u2019un tissu : la v\u00e9ritable personnalisation \u2014 artisanale, authentique \u2014 na\u00eet d\u2019une r\u00e9flexion sur la fonction, le contexte et le message que l\u2019on souhaite transmettre. Lorsqu\u2019un accessoire devient personnel, il devient aussi plus <strong>durable<\/strong>, plus <strong>utilis\u00e9<\/strong> et surtout plus <strong>significatif<\/strong>.<\/p>\n\n\n\n<p>Dans le monde de l\u2019entreprise, par exemple, un <a href=\"https:\/\/www.seteriemosconi.com\/fr\/produits-promotionnels-personnalises\/\">accessoire personnalis\u00e9<\/a> peut s\u2019av\u00e9rer bien plus efficace qu\u2019une brochure ou qu\u2019un gadget g\u00e9n\u00e9rique. Une <strong>cravate avec une doublure int\u00e9rieure aux couleurs institutionnelles<\/strong>, un <strong>foulard arborant des motifs cr\u00e9\u00e9s sur mesure pour un \u00e9v\u00e9nement<\/strong>, ou encore une <strong>\u00e9charpe orn\u00e9e d\u2019une \u00e9tiquette discr\u00e8te mais parlante<\/strong>, deviennent des outils de communication \u00e9l\u00e9gants et intelligents. Les mots, les symboles, les textures et les formes peuvent \u00eatre finement dos\u00e9s pour renforcer l\u2019identit\u00e9 visuelle d\u2019une entreprise sans envahir, pour \u00e9mouvoir sans tomber dans la rh\u00e9torique.<\/p>\n\n\n\n<p>Mais <a href=\"https:\/\/www.seteriemosconi.com\/fr\/production-cravates-foulards-et-echarpes-personnalises\/personnalisations-promotionnelles\/\">la personnalisation<\/a> ne se limite pas au domaine professionnel. Dans le cadre priv\u00e9 \u2014 mariages, anniversaires, c\u00e9l\u00e9brations familiales \u2014 un accessoire sur mesure poss\u00e8de le <strong>pouvoir de rendre un moment inoubliable<\/strong>, d\u2019exprimer une \u00e9motion sous une forme tangible. Un cadeau pens\u00e9 pour une personne sp\u00e9cifique, qui raconte une relation, une attention, porte une <strong>valeur symbolique<\/strong> qu\u2019aucun objet standardis\u00e9 ne saurait \u00e9galer. Le <strong>soin du d\u00e9tail<\/strong> \u2014 du choix du tissu \u00e0 la pr\u00e9sentation finale \u2014 fait de la personnalisation un <strong>acte de respect et de beaut\u00e9<\/strong>.<\/p>\n\n\n\n<p>Chez <strong>Seterie Mosconi<\/strong>, chaque projet fait l\u2019objet d\u2019un \u00e9change approfondi avec le client : chaque \u00e9l\u00e9ment est discut\u00e9, con\u00e7u et valid\u00e9. Le r\u00e9sultat est un accessoire qui refl\u00e8te non seulement une esth\u00e9tique, mais aussi une <strong>identit\u00e9 forte et authentique<\/strong>. Voil\u00e0 pourquoi la personnalisation n\u2019est pas un luxe, mais un <strong>investissement \u00e9motionnel, narratif et relationnel<\/strong>.<\/p>\n\n\n\n<p><strong>Vous souhaitez cr\u00e9er des accessoires qui refl\u00e8tent vraiment votre entreprise ou votre histoire personnelle ?<\/strong> <a href=\"https:\/\/www.seteriemosconi.com\/fr\/devis-cravates-sur-mesure\/\">Faites confiance \u00e0 <strong>Seterie Mosconi<\/strong> pour une cr\u00e9ation sur mesure : du concept graphique au choix des mat\u00e9riaux, chaque d\u00e9tail est \u00e9tudi\u00e9 pour mettre en valeur ce que vous souhaitez exprimer.<\/a><\/p>\n\n\n\n<h2 class=\"wp-block-heading\">L\u2019importance de la qualit\u00e9 : mati\u00e8res nobles et savoir-faire artisanal<\/h2>\n\n\n\n<p>Aussi bien con\u00e7u et personnalis\u00e9 soit-il, un accessoire ne peut r\u00e9ellement \u00eatre consid\u00e9r\u00e9 comme <strong>intemporel<\/strong> s\u2019il n\u2019est pas soutenu par des <strong>mati\u00e8res de haute qualit\u00e9<\/strong> et un <strong>artisanat irr\u00e9prochable<\/strong>. C\u2019est pr\u00e9cis\u00e9ment la combinaison entre <strong>beaut\u00e9 esth\u00e9tique<\/strong> et <strong>solidit\u00e9 mat\u00e9rielle<\/strong> qui d\u00e9termine la long\u00e9vit\u00e9 \u2014 m\u00eame symbolique \u2014 d\u2019un objet. Un <strong>foulard en pure soie imprim\u00e9e<\/strong>, une <strong>\u00e9tole en cachemire italien<\/strong>, une <strong>cravate en jacquard haute densit\u00e9<\/strong> : autant d\u2019exemples de la mani\u00e8re dont la qualit\u00e9 peut transformer un simple cadeau en un <strong>objet de prestige<\/strong>.<\/p>\n\n\n\n<p>Dans un march\u00e9 domin\u00e9 par la production rapide et impersonnelle, investir dans des <strong>accessoires confectionn\u00e9s de fa\u00e7on artisanale<\/strong>, avec des <strong>mati\u00e8res nobles<\/strong>, envoie un message clair : <strong>soin, attention, authenticit\u00e9<\/strong>. Les tissus s\u00e9lectionn\u00e9s par <strong>Seterie Mosconi<\/strong> proviennent des <strong>meilleurs fournisseurs italiens<\/strong>, choisis non seulement pour la beaut\u00e9 des fibres, mais aussi pour leur <strong>r\u00e9sistance<\/strong>, leur <strong>douceur<\/strong> et leur <strong>durabilit\u00e9 \u00e9cologique<\/strong>. La soie, par exemple, n\u2019est pas uniquement une question de brillance : c\u2019est une fibre vivante, capable de donner <strong>profondeur aux imprim\u00e9s<\/strong>, <strong>mouvement aux motifs<\/strong>, et <strong>plaisir au toucher<\/strong>. De m\u00eame, la <strong>laine m\u00e9rinos<\/strong> et le <strong>cachemire<\/strong> conf\u00e8rent chaleur et raffinement, parfaits pour des \u00e9toles ou des \u00e9charpes pens\u00e9es pour les <strong>c\u00e9r\u00e9monies d\u2019hiver<\/strong>.<\/p>\n\n\n\n<p>Mais ce n\u2019est pas uniquement le tissu qui fait la diff\u00e9rence : c\u2019est aussi <strong>le savoir-faire<\/strong>. Ce qui distingue un objet d\u2019exception d\u2019un produit de masse, ce sont les <strong>coutures invisibles<\/strong>, les <strong>finitions impeccables<\/strong>, les <strong>\u00e9tiquettes cousues \u00e0 la main<\/strong>, et un <strong>contr\u00f4le qualit\u00e9<\/strong> \u00e0 chaque \u00e9tape. La qualit\u00e9 n\u2019est pas un luxe superflu : c\u2019est une forme de <strong>respect envers la personne qui re\u00e7oit<\/strong>, envers <strong>l\u2019environnement<\/strong>, et envers la <strong>valeur<\/strong> que l\u2019on souhaite transmettre.<\/p>\n\n\n\n<p>Choisir la qualit\u00e9, c\u2019est aussi <strong>r\u00e9duire le gaspillage<\/strong> : un accessoire bien con\u00e7u n\u2019est ni jet\u00e9, ni oubli\u00e9, ni remplac\u00e9 rapidement. Il <strong>int\u00e8gre la garde-robe<\/strong> de son destinataire, est port\u00e9 avec fiert\u00e9, transmis parfois. Ainsi, la valeur de l\u2019objet <strong>grandit avec le temps<\/strong>, devenant un <strong>symbole de m\u00e9moire et de lien<\/strong>.<\/p>\n\n\n\n<p><strong>Vous souhaitez sublimer votre id\u00e9e de cadeau avec des mat\u00e9riaux d\u2019exception et une fabrication artisanale italienne ?<\/strong> <a href=\"https:\/\/www.seteriemosconi.com\/fr\/devis-cravates-sur-mesure\/\"><strong>Contactez Seterie Mosconi<\/strong> et laissez-vous guider dans le choix du tissu parfait pour votre accessoire personnalis\u00e9 \u2014 afin que chaque d\u00e9tail raconte votre vision.<\/a><\/p>\n\n\n\n<h2 class=\"wp-block-heading\">La valeur dans le temps : quand un accessoire devient souvenir<\/h2>\n\n\n\n<p>Ce qui rend certains <a href=\"https:\/\/www.seteriemosconi.com\/fr\/produits-promotionnels-personnalises\/\">accessoires<\/a> v\u00e9ritablement sp\u00e9ciaux, ce n\u2019est pas uniquement leur esth\u00e9tique ou la noblesse de leurs mati\u00e8res, mais leur <strong>capacit\u00e9 \u00e0 traverser le temps sans perdre leur signification<\/strong>. Un <strong>foulard port\u00e9 lors d\u2019un \u00e9v\u00e9nement marquant<\/strong>, une <strong>cravate offerte \u00e0 l\u2019occasion d\u2019un anniversaire d\u2019entreprise<\/strong>, une <strong>\u00e9tole re\u00e7ue en signe de reconnaissance<\/strong> : autant d\u2019objets qui, lorsqu\u2019ils sont bien con\u00e7us et <strong>personnalis\u00e9s avec soin<\/strong>, deviennent des <strong>fragments de m\u00e9moire<\/strong>, les <strong>gardiens d\u2019un instant, d\u2019un geste, d\u2019une \u00e9motion<\/strong>.<\/p>\n\n\n\n<p>C\u2019est l\u00e0 toute la force des <a href=\"https:\/\/www.seteriemosconi.com\/fr\/produits-promotionnels-personnalises\/\"><strong>accessoires intemporels<\/strong><\/a>. Ils ne se contentent pas de compl\u00e9ter une tenue : ils <strong>accompagnent<\/strong> celui ou celle qui les porte dans diff\u00e9rents contextes, en s\u2019adaptant \u00e0 l\u2019\u00e9volution du style sans jamais perdre leur pertinence. Leur <strong>forme peut \u00e9voluer<\/strong>, leurs <strong>couleurs peuvent varier<\/strong> au fil des tendances, mais leur <strong>valeur affective et esth\u00e9tique<\/strong> reste intacte. C\u2019est cette <strong>continuit\u00e9 entre pass\u00e9 et avenir<\/strong> qui leur donne leur puissance : ils deviennent des \u00e9l\u00e9ments cl\u00e9s de l\u2019<strong>identit\u00e9<\/strong> de la personne qui les re\u00e7oit.<\/p>\n\n\n\n<p>Lorsqu\u2019un accessoire est <strong>con\u00e7u sur mesure<\/strong>, le lien entre l\u2019objet et son destinataire devient encore plus fort. Une <strong>cravate avec une doublure contenant un message secret<\/strong>, un <strong>foulard dont l\u2019imprim\u00e9 raconte l\u2019histoire d\u2019une entreprise<\/strong>, une <strong>\u00e9tole pens\u00e9e sp\u00e9cialement pour les demoiselles d\u2019honneur d\u2019un mariage d\u2019hiver<\/strong> : chacun de ces objets devient <strong>unique, irrempla\u00e7able<\/strong>, et capable, m\u00eame des ann\u00e9es plus tard, de <strong>raviver des souvenirs pr\u00e9cis<\/strong>, de <strong>faire na\u00eetre des \u00e9motions sinc\u00e8res<\/strong>, de <strong>r\u00e9activer des liens profonds<\/strong>.<\/p>\n\n\n\n<p>\u00c0 une \u00e9poque o\u00f9 la communication est souvent fugace et superficielle, <strong>offrir un accessoire qui dure<\/strong>, qui <strong>porte un message<\/strong>, qui <strong>t\u00e9moigne d\u2019une v\u00e9ritable attention<\/strong>, c\u2019est choisir une forme de communication plus <strong>humaine<\/strong>, plus <strong>authentique<\/strong>, plus <strong>durable<\/strong>. C\u2019est aussi pour une entreprise, une marque, ou une personne, un moyen de <strong>laisser une trace \u00e9l\u00e9gante et inoubliable<\/strong> dans la m\u00e9moire de l\u2019autre.<\/p>\n\n\n\n<p><strong>Vous souhaitez que vos accessoires soient port\u00e9s aujourd\u2019hui, mais aussi souvenus demain ?<\/strong> <a href=\"https:\/\/www.seteriemosconi.com\/fr\/devis-cravates-sur-mesure\/\"><strong>Faites confiance \u00e0 Seterie Mosconi<\/strong> pour concevoir un accessoire <strong>qui deviendra un souvenir<\/strong> : \u00e9l\u00e9gant, fonctionnel, et surtout intemporel.<\/a><\/p>\n\n\n\n<h2 class=\"wp-block-heading\">Conclusion<\/h2>\n\n\n\n<p>Les <a href=\"https:\/\/www.seteriemosconi.com\/fr\/produits-promotionnels-personnalises\/\"><strong>accessoires qui ne se d\u00e9modent jamais<\/strong><\/a> sont bien plus que de simples \u00e9l\u00e9ments d\u00e9coratifs : ce sont des <strong>langages silencieux mais \u00e9loquents<\/strong>, capables de transmettre des <strong>valeurs<\/strong>, du <strong>style<\/strong> et une <strong>intention claire<\/strong>. Lorsqu\u2019ils sont <strong>con\u00e7us avec soin<\/strong>, <strong>fabriqu\u00e9s \u00e0 partir de mat\u00e9riaux nobles<\/strong> et <a href=\"https:\/\/www.seteriemosconi.com\/fr\/production-cravates-foulards-et-echarpes-personnalises\/personnalisations-promotionnelles\/\"><strong>personnalis\u00e9s de mani\u00e8re authentique<\/strong><\/a>, ils deviennent de <strong>v\u00e9ritables instruments relationnels<\/strong>. Ils ne se contentent pas d\u2019orner : <strong>ils racontent, connectent et marquent les esprits<\/strong>.<\/p>\n\n\n\n<p>Dans un monde o\u00f9 l\u2019uniformit\u00e9 semble dominer, <strong>offrir un <\/strong><a href=\"https:\/\/www.seteriemosconi.com\/fr\/produits-promotionnels-personnalises\/\"><strong>accessoire personnalis\u00e9, raffin\u00e9 et durable<\/strong><\/a> est une <strong>prise de position affirm\u00e9e<\/strong> en faveur de <strong>l\u2019unicit\u00e9 et de la m\u00e9moire<\/strong>. Que ce soit dans le cadre d\u2019un \u00e9v\u00e9nement professionnel, d\u2019une c\u00e9l\u00e9bration priv\u00e9e ou d\u2019un moment important \u00e0 immortaliser, un <strong>cadeau textile sur mesure<\/strong> incarne une <strong>forme de communication \u00e9l\u00e9gante et strat\u00e9gique<\/strong>. Il parle de <strong>reconnaissance, d\u2019attention aux d\u00e9tails<\/strong> et d\u2019une <strong>vision \u00e0 long terme<\/strong>.<\/p>\n\n\n\n<p>Choisir un accessoire intemporel, c\u2019est vouloir <strong>\u00eatre reconnu pour ce que l\u2019on est<\/strong>, pour <strong>ce que l\u2019on incarne<\/strong> et pour <strong>ce que l\u2019on offre<\/strong>.<\/p>\n\n\n\n<p><strong>Vous souhaitez cr\u00e9er un cadeau intemporel qui raconte votre histoire ?<\/strong> Confiez votre projet \u00e0 <strong>Seterie Mosconi<\/strong> : nous concevons des accessoires personnalis\u00e9s avec des <strong>mat\u00e9riaux d\u2019exception<\/strong>, un <strong>design exclusif<\/strong> et un <strong>savoir-faire artisanal 100 % Made in Italy<\/strong>. <a href=\"https:\/\/www.seteriemosconi.com\/fr\/devis-cravates-sur-mesure\/\"><strong>Contactez-nous d\u00e8s maintenant<\/strong> pour recevoir une proposition sur mesure : <strong>votre prochain cadeau \u00e9l\u00e9gant et inoubliable commence ici<\/strong>.<\/a><\/p>\n","protected":false},"excerpt":{"rendered":"<p>L\u2019eleganza degli accessori senza tempo: perch\u00e9 alcuni dettagli non passano mai di moda Dans un monde de la mode et du style en perp\u00e9tuelle \u00e9volution, certains \u00e9l\u00e9ments ne se contentent pas de r\u00e9sister au temps : ils gagnent en intensit\u00e9 au fil des saisons. Parmi eux, les accessoires classiques occupent une place de choix \u2014 [&hellip;]<\/p>\n","protected":false},"author":2,"featured_media":14224,"comment_status":"closed","ping_status":"closed","sticky":false,"template":"","format":"standard","meta":{"_acf_changed":false,"footnotes":""},"categories":[109],"tags":[112,113,115,123,125,147],"class_list":["post-15329","post","type-post","status-publish","format-standard","has-post-thumbnail","hentry","category-articles-blog","tag-cravate-personnalisee","tag-cravate-dentreprise-personnalisee","tag-foulard-personnalise","tag-echarpe-a-la-mode","tag-echarpe-personnalisee","tag-cravate-en-soie"],"acf":[],"yoast_head":"<!-- This site is optimized with the Yoast SEO plugin v24.6 - https:\/\/yoast.com\/wordpress\/plugins\/seo\/ -->\n<title>Accessoires personnalis\u00e9s intemporels<\/title>\n<meta name=\"description\" content=\"D\u00e9couvrez la qualit\u00e9 Made in Italy de Seterie Mosconi. Accessoires intemporels (et personnalisables)\" \/>\n<meta name=\"robots\" content=\"index, follow, max-snippet:-1, max-image-preview:large, max-video-preview:-1\" \/>\n<link rel=\"canonical\" href=\"https:\/\/www.seteriemosconi.com\/fr\/articles-blog\/gli-accessori-che-non-passano-mai-di-moda-e-si-possono-personalizzare\/\" \/>\n<meta property=\"og:locale\" content=\"fr_FR\" \/>\n<meta property=\"og:type\" content=\"article\" \/>\n<meta property=\"og:title\" content=\"Accessoires personnalis\u00e9s intemporels\" \/>\n<meta property=\"og:description\" content=\"D\u00e9couvrez la qualit\u00e9 Made in Italy de Seterie Mosconi. Accessoires intemporels (et personnalisables)\" \/>\n<meta property=\"og:url\" content=\"https:\/\/www.seteriemosconi.com\/fr\/articles-blog\/gli-accessori-che-non-passano-mai-di-moda-e-si-possono-personalizzare\/\" \/>\n<meta property=\"og:site_name\" content=\"Seterie Mosconi\" \/>\n<meta property=\"article:publisher\" content=\"https:\/\/www.facebook.com\/SeterieMosconi\/\" \/>\n<meta property=\"article:published_time\" content=\"2025-12-29T14:09:01+00:00\" \/>\n<meta property=\"og:image\" content=\"https:\/\/www.seteriemosconi.com\/wp-content\/uploads\/2024\/10\/twilly-bianco-blu-croci-colorate.jpeg\" \/>\n\t<meta property=\"og:image:width\" content=\"1200\" \/>\n\t<meta property=\"og:image:height\" content=\"1600\" \/>\n\t<meta property=\"og:image:type\" content=\"image\/jpeg\" \/>\n<meta name=\"author\" content=\"Gestione contenuti\" \/>\n<meta name=\"twitter:card\" content=\"summary_large_image\" \/>\n<meta name=\"twitter:label1\" content=\"\u00c9crit par\" \/>\n\t<meta name=\"twitter:data1\" content=\"Gestione contenuti\" \/>\n\t<meta name=\"twitter:label2\" content=\"Dur\u00e9e de lecture estim\u00e9e\" \/>\n\t<meta name=\"twitter:data2\" content=\"12 minutes\" \/>\n<script type=\"application\/ld+json\" class=\"yoast-schema-graph\">{\"@context\":\"https:\/\/schema.org\",\"@graph\":[{\"@type\":\"Article\",\"@id\":\"https:\/\/www.seteriemosconi.com\/fr\/articles-blog\/gli-accessori-che-non-passano-mai-di-moda-e-si-possono-personalizzare\/#article\",\"isPartOf\":{\"@id\":\"https:\/\/www.seteriemosconi.com\/fr\/articles-blog\/gli-accessori-che-non-passano-mai-di-moda-e-si-possono-personalizzare\/\"},\"author\":{\"name\":\"Gestione contenuti\",\"@id\":\"https:\/\/www.seteriemosconi.com\/fr\/#\/schema\/person\/a7b87d19e24d1eada6f8c20f2f218cab\"},\"headline\":\"Accessoires intemporels (et personnalisables)\",\"datePublished\":\"2025-12-29T14:09:01+00:00\",\"mainEntityOfPage\":{\"@id\":\"https:\/\/www.seteriemosconi.com\/fr\/articles-blog\/gli-accessori-che-non-passano-mai-di-moda-e-si-possono-personalizzare\/\"},\"wordCount\":2307,\"publisher\":{\"@id\":\"https:\/\/www.seteriemosconi.com\/fr\/#organization\"},\"image\":{\"@id\":\"https:\/\/www.seteriemosconi.com\/fr\/articles-blog\/gli-accessori-che-non-passano-mai-di-moda-e-si-possono-personalizzare\/#primaryimage\"},\"thumbnailUrl\":\"https:\/\/www.seteriemosconi.com\/wp-content\/uploads\/2024\/10\/twilly-bianco-blu-croci-colorate.jpeg\",\"keywords\":[\"cravate personnalis\u00e9e\",\"cravate d'entreprise personnalis\u00e9e\",\"foulard personnalis\u00e9\",\"\u00e9charpe \u00e0 la mode\",\"\u00e9charpe personnalis\u00e9e\",\"cravate en soie\"],\"articleSection\":[\"Articles blog FR\"],\"inLanguage\":\"fr-FR\"},{\"@type\":\"WebPage\",\"@id\":\"https:\/\/www.seteriemosconi.com\/fr\/articles-blog\/gli-accessori-che-non-passano-mai-di-moda-e-si-possono-personalizzare\/\",\"url\":\"https:\/\/www.seteriemosconi.com\/fr\/articles-blog\/gli-accessori-che-non-passano-mai-di-moda-e-si-possono-personalizzare\/\",\"name\":\"Accessoires personnalis\u00e9s intemporels\",\"isPartOf\":{\"@id\":\"https:\/\/www.seteriemosconi.com\/fr\/#website\"},\"primaryImageOfPage\":{\"@id\":\"https:\/\/www.seteriemosconi.com\/fr\/articles-blog\/gli-accessori-che-non-passano-mai-di-moda-e-si-possono-personalizzare\/#primaryimage\"},\"image\":{\"@id\":\"https:\/\/www.seteriemosconi.com\/fr\/articles-blog\/gli-accessori-che-non-passano-mai-di-moda-e-si-possono-personalizzare\/#primaryimage\"},\"thumbnailUrl\":\"https:\/\/www.seteriemosconi.com\/wp-content\/uploads\/2024\/10\/twilly-bianco-blu-croci-colorate.jpeg\",\"datePublished\":\"2025-12-29T14:09:01+00:00\",\"description\":\"D\u00e9couvrez la qualit\u00e9 Made in Italy de Seterie Mosconi. Accessoires intemporels (et personnalisables)\",\"breadcrumb\":{\"@id\":\"https:\/\/www.seteriemosconi.com\/fr\/articles-blog\/gli-accessori-che-non-passano-mai-di-moda-e-si-possono-personalizzare\/#breadcrumb\"},\"inLanguage\":\"fr-FR\",\"potentialAction\":[{\"@type\":\"ReadAction\",\"target\":[\"https:\/\/www.seteriemosconi.com\/fr\/articles-blog\/gli-accessori-che-non-passano-mai-di-moda-e-si-possono-personalizzare\/\"]}]},{\"@type\":\"ImageObject\",\"inLanguage\":\"fr-FR\",\"@id\":\"https:\/\/www.seteriemosconi.com\/fr\/articles-blog\/gli-accessori-che-non-passano-mai-di-moda-e-si-possono-personalizzare\/#primaryimage\",\"url\":\"https:\/\/www.seteriemosconi.com\/wp-content\/uploads\/2024\/10\/twilly-bianco-blu-croci-colorate.jpeg\",\"contentUrl\":\"https:\/\/www.seteriemosconi.com\/wp-content\/uploads\/2024\/10\/twilly-bianco-blu-croci-colorate.jpeg\",\"width\":1200,\"height\":1600,\"caption\":\"Twilly bianco e blu con disegni di croci\"},{\"@type\":\"BreadcrumbList\",\"@id\":\"https:\/\/www.seteriemosconi.com\/fr\/articles-blog\/gli-accessori-che-non-passano-mai-di-moda-e-si-possono-personalizzare\/#breadcrumb\",\"itemListElement\":[{\"@type\":\"ListItem\",\"position\":1,\"name\":\"Home\",\"item\":\"https:\/\/www.seteriemosconi.com\/fr\/\"},{\"@type\":\"ListItem\",\"position\":2,\"name\":\"Accessoires intemporels (et personnalisables)\"}]},{\"@type\":\"WebSite\",\"@id\":\"https:\/\/www.seteriemosconi.com\/fr\/#website\",\"url\":\"https:\/\/www.seteriemosconi.com\/fr\/\",\"name\":\"Seterie Mosconi\",\"description\":\"\",\"publisher\":{\"@id\":\"https:\/\/www.seteriemosconi.com\/fr\/#organization\"},\"alternateName\":\"Articoli promozionali per aziende\",\"potentialAction\":[{\"@type\":\"SearchAction\",\"target\":{\"@type\":\"EntryPoint\",\"urlTemplate\":\"https:\/\/www.seteriemosconi.com\/fr\/?s={search_term_string}\"},\"query-input\":{\"@type\":\"PropertyValueSpecification\",\"valueRequired\":true,\"valueName\":\"search_term_string\"}}],\"inLanguage\":\"fr-FR\"},{\"@type\":\"Organization\",\"@id\":\"https:\/\/www.seteriemosconi.com\/fr\/#organization\",\"name\":\"Seterie Mosconi\",\"alternateName\":\"Articoli promozionali per aziende\",\"url\":\"https:\/\/www.seteriemosconi.com\/fr\/\",\"logo\":{\"@type\":\"ImageObject\",\"inLanguage\":\"fr-FR\",\"@id\":\"https:\/\/www.seteriemosconi.com\/fr\/#\/schema\/logo\/image\/\",\"url\":\"https:\/\/www.seteriemosconi.com\/wp-content\/uploads\/2018\/01\/logo_mosconi-seteria.png\",\"contentUrl\":\"https:\/\/www.seteriemosconi.com\/wp-content\/uploads\/2018\/01\/logo_mosconi-seteria.png\",\"width\":500,\"height\":148,\"caption\":\"Seterie Mosconi\"},\"image\":{\"@id\":\"https:\/\/www.seteriemosconi.com\/fr\/#\/schema\/logo\/image\/\"},\"sameAs\":[\"https:\/\/www.facebook.com\/SeterieMosconi\/\",\"https:\/\/instagram.com\/seterie_mosconi\",\"https:\/\/www.linkedin.com\/company\/seterie-mosconi-ties-and-scarves\/\"]},{\"@type\":\"Person\",\"@id\":\"https:\/\/www.seteriemosconi.com\/fr\/#\/schema\/person\/a7b87d19e24d1eada6f8c20f2f218cab\",\"name\":\"Gestione contenuti\",\"image\":{\"@type\":\"ImageObject\",\"inLanguage\":\"fr-FR\",\"@id\":\"https:\/\/www.seteriemosconi.com\/fr\/#\/schema\/person\/image\/\",\"url\":\"https:\/\/www.seteriemosconi.com\/wp-content\/litespeed\/avatar\/294fb73a634bffd316e676654d145879.jpg?ver=1777575318\",\"contentUrl\":\"https:\/\/www.seteriemosconi.com\/wp-content\/litespeed\/avatar\/294fb73a634bffd316e676654d145879.jpg?ver=1777575318\",\"caption\":\"Gestione contenuti\"}}]}<\/script>\n<!-- \/ Yoast SEO plugin. -->","yoast_head_json":{"title":"Accessoires personnalis\u00e9s intemporels","description":"D\u00e9couvrez la qualit\u00e9 Made in Italy de Seterie Mosconi. Accessoires intemporels (et personnalisables)","robots":{"index":"index","follow":"follow","max-snippet":"max-snippet:-1","max-image-preview":"max-image-preview:large","max-video-preview":"max-video-preview:-1"},"canonical":"https:\/\/www.seteriemosconi.com\/fr\/articles-blog\/gli-accessori-che-non-passano-mai-di-moda-e-si-possono-personalizzare\/","og_locale":"fr_FR","og_type":"article","og_title":"Accessoires personnalis\u00e9s intemporels","og_description":"D\u00e9couvrez la qualit\u00e9 Made in Italy de Seterie Mosconi. Accessoires intemporels (et personnalisables)","og_url":"https:\/\/www.seteriemosconi.com\/fr\/articles-blog\/gli-accessori-che-non-passano-mai-di-moda-e-si-possono-personalizzare\/","og_site_name":"Seterie Mosconi","article_publisher":"https:\/\/www.facebook.com\/SeterieMosconi\/","article_published_time":"2025-12-29T14:09:01+00:00","og_image":[{"width":1200,"height":1600,"url":"https:\/\/www.seteriemosconi.com\/wp-content\/uploads\/2024\/10\/twilly-bianco-blu-croci-colorate.jpeg","type":"image\/jpeg"}],"author":"Gestione contenuti","twitter_card":"summary_large_image","twitter_misc":{"\u00c9crit par":"Gestione contenuti","Dur\u00e9e de lecture estim\u00e9e":"12 minutes"},"schema":{"@context":"https:\/\/schema.org","@graph":[{"@type":"Article","@id":"https:\/\/www.seteriemosconi.com\/fr\/articles-blog\/gli-accessori-che-non-passano-mai-di-moda-e-si-possono-personalizzare\/#article","isPartOf":{"@id":"https:\/\/www.seteriemosconi.com\/fr\/articles-blog\/gli-accessori-che-non-passano-mai-di-moda-e-si-possono-personalizzare\/"},"author":{"name":"Gestione contenuti","@id":"https:\/\/www.seteriemosconi.com\/fr\/#\/schema\/person\/a7b87d19e24d1eada6f8c20f2f218cab"},"headline":"Accessoires intemporels (et personnalisables)","datePublished":"2025-12-29T14:09:01+00:00","mainEntityOfPage":{"@id":"https:\/\/www.seteriemosconi.com\/fr\/articles-blog\/gli-accessori-che-non-passano-mai-di-moda-e-si-possono-personalizzare\/"},"wordCount":2307,"publisher":{"@id":"https:\/\/www.seteriemosconi.com\/fr\/#organization"},"image":{"@id":"https:\/\/www.seteriemosconi.com\/fr\/articles-blog\/gli-accessori-che-non-passano-mai-di-moda-e-si-possono-personalizzare\/#primaryimage"},"thumbnailUrl":"https:\/\/www.seteriemosconi.com\/wp-content\/uploads\/2024\/10\/twilly-bianco-blu-croci-colorate.jpeg","keywords":["cravate personnalis\u00e9e","cravate d'entreprise personnalis\u00e9e","foulard personnalis\u00e9","\u00e9charpe \u00e0 la mode","\u00e9charpe personnalis\u00e9e","cravate en soie"],"articleSection":["Articles blog FR"],"inLanguage":"fr-FR"},{"@type":"WebPage","@id":"https:\/\/www.seteriemosconi.com\/fr\/articles-blog\/gli-accessori-che-non-passano-mai-di-moda-e-si-possono-personalizzare\/","url":"https:\/\/www.seteriemosconi.com\/fr\/articles-blog\/gli-accessori-che-non-passano-mai-di-moda-e-si-possono-personalizzare\/","name":"Accessoires personnalis\u00e9s intemporels","isPartOf":{"@id":"https:\/\/www.seteriemosconi.com\/fr\/#website"},"primaryImageOfPage":{"@id":"https:\/\/www.seteriemosconi.com\/fr\/articles-blog\/gli-accessori-che-non-passano-mai-di-moda-e-si-possono-personalizzare\/#primaryimage"},"image":{"@id":"https:\/\/www.seteriemosconi.com\/fr\/articles-blog\/gli-accessori-che-non-passano-mai-di-moda-e-si-possono-personalizzare\/#primaryimage"},"thumbnailUrl":"https:\/\/www.seteriemosconi.com\/wp-content\/uploads\/2024\/10\/twilly-bianco-blu-croci-colorate.jpeg","datePublished":"2025-12-29T14:09:01+00:00","description":"D\u00e9couvrez la qualit\u00e9 Made in Italy de Seterie Mosconi. Accessoires intemporels (et personnalisables)","breadcrumb":{"@id":"https:\/\/www.seteriemosconi.com\/fr\/articles-blog\/gli-accessori-che-non-passano-mai-di-moda-e-si-possono-personalizzare\/#breadcrumb"},"inLanguage":"fr-FR","potentialAction":[{"@type":"ReadAction","target":["https:\/\/www.seteriemosconi.com\/fr\/articles-blog\/gli-accessori-che-non-passano-mai-di-moda-e-si-possono-personalizzare\/"]}]},{"@type":"ImageObject","inLanguage":"fr-FR","@id":"https:\/\/www.seteriemosconi.com\/fr\/articles-blog\/gli-accessori-che-non-passano-mai-di-moda-e-si-possono-personalizzare\/#primaryimage","url":"https:\/\/www.seteriemosconi.com\/wp-content\/uploads\/2024\/10\/twilly-bianco-blu-croci-colorate.jpeg","contentUrl":"https:\/\/www.seteriemosconi.com\/wp-content\/uploads\/2024\/10\/twilly-bianco-blu-croci-colorate.jpeg","width":1200,"height":1600,"caption":"Twilly bianco e blu con disegni di croci"},{"@type":"BreadcrumbList","@id":"https:\/\/www.seteriemosconi.com\/fr\/articles-blog\/gli-accessori-che-non-passano-mai-di-moda-e-si-possono-personalizzare\/#breadcrumb","itemListElement":[{"@type":"ListItem","position":1,"name":"Home","item":"https:\/\/www.seteriemosconi.com\/fr\/"},{"@type":"ListItem","position":2,"name":"Accessoires intemporels (et personnalisables)"}]},{"@type":"WebSite","@id":"https:\/\/www.seteriemosconi.com\/fr\/#website","url":"https:\/\/www.seteriemosconi.com\/fr\/","name":"Seterie Mosconi","description":"","publisher":{"@id":"https:\/\/www.seteriemosconi.com\/fr\/#organization"},"alternateName":"Articoli promozionali per aziende","potentialAction":[{"@type":"SearchAction","target":{"@type":"EntryPoint","urlTemplate":"https:\/\/www.seteriemosconi.com\/fr\/?s={search_term_string}"},"query-input":{"@type":"PropertyValueSpecification","valueRequired":true,"valueName":"search_term_string"}}],"inLanguage":"fr-FR"},{"@type":"Organization","@id":"https:\/\/www.seteriemosconi.com\/fr\/#organization","name":"Seterie Mosconi","alternateName":"Articoli promozionali per aziende","url":"https:\/\/www.seteriemosconi.com\/fr\/","logo":{"@type":"ImageObject","inLanguage":"fr-FR","@id":"https:\/\/www.seteriemosconi.com\/fr\/#\/schema\/logo\/image\/","url":"https:\/\/www.seteriemosconi.com\/wp-content\/uploads\/2018\/01\/logo_mosconi-seteria.png","contentUrl":"https:\/\/www.seteriemosconi.com\/wp-content\/uploads\/2018\/01\/logo_mosconi-seteria.png","width":500,"height":148,"caption":"Seterie Mosconi"},"image":{"@id":"https:\/\/www.seteriemosconi.com\/fr\/#\/schema\/logo\/image\/"},"sameAs":["https:\/\/www.facebook.com\/SeterieMosconi\/","https:\/\/instagram.com\/seterie_mosconi","https:\/\/www.linkedin.com\/company\/seterie-mosconi-ties-and-scarves\/"]},{"@type":"Person","@id":"https:\/\/www.seteriemosconi.com\/fr\/#\/schema\/person\/a7b87d19e24d1eada6f8c20f2f218cab","name":"Gestione contenuti","image":{"@type":"ImageObject","inLanguage":"fr-FR","@id":"https:\/\/www.seteriemosconi.com\/fr\/#\/schema\/person\/image\/","url":"https:\/\/www.seteriemosconi.com\/wp-content\/litespeed\/avatar\/294fb73a634bffd316e676654d145879.jpg?ver=1777575318","contentUrl":"https:\/\/www.seteriemosconi.com\/wp-content\/litespeed\/avatar\/294fb73a634bffd316e676654d145879.jpg?ver=1777575318","caption":"Gestione contenuti"}}]}},"_links":{"self":[{"href":"https:\/\/www.seteriemosconi.com\/fr\/wp-json\/wp\/v2\/posts\/15329","targetHints":{"allow":["GET"]}}],"collection":[{"href":"https:\/\/www.seteriemosconi.com\/fr\/wp-json\/wp\/v2\/posts"}],"about":[{"href":"https:\/\/www.seteriemosconi.com\/fr\/wp-json\/wp\/v2\/types\/post"}],"author":[{"embeddable":true,"href":"https:\/\/www.seteriemosconi.com\/fr\/wp-json\/wp\/v2\/users\/2"}],"replies":[{"embeddable":true,"href":"https:\/\/www.seteriemosconi.com\/fr\/wp-json\/wp\/v2\/comments?post=15329"}],"version-history":[{"count":1,"href":"https:\/\/www.seteriemosconi.com\/fr\/wp-json\/wp\/v2\/posts\/15329\/revisions"}],"predecessor-version":[{"id":15333,"href":"https:\/\/www.seteriemosconi.com\/fr\/wp-json\/wp\/v2\/posts\/15329\/revisions\/15333"}],"wp:featuredmedia":[{"embeddable":true,"href":"https:\/\/www.seteriemosconi.com\/fr\/wp-json\/wp\/v2\/media\/14224"}],"wp:attachment":[{"href":"https:\/\/www.seteriemosconi.com\/fr\/wp-json\/wp\/v2\/media?parent=15329"}],"wp:term":[{"taxonomy":"category","embeddable":true,"href":"https:\/\/www.seteriemosconi.com\/fr\/wp-json\/wp\/v2\/categories?post=15329"},{"taxonomy":"post_tag","embeddable":true,"href":"https:\/\/www.seteriemosconi.com\/fr\/wp-json\/wp\/v2\/tags?post=15329"}],"curies":[{"name":"wp","href":"https:\/\/api.w.org\/{rel}","templated":true}]}}