{"id":15650,"date":"2026-04-21T12:05:05","date_gmt":"2026-04-21T11:05:05","guid":{"rendered":"https:\/\/www.seteriemosconi.com\/blog-fr\/matrimonio-primaverile-2026-colori-tessuti-e-accessori-di-tendenza\/"},"modified":"2026-04-21T17:14:48","modified_gmt":"2026-04-21T16:14:48","slug":"mariage-printanier-2026-couleurs-tissus-et-accessoires-tendance","status":"publish","type":"post","link":"https:\/\/www.seteriemosconi.com\/fr\/articles-blog\/mariage-printanier-2026-couleurs-tissus-et-accessoires-tendance\/","title":{"rendered":"Mariage printanier 2026 : couleurs, tissus et accessoires tendance"},"content":{"rendered":"\n<p>Le <a href=\"https:\/\/www.seteriemosconi.com\/fr\/produits-promotionnels-personnalises\/\"><strong>mariage printanier<\/strong><\/a> repr\u00e9sente depuis toujours l\u2019un des choix les plus fascinants et sc\u00e9nographiques pour les couples souhaitant c\u00e9l\u00e9brer leur grand jour dans une atmosph\u00e8re lumineuse, \u00e9l\u00e9gante et riche de sens. Le printemps 2026, en particulier, marque une \u00e9volution importante dans la mani\u00e8re de concevoir l\u2019esth\u00e9tique du mariage : il ne s\u2019agit plus seulement de beaut\u00e9, mais de <strong>coh\u00e9rence, de personnalisation et d\u2019attention aux d\u00e9tails<\/strong>.<\/p>\n\n\n\n<p>Les <a href=\"https:\/\/www.seteriemosconi.com\/fr\/produits-promotionnels-personnalises\/\">mariages printaniers d\u2019aujourd\u2019hui ne se contentent plus de suivre les tendances<\/a>, ils les r\u00e9interpr\u00e8tent. Les couples recherchent des solutions capables de refl\u00e9ter leur identit\u00e9, en choisissant des <strong>palettes chromatiques raffin\u00e9es, des tissus de qualit\u00e9 et des accessoires capables de faire r\u00e9ellement la diff\u00e9rence<\/strong>. Dans ce contexte, chaque \u00e9l\u00e9ment \u2013 des couleurs \u00e0 la sc\u00e9nographie, jusqu\u2019aux accessoires port\u00e9s ou offerts \u2013 devient partie int\u00e9grante d\u2019un r\u00e9cit unique.<\/p>\n\n\n\n<p>L\u2019un des aspects les plus importants est justement le choix des mat\u00e9riaux et des accessoires. Les <a href=\"https:\/\/www.seteriemosconi.com\/fr\/production-cravates-foulards-et-echarpes-personnalises\/tissus-fins-soie\/\"><strong>tissus l\u00e9gers, naturels et nobles<\/strong><\/a> s\u2019imposent comme protagonistes, tandis que les accessoires personnalis\u00e9s deviennent des outils essentiels pour rendre l\u2019exp\u00e9rience encore plus m\u00e9morable. Il ne s\u2019agit pas seulement d\u2019esth\u00e9tique, mais de cr\u00e9er une exp\u00e9rience coh\u00e9rente et distinctive, capable de laisser une empreinte chez les invit\u00e9s.<\/p>\n\n\n\n<p>Le printemps 2026 apporte avec lui un \u00e9quilibre entre innovation et retour \u00e0 l\u2019essentiel : <strong>des teintes d\u00e9licates mais contemporaines, des mat\u00e9riaux durables et des d\u00e9tails sartoriaux<\/strong> qui valorisent chaque choix. C\u2019est un \u00e9quilibre entre naturalit\u00e9 et luxe discret, entre simplicit\u00e9 et sophistication.<\/p>\n\n\n\n<p>Dans cet article, nous analyserons les principales tendances des mariages printaniers 2026, en nous concentrant sur les <strong>couleurs, <\/strong><a href=\"https:\/\/www.seteriemosconi.com\/fr\/production-cravates-foulards-et-echarpes-personnalises\/tissus-fins-soie\/\"><strong>les tissus et les accessoires<\/strong><\/a> qui red\u00e9finissent le concept m\u00eame d\u2019\u00e9l\u00e9gance.<\/p>\n\n\n\n<p><strong>Souhaitez-vous concevoir un mariage printanier soign\u00e9 dans les moindres d\u00e9tails, avec des accessoires personnalis\u00e9s et \u00e9l\u00e9gants ?<\/strong><a href=\"https:\/\/www.seteriemosconi.com\/fr\/devis-cravates-sur-mesure\/\"><strong> Contactez-nous pour recevoir un accompagnement sur mesure et d\u00e9couvrir les meilleures solutions pour votre \u00e9v\u00e9nement.<\/strong><\/a><\/p>\n\n\n\n<p><strong>\u00c0 LIRE AUSSI : <\/strong><a href=\"https:\/\/www.seteriemosconi.com\/fr\/blog-fr\/comment-assortir-des-accessoires-en-soie-personnalises-a-la-palette-de-couleurs-du-mariage\/\"><strong>Comment assortir des accessoires en soie personnalis\u00e9s \u00e0 la palette de votre mariage<\/strong><\/a><\/p>\n\n\n\n<h2 class=\"wp-block-heading\">Couleurs mariage printemps 2026 : palettes naturelles et sophistiqu\u00e9es<\/h2>\n\n\n\n<p>Le printemps 2026 marque un changement clair dans l\u2019univers du mariage : on passe de palettes pr\u00e9visibles \u00e0 des choix chromatiques plus recherch\u00e9s, capables de transmettre <strong>identit\u00e9 et style<\/strong>. Les couleurs ne sont plus seulement un \u00e9l\u00e9ment esth\u00e9tique, mais deviennent un outil strat\u00e9gique pour d\u00e9finir l\u2019atmosph\u00e8re de l\u2019ensemble de l\u2019\u00e9v\u00e9nement.<\/p>\n\n\n\n<p>Les tendances s\u2019orientent vers des tons <strong>naturels, harmonieux et sophistiqu\u00e9s<\/strong>, capables de cr\u00e9er un \u00e9quilibre parfait entre \u00e9l\u00e9gance et fra\u00eecheur.<\/p>\n\n\n\n<p>Parmi les teintes phares, on retrouve le vert sauge, le rose poudr\u00e9, le p\u00eache d\u00e9licat et les nuances sable. Des couleurs inspir\u00e9es de la nature, mais revisit\u00e9es avec une approche contemporaine. \u00c0 ces tonalit\u00e9s s\u2019ajoutent des accents plus marqu\u00e9s \u2013 comme le terracotta ou le bleu poudr\u00e9 \u2013 utilis\u00e9s pour cr\u00e9er du contraste et de la profondeur. Le r\u00e9sultat est une palette dynamique, jamais plate, qui permet de construire une identit\u00e9 visuelle coh\u00e9rente et distinctive.<\/p>\n\n\n\n<p>Un aspect fondamental est la capacit\u00e9 \u00e0 maintenir une <strong>continuit\u00e9 entre tous les \u00e9l\u00e9ments du mariage<\/strong>. Les couleurs choisies doivent se retrouver dans la d\u00e9coration, les invitations, les tenues et surtout les accessoires. C\u2019est ici que les accessoires textiles personnalis\u00e9s prennent toute leur valeur : foulards, \u00e9charpes et d\u00e9tails coordonn\u00e9s permettent de renforcer l\u2019identit\u00e9 chromatique avec \u00e9l\u00e9gance et subtilit\u00e9.<\/p>\n\n\n\n<p>Les couples les plus attentifs utilisent la couleur comme un v\u00e9ritable fil conducteur, en \u00e9vitant les combinaisons al\u00e9atoires et en privil\u00e9giant une palette \u00e9tudi\u00e9e. Cette approche permet d\u2019obtenir un rendu visuel harmonieux, imm\u00e9diatement perceptible par les invit\u00e9s.<\/p>\n\n\n\n<p>De plus, les palettes printani\u00e8res 2026 se pr\u00eatent parfaitement \u00e0 une <strong>interpr\u00e9tation personnalis\u00e9e<\/strong>. Il ne s\u2019agit pas de suivre une tendance, mais de l\u2019adapter \u00e0 son propre style. C\u2019est ce qui distingue un mariage soign\u00e9 d\u2019un mariage v\u00e9ritablement unique.<\/p>\n\n\n\n<p>Enfin, la couleur joue \u00e9galement un r\u00f4le essentiel dans la photographie. Les teintes douces et naturelles subliment les images, rendant le r\u00e9sultat final plus \u00e9l\u00e9gant et intemporel.<\/p>\n\n\n\n<p><strong>Souhaitez-vous cr\u00e9er une palette parfaitement coordonn\u00e9e avec des accessoires textiles sur mesure ? <\/strong><a href=\"https:\/\/www.seteriemosconi.com\/fr\/devis-cravates-sur-mesure\/\"><strong>Contactez-nous pour concevoir chaque d\u00e9tail de votre mariage printanier 2026.<\/strong><\/a><\/p>\n\n\n\n<h2 class=\"wp-block-heading\">Tissus protagonistes : l\u00e9g\u00e8ret\u00e9, qualit\u00e9 et sensorialit\u00e9<\/h2>\n\n\n\n<p>Si les couleurs d\u00e9finissent l\u2019identit\u00e9 visuelle d\u2019un mariage, les tissus en repr\u00e9sentent la dimension la plus profonde et sensorielle. En 2026, les mariages printaniers marquent un retour vers des mat\u00e9riaux qui allient <strong>l\u00e9g\u00e8ret\u00e9, qualit\u00e9 et naturalit\u00e9<\/strong>, avec une attention particuli\u00e8re port\u00e9e au toucher et \u00e0 la perception.<\/p>\n\n\n\n<p>Il ne s\u2019agit pas seulement de l\u2019apparence d\u2019un tissu, mais de la mani\u00e8re dont il est v\u00e9cu.<\/p>\n\n\n\n<p>La soie s\u2019impose comme la protagoniste absolue. Fluide, lumineuse et sophistiqu\u00e9e, elle est le mat\u00e9riau id\u00e9al pour cr\u00e9er des accessoires \u00e9l\u00e9gants et intemporels. \u00c0 ses c\u00f4t\u00e9s, on retrouve des fibres naturelles comme le coton haut de gamme, le lin l\u00e9ger et des m\u00e9langes raffin\u00e9s qui garantissent confort et \u00e9l\u00e9gance.<\/p>\n\n\n\n<p>Ces mat\u00e9riaux ne valorisent pas seulement l\u2019esth\u00e9tique, ils am\u00e9liorent \u00e9galement l\u2019exp\u00e9rience des invit\u00e9s.<\/p>\n\n\n\n<p>L\u2019un des aspects les plus int\u00e9ressants des tendances 2026 est la recherche de <strong>sensorialit\u00e9<\/strong>. Les tissus doivent \u00eatre beaux \u00e0 regarder, mais aussi agr\u00e9ables \u00e0 porter. Cela est particuli\u00e8rement important pour les mariages printaniers, o\u00f9 les temp\u00e9ratures peuvent varier et o\u00f9 le confort devient essentiel.<\/p>\n\n\n\n<p>Les <a href=\"https:\/\/www.seteriemosconi.com\/fr\/produits-promotionnels-personnalises\/\"><strong>accessoires textiles personnalis\u00e9s<\/strong><\/a> s\u2019int\u00e8grent parfaitement dans ce contexte. Un foulard en soie, une \u00e9charpe l\u00e9g\u00e8re ou un d\u00e9tail coordonn\u00e9 ne sont pas seulement d\u00e9coratifs, mais de v\u00e9ritables <strong>outils d\u2019exp\u00e9rience<\/strong>. Ils offrent utilit\u00e9, confort lors des soir\u00e9es plus fra\u00eeches et contribuent \u00e0 renforcer le style du mariage.<\/p>\n\n\n\n<p>D\u2019un point de vue esth\u00e9tique, les tissus de qualit\u00e9 permettent un rendu chromatique sup\u00e9rieur. Les couleurs sont plus profondes, les motifs plus nets et les finitions plus \u00e9l\u00e9gantes. Cela \u00e9l\u00e8ve imm\u00e9diatement la perception globale de l\u2019\u00e9v\u00e9nement.<\/p>\n\n\n\n<p>Enfin, un th\u00e8me de plus en plus central \u00e9merge : la <strong>durabilit\u00e9<\/strong>. Les tissus naturels et les proc\u00e9d\u00e9s respectueux de l\u2019environnement deviennent un choix conscient pour de nombreux couples. Cela ajoute une dimension suppl\u00e9mentaire au mariage, le rendant non seulement beau, mais aussi responsable.<\/p>\n\n\n\n<p><strong>Souhaitez-vous choisir des tissus de haute qualit\u00e9 pour des accessoires \u00e9l\u00e9gants et personnalis\u00e9s ? <\/strong><a href=\"https:\/\/www.seteriemosconi.com\/fr\/devis-cravates-sur-mesure\/\"><strong>Contactez-nous pour d\u00e9couvrir les meilleures solutions pour votre mariage printanier 2026.<\/strong><\/a><\/p>\n\n\n\n<h2 class=\"wp-block-heading\">Accessoires wedding : le d\u00e9tail qui d\u00e9finit le style<\/h2>\n\n\n\n<p>Dans le mariage printanier 2026, les accessoires ne sont plus secondaires, mais deviennent des \u00e9l\u00e9ments cl\u00e9s dans la construction du style global. Ce sont pr\u00e9cis\u00e9ment les d\u00e9tails qui font la diff\u00e9rence entre un mariage simplement r\u00e9ussi et un mariage v\u00e9ritablement m\u00e9morable.<\/p>\n\n\n\n<p>Et parmi ces d\u00e9tails, les <a href=\"https:\/\/www.seteriemosconi.com\/fr\/produits-promotionnels-personnalises\/\"><strong>accessoires textiles personnalis\u00e9s<\/strong><\/a> s\u2019imposent comme l\u2019un des choix les plus strat\u00e9giques.<\/p>\n\n\n\n<p>Foulards, \u00e9charpes l\u00e9g\u00e8res, rubans coordonn\u00e9s et \u00e9l\u00e9ments sartoriaux ne sont pas de simples d\u00e9corations, mais des outils capables de renforcer l\u2019identit\u00e9 visuelle et de cr\u00e9er une coh\u00e9rence entre tous les \u00e9l\u00e9ments de l\u2019\u00e9v\u00e9nement. Ils peuvent \u00eatre port\u00e9s par les invit\u00e9s, les demoiselles d\u2019honneur ou int\u00e9gr\u00e9s dans la sc\u00e9nographie, cr\u00e9ant un fil conducteur \u00e9l\u00e9gant et reconnaissable.<\/p>\n\n\n\n<p>L\u2019un de leurs atouts majeurs est leur <strong>polyvalence<\/strong>. Un accessoire textile peut \u00eatre port\u00e9 pendant la c\u00e9r\u00e9monie, utilis\u00e9 comme \u00e9l\u00e9ment photographique ou devenir un cadeau invit\u00e9 utile et raffin\u00e9. C\u2019est une solution intelligente, qui allie esth\u00e9tique, fonctionnalit\u00e9 et valeur \u00e9motionnelle.<\/p>\n\n\n\n<p>En 2026, une tendance claire se confirme : l\u2019abandon des accessoires standard au profit de solutions personnalis\u00e9es. Les couples souhaitent se distinguer, \u00e9viter le d\u00e9j\u00e0-vu et cr\u00e9er quelque chose d\u2019unique. La <a href=\"https:\/\/www.seteriemosconi.com\/fr\/production-cravates-foulards-et-echarpes-personnalises\/personnalisations-promotionnelles\/\">personnalisation permet de travailler sur des couleurs, des motifs et des d\u00e9tails<\/a> parfaitement align\u00e9s avec le style du mariage.<\/p>\n\n\n\n<p>Un autre \u00e9l\u00e9ment cl\u00e9 est la capacit\u00e9 des accessoires \u00e0 am\u00e9liorer l\u2019exp\u00e9rience des invit\u00e9s. Une \u00e9charpe l\u00e9g\u00e8re pour la soir\u00e9e ou un foulard \u00e9l\u00e9gant ne sont pas seulement beaux, mais aussi utiles. Cela augmente la valeur per\u00e7ue et rend le geste encore plus appr\u00e9ci\u00e9.<\/p>\n\n\n\n<p>D\u2019un point de vue visuel, les accessoires enrichissent \u00e9galement le contenu photographique. Ils deviennent des \u00e9l\u00e9ments sc\u00e9nographiques, parfaits pour \u00eatre int\u00e9gr\u00e9s dans les moments cl\u00e9s de l\u2019\u00e9v\u00e9nement.<\/p>\n\n\n\n<p>Dans un mariage o\u00f9 chaque d\u00e9tail est pens\u00e9, les accessoires repr\u00e9sentent le point de rencontre entre <strong>esth\u00e9tique et exp\u00e9rience<\/strong>. Ce sont les \u00e9l\u00e9ments que les invit\u00e9s remarquent, retiennent et emportent avec eux.<\/p>\n\n\n\n<p><strong>Souhaitez-vous cr\u00e9er des accessoires personnalis\u00e9s qui d\u00e9finissent r\u00e9ellement le style de votre mariage ? <\/strong><a href=\"https:\/\/www.seteriemosconi.com\/fr\/devis-cravates-sur-mesure\/\"><strong>Contactez-nous pour concevoir des solutions textiles \u00e9l\u00e9gantes et sur mesure.<\/strong><\/a><\/p>\n\n\n\n<h2 class=\"wp-block-heading\">Coordination et coh\u00e9rence : le secret des mariages v\u00e9ritablement \u00e9l\u00e9gants<\/h2>\n\n\n\n<p>L\u2019un des \u00e9l\u00e9ments qui distingue un mariage esth\u00e9tiquement r\u00e9ussi d\u2019un mariage v\u00e9ritablement m\u00e9morable est la <strong>coh\u00e9rence<\/strong>. En 2026, le concept de coordination \u00e9volue pour devenir un v\u00e9ritable <strong>principe de conception<\/strong>. Il ne s\u2019agit plus d\u2019associer couleurs et mat\u00e9riaux de mani\u00e8re superficielle, mais de construire une exp\u00e9rience visuelle et sensorielle o\u00f9 chaque d\u00e9tail est parfaitement align\u00e9. C\u2019est ici que na\u00eet la diff\u00e9rence entre un \u00e9v\u00e9nement simplement \u00ab beau \u00bb et un \u00e9v\u00e9nement <strong>raffin\u00e9, pens\u00e9 et reconnaissable<\/strong>.<\/p>\n\n\n\n<p>La coh\u00e9rence repose avant tout sur une vision claire. Palette chromatique, choix des tissus, style de la sc\u00e9nographie et accessoires doivent dialoguer entre eux. Lorsque cette harmonie est atteinte, le r\u00e9sultat est imm\u00e9diat : l\u2019\u00e9v\u00e9nement appara\u00eet fluide, \u00e9quilibr\u00e9 et soign\u00e9 dans les moindres d\u00e9tails. \u00c0 l\u2019inverse, lorsque les \u00e9l\u00e9ments sont d\u00e9connect\u00e9s, m\u00eame les plus belles id\u00e9es perdent de leur force.<\/p>\n\n\n\n<p>Les <a href=\"https:\/\/www.seteriemosconi.com\/fr\/produits-promotionnels-personnalises\/\"><strong>accessoires textiles personnalis\u00e9s<\/strong><\/a> jouent un r\u00f4le central dans ce processus. Ils permettent de relier visuellement tous les \u00e9l\u00e9ments du mariage, en cr\u00e9ant une continuit\u00e9 entre les mari\u00e9s, les invit\u00e9s et l\u2019environnement. Un foulard coordonn\u00e9 \u00e0 la palette, une \u00e9charpe reprenant les couleurs de la d\u00e9coration ou un d\u00e9tail textile con\u00e7u sur mesure deviennent des outils concrets pour renforcer l\u2019identit\u00e9 de l\u2019\u00e9v\u00e9nement.<\/p>\n\n\n\n<p>Un autre aspect fondamental est la <strong>r\u00e9partition des \u00e9l\u00e9ments<\/strong>. La coh\u00e9rence ne doit pas \u00eatre forc\u00e9e, mais construite avec \u00e9quilibre. Les accessoires, par exemple, peuvent \u00eatre utilis\u00e9s de mani\u00e8re strat\u00e9gique : pour les demoiselles d\u2019honneur, les invit\u00e9s, \u00e0 des moments sp\u00e9cifiques de la journ\u00e9e ou comme cadeaux invit\u00e9s. Cela permet de cr\u00e9er un fil conducteur sans exc\u00e8s.<\/p>\n\n\n\n<p>D\u2019un point de vue perceptif, la coh\u00e9rence transmet <strong>professionnalisme, attention et soin<\/strong>. Les invit\u00e9s ne sont pas toujours capables d\u2019identifier chaque d\u00e9tail, mais ils ressentent imm\u00e9diatement lorsqu\u2019un \u00e9v\u00e9nement est bien con\u00e7u. Cette sensation se traduit par un engagement plus fort et une meilleure exp\u00e9rience globale.<\/p>\n\n\n\n<p>Enfin, la coordination a \u00e9galement un impact direct sur le <strong>r\u00e9sultat photographique<\/strong>. Un mariage visuellement coh\u00e9rent produit des images plus harmonieuses, \u00e9l\u00e9gantes et intemporelles, augmentant la valeur du souvenir sur le long terme.<\/p>\n\n\n\n<p><strong>Souhaitez-vous cr\u00e9er un mariage parfaitement coordonn\u00e9, o\u00f9 chaque d\u00e9tail est en harmonie avec l\u2019ensemble ? <\/strong><a href=\"https:\/\/www.seteriemosconi.com\/fr\/devis-cravates-sur-mesure\/\"><strong>Contactez-nous pour concevoir des accessoires textiles personnalis\u00e9s qui valorisent votre \u00e9v\u00e9nement dans sa globalit\u00e9.<\/strong><\/a><\/p>\n\n\n\n<p><strong>\u00c0 LIRE AUSSI : <\/strong><a href=\"https:\/\/www.seteriemosconi.com\/fr\/blog-fr\/couleurs-et-tissus-pour-etoles-de-ceremonie-guide-pour-les-mariages-de-janvier-et-fevrier\/\"><strong>Couleurs et tissus pour \u00e9toles de c\u00e9r\u00e9monie : guide pour les mariages de janvier et f\u00e9vrier<\/strong><\/a><\/p>\n\n\n\n<h2 class=\"wp-block-heading\">Exp\u00e9rience et m\u00e9morabilit\u00e9 : le mariage qui reste dans le temps<\/h2>\n\n\n\n<p>Dans le mariage printanier 2026, l\u2019objectif n\u2019est plus seulement de surprendre sur le moment, mais de cr\u00e9er une <strong>exp\u00e9rience durable<\/strong>. Les couples les plus conscients ne con\u00e7oivent plus simplement un \u00e9v\u00e9nement esth\u00e9tique, mais un moment capable de laisser une empreinte profonde chez leurs invit\u00e9s.<\/p>\n\n\n\n<p>Ce changement de perspective est essentiel : on passe d\u2019une approche esth\u00e9tique \u00e0 une approche <strong>exp\u00e9rientielle<\/strong>, o\u00f9 chaque d\u00e9tail contribue \u00e0 la m\u00e9morabilit\u00e9 globale.<\/p>\n\n\n\n<p>Dans ce contexte, les accessoires textiles personnalis\u00e9s prennent une dimension strat\u00e9gique. Ils ne sont plus de simples \u00e9l\u00e9ments d\u00e9coratifs ou fonctionnels, mais de v\u00e9ritables <strong>supports de souvenir<\/strong>. Un foulard, une \u00e9charpe ou un accessoire coordonn\u00e9 n\u2019est pas seulement offert : il est utilis\u00e9, conserv\u00e9 et associ\u00e9 dans le temps \u00e0 l\u2019exp\u00e9rience v\u00e9cue.<\/p>\n\n\n\n<p>La diff\u00e9rence avec les solutions traditionnelles est \u00e9vidente. Alors que de nombreux cadeaux invit\u00e9s sont oubli\u00e9s, les accessoires utiles continuent \u00e0 vivre dans le quotidien. Chaque utilisation ravive le souvenir de l\u2019\u00e9v\u00e9nement, renfor\u00e7ant la <strong>connexion \u00e9motionnelle<\/strong> avec ce moment.<\/p>\n\n\n\n<p>Un autre \u00e9l\u00e9ment cl\u00e9 est la <strong>dimension de partage<\/strong>. Nous vivons dans une \u00e9poque o\u00f9 chaque exp\u00e9rience est racont\u00e9e et partag\u00e9e, en ligne comme hors ligne. Les accessoires \u00e9l\u00e9gants et coordonn\u00e9s deviennent partie int\u00e9grante de cette narration : ils sont photographi\u00e9s, port\u00e9s, montr\u00e9s. Cela amplifie la visibilit\u00e9 de l\u2019\u00e9v\u00e9nement et renforce son image.<\/p>\n\n\n\n<p>D\u2019un point de vue strat\u00e9gique, cela se traduit par une valeur bien plus \u00e9lev\u00e9e. Il ne s\u2019agit plus d\u2019un simple \u00e9v\u00e9nement, mais d\u2019une <strong>exp\u00e9rience compl\u00e8te<\/strong>, construite avec coh\u00e9rence et intention. Les invit\u00e9s ne se souviennent pas seulement de ce qu\u2019ils ont vu, mais de ce qu\u2019ils ont v\u00e9cu et emport\u00e9 avec eux.<\/p>\n\n\n\n<p>Enfin, la m\u00e9morabilit\u00e9 est \u00e9troitement li\u00e9e \u00e0 la qualit\u00e9 des choix. <a href=\"https:\/\/www.seteriemosconi.com\/fr\/production-cravates-foulards-et-echarpes-personnalises\/tissus-fins-soie\/\"><strong>Mat\u00e9riaux<\/strong><\/a><strong>, design et personnalisation<\/strong> contribuent \u00e0 cr\u00e9er quelque chose d\u2019authentique et distinctif. C\u2019est ce qui rend un mariage v\u00e9ritablement unique.<\/p>\n\n\n\n<p><strong>Souhaitez-vous cr\u00e9er un mariage qui reste r\u00e9ellement dans les m\u00e9moires, gr\u00e2ce \u00e0 des d\u00e9tails \u00e9l\u00e9gants et des accessoires personnalis\u00e9s ? <\/strong><a href=\"https:\/\/www.seteriemosconi.com\/fr\/devis-cravates-sur-mesure\/\"><strong>Contactez-nous pour concevoir une exp\u00e9rience unique et sur mesure.<\/strong><\/a><\/p>\n\n\n\n<h2 class=\"wp-block-heading\">Conclusion<\/h2>\n\n\n\n<p>Le <a href=\"https:\/\/www.seteriemosconi.com\/fr\/produits-promotionnels-personnalises\/\"><strong>mariage printanier 2026<\/strong><\/a> incarne une nouvelle vision de l\u2019\u00e9l\u00e9gance : plus consciente, plus coh\u00e9rente et profond\u00e9ment orient\u00e9e vers l\u2019exp\u00e9rience. <strong>Couleurs naturelles et sophistiqu\u00e9es, tissus l\u00e9gers et de qualit\u00e9, accessoires personnalis\u00e9s et coordonn\u00e9s<\/strong> : chaque \u00e9l\u00e9ment contribue \u00e0 cr\u00e9er un \u00e9v\u00e9nement qui d\u00e9passe l\u2019esth\u00e9tique.<\/p>\n\n\n\n<p>Nous avons vu que les tendances actuelles ne sont pas de simples modes, mais de v\u00e9ritables outils pour concevoir des mariages distinctifs et m\u00e9morables. Le choix des couleurs d\u00e9finit l\u2019atmosph\u00e8re, les tissus influencent la perception et les accessoires compl\u00e8tent l\u2019exp\u00e9rience.<\/p>\n\n\n\n<p>Les mariages r\u00e9ussis ne sont pas ceux qui suivent les r\u00e8gles, mais ceux qui savent les interpr\u00e9ter avec <strong>authenticit\u00e9<\/strong>. Et cela passe par des choix conscients, une attention aux d\u00e9tails et une vision claire.<\/p>\n\n\n\n<p>Les accessoires textiles personnalis\u00e9s, en particulier, repr\u00e9sentent l\u2019un des leviers les plus efficaces pour allier <strong>esth\u00e9tique, utilit\u00e9 et valeur \u00e9motionnelle<\/strong>. Ils sont le point de rencontre entre design et exp\u00e9rience, entre beaut\u00e9 et fonctionnalit\u00e9.<\/p>\n\n\n\n<p>Dans un contexte o\u00f9 chaque d\u00e9tail compte, choisir avec soin fait toute la diff\u00e9rence.<\/p>\n\n\n\n<p><strong>Souhaitez-vous concevoir un mariage printanier 2026 \u00e9l\u00e9gant, coordonn\u00e9 et v\u00e9ritablement m\u00e9morable ? <\/strong><a href=\"https:\/\/www.seteriemosconi.com\/fr\/devis-cravates-sur-mesure\/\"><strong>Contactez-nous d\u00e8s aujourd\u2019hui pour cr\u00e9er des accessoires personnalis\u00e9s sur mesure et transformer chaque d\u00e9tail en un \u00e9l\u00e9ment distinctif.<\/strong><\/a><\/p>\n","protected":false},"excerpt":{"rendered":"<p>Le mariage printanier repr\u00e9sente depuis toujours l\u2019un des choix les plus fascinants et sc\u00e9nographiques pour les couples souhaitant c\u00e9l\u00e9brer leur grand jour dans une atmosph\u00e8re lumineuse, \u00e9l\u00e9gante et riche de sens. Le printemps 2026, en particulier, marque une \u00e9volution importante dans la mani\u00e8re de concevoir l\u2019esth\u00e9tique du mariage : il ne s\u2019agit plus seulement de [&hellip;]<\/p>\n","protected":false},"author":2,"featured_media":15648,"comment_status":"closed","ping_status":"closed","sticky":false,"template":"","format":"standard","meta":{"_acf_changed":false,"footnotes":""},"categories":[109],"tags":[],"class_list":["post-15650","post","type-post","status-publish","format-standard","has-post-thumbnail","hentry","category-articles-blog"],"acf":[],"yoast_head":"<!-- This site is optimized with the Yoast SEO plugin v24.6 - https:\/\/yoast.com\/wordpress\/plugins\/seo\/ -->\n<title>Mariage printemps 2026 : couleurs, tissus et tendances<\/title>\n<meta name=\"description\" content=\"D\u00e9couvrez la qualit\u00e9 Made in Italy de Seterie Mosconi.Mariage printanier 2026 : couleurs, tissus et accessoires tendance\" \/>\n<meta name=\"robots\" content=\"index, follow, max-snippet:-1, max-image-preview:large, max-video-preview:-1\" \/>\n<link rel=\"canonical\" href=\"https:\/\/www.seteriemosconi.com\/fr\/articles-blog\/mariage-printanier-2026-couleurs-tissus-et-accessoires-tendance\/\" \/>\n<meta property=\"og:locale\" content=\"fr_FR\" \/>\n<meta property=\"og:type\" content=\"article\" \/>\n<meta property=\"og:title\" content=\"Mariage printemps 2026 : couleurs, tissus et tendances\" \/>\n<meta property=\"og:description\" content=\"D\u00e9couvrez la qualit\u00e9 Made in Italy de Seterie Mosconi.Mariage printanier 2026 : couleurs, tissus et accessoires tendance\" \/>\n<meta property=\"og:url\" content=\"https:\/\/www.seteriemosconi.com\/fr\/articles-blog\/mariage-printanier-2026-couleurs-tissus-et-accessoires-tendance\/\" \/>\n<meta property=\"og:site_name\" content=\"Seterie Mosconi\" \/>\n<meta property=\"article:publisher\" content=\"https:\/\/www.facebook.com\/SeterieMosconi\/\" \/>\n<meta property=\"article:published_time\" content=\"2026-04-21T11:05:05+00:00\" \/>\n<meta property=\"article:modified_time\" content=\"2026-04-21T16:14:48+00:00\" \/>\n<meta property=\"og:image\" content=\"https:\/\/www.seteriemosconi.com\/wp-content\/uploads\/2026\/04\/matrimoni-primaverili-foulard.jpg\" \/>\n\t<meta property=\"og:image:width\" content=\"2000\" \/>\n\t<meta property=\"og:image:height\" content=\"1329\" \/>\n\t<meta property=\"og:image:type\" content=\"image\/jpeg\" \/>\n<meta name=\"author\" content=\"Gestione contenuti\" \/>\n<meta name=\"twitter:card\" content=\"summary_large_image\" \/>\n<meta name=\"twitter:label1\" content=\"\u00c9crit par\" \/>\n\t<meta name=\"twitter:data1\" content=\"Gestione contenuti\" \/>\n\t<meta name=\"twitter:label2\" content=\"Dur\u00e9e de lecture estim\u00e9e\" \/>\n\t<meta name=\"twitter:data2\" content=\"13 minutes\" \/>\n<script type=\"application\/ld+json\" class=\"yoast-schema-graph\">{\"@context\":\"https:\/\/schema.org\",\"@graph\":[{\"@type\":\"Article\",\"@id\":\"https:\/\/www.seteriemosconi.com\/fr\/articles-blog\/mariage-printanier-2026-couleurs-tissus-et-accessoires-tendance\/#article\",\"isPartOf\":{\"@id\":\"https:\/\/www.seteriemosconi.com\/fr\/articles-blog\/mariage-printanier-2026-couleurs-tissus-et-accessoires-tendance\/\"},\"author\":{\"name\":\"Gestione contenuti\",\"@id\":\"https:\/\/www.seteriemosconi.com\/fr\/#\/schema\/person\/a7b87d19e24d1eada6f8c20f2f218cab\"},\"headline\":\"Mariage printanier 2026 : couleurs, tissus et accessoires tendance\",\"datePublished\":\"2026-04-21T11:05:05+00:00\",\"dateModified\":\"2026-04-21T16:14:48+00:00\",\"mainEntityOfPage\":{\"@id\":\"https:\/\/www.seteriemosconi.com\/fr\/articles-blog\/mariage-printanier-2026-couleurs-tissus-et-accessoires-tendance\/\"},\"wordCount\":2640,\"publisher\":{\"@id\":\"https:\/\/www.seteriemosconi.com\/fr\/#organization\"},\"image\":{\"@id\":\"https:\/\/www.seteriemosconi.com\/fr\/articles-blog\/mariage-printanier-2026-couleurs-tissus-et-accessoires-tendance\/#primaryimage\"},\"thumbnailUrl\":\"https:\/\/www.seteriemosconi.com\/wp-content\/uploads\/2026\/04\/matrimoni-primaverili-foulard.jpg\",\"articleSection\":[\"Articles blog FR\"],\"inLanguage\":\"fr-FR\"},{\"@type\":\"WebPage\",\"@id\":\"https:\/\/www.seteriemosconi.com\/fr\/articles-blog\/mariage-printanier-2026-couleurs-tissus-et-accessoires-tendance\/\",\"url\":\"https:\/\/www.seteriemosconi.com\/fr\/articles-blog\/mariage-printanier-2026-couleurs-tissus-et-accessoires-tendance\/\",\"name\":\"Mariage printemps 2026 : couleurs, tissus et tendances\",\"isPartOf\":{\"@id\":\"https:\/\/www.seteriemosconi.com\/fr\/#website\"},\"primaryImageOfPage\":{\"@id\":\"https:\/\/www.seteriemosconi.com\/fr\/articles-blog\/mariage-printanier-2026-couleurs-tissus-et-accessoires-tendance\/#primaryimage\"},\"image\":{\"@id\":\"https:\/\/www.seteriemosconi.com\/fr\/articles-blog\/mariage-printanier-2026-couleurs-tissus-et-accessoires-tendance\/#primaryimage\"},\"thumbnailUrl\":\"https:\/\/www.seteriemosconi.com\/wp-content\/uploads\/2026\/04\/matrimoni-primaverili-foulard.jpg\",\"datePublished\":\"2026-04-21T11:05:05+00:00\",\"dateModified\":\"2026-04-21T16:14:48+00:00\",\"description\":\"D\u00e9couvrez la qualit\u00e9 Made in Italy de Seterie Mosconi.Mariage printanier 2026 : couleurs, tissus et accessoires tendance\",\"breadcrumb\":{\"@id\":\"https:\/\/www.seteriemosconi.com\/fr\/articles-blog\/mariage-printanier-2026-couleurs-tissus-et-accessoires-tendance\/#breadcrumb\"},\"inLanguage\":\"fr-FR\",\"potentialAction\":[{\"@type\":\"ReadAction\",\"target\":[\"https:\/\/www.seteriemosconi.com\/fr\/articles-blog\/mariage-printanier-2026-couleurs-tissus-et-accessoires-tendance\/\"]}]},{\"@type\":\"ImageObject\",\"inLanguage\":\"fr-FR\",\"@id\":\"https:\/\/www.seteriemosconi.com\/fr\/articles-blog\/mariage-printanier-2026-couleurs-tissus-et-accessoires-tendance\/#primaryimage\",\"url\":\"https:\/\/www.seteriemosconi.com\/wp-content\/uploads\/2026\/04\/matrimoni-primaverili-foulard.jpg\",\"contentUrl\":\"https:\/\/www.seteriemosconi.com\/wp-content\/uploads\/2026\/04\/matrimoni-primaverili-foulard.jpg\",\"width\":2000,\"height\":1329,\"caption\":\"matrimoni primaverili foulard\"},{\"@type\":\"BreadcrumbList\",\"@id\":\"https:\/\/www.seteriemosconi.com\/fr\/articles-blog\/mariage-printanier-2026-couleurs-tissus-et-accessoires-tendance\/#breadcrumb\",\"itemListElement\":[{\"@type\":\"ListItem\",\"position\":1,\"name\":\"Home\",\"item\":\"https:\/\/www.seteriemosconi.com\/fr\/\"},{\"@type\":\"ListItem\",\"position\":2,\"name\":\"Mariage printanier 2026 : couleurs, tissus et accessoires tendance\"}]},{\"@type\":\"WebSite\",\"@id\":\"https:\/\/www.seteriemosconi.com\/fr\/#website\",\"url\":\"https:\/\/www.seteriemosconi.com\/fr\/\",\"name\":\"Seterie Mosconi\",\"description\":\"\",\"publisher\":{\"@id\":\"https:\/\/www.seteriemosconi.com\/fr\/#organization\"},\"alternateName\":\"Articoli promozionali per aziende\",\"potentialAction\":[{\"@type\":\"SearchAction\",\"target\":{\"@type\":\"EntryPoint\",\"urlTemplate\":\"https:\/\/www.seteriemosconi.com\/fr\/?s={search_term_string}\"},\"query-input\":{\"@type\":\"PropertyValueSpecification\",\"valueRequired\":true,\"valueName\":\"search_term_string\"}}],\"inLanguage\":\"fr-FR\"},{\"@type\":\"Organization\",\"@id\":\"https:\/\/www.seteriemosconi.com\/fr\/#organization\",\"name\":\"Seterie Mosconi\",\"alternateName\":\"Articoli promozionali per aziende\",\"url\":\"https:\/\/www.seteriemosconi.com\/fr\/\",\"logo\":{\"@type\":\"ImageObject\",\"inLanguage\":\"fr-FR\",\"@id\":\"https:\/\/www.seteriemosconi.com\/fr\/#\/schema\/logo\/image\/\",\"url\":\"https:\/\/www.seteriemosconi.com\/wp-content\/uploads\/2018\/01\/logo_mosconi-seteria.png\",\"contentUrl\":\"https:\/\/www.seteriemosconi.com\/wp-content\/uploads\/2018\/01\/logo_mosconi-seteria.png\",\"width\":500,\"height\":148,\"caption\":\"Seterie Mosconi\"},\"image\":{\"@id\":\"https:\/\/www.seteriemosconi.com\/fr\/#\/schema\/logo\/image\/\"},\"sameAs\":[\"https:\/\/www.facebook.com\/SeterieMosconi\/\",\"https:\/\/instagram.com\/seterie_mosconi\",\"https:\/\/www.linkedin.com\/company\/seterie-mosconi-ties-and-scarves\/\"]},{\"@type\":\"Person\",\"@id\":\"https:\/\/www.seteriemosconi.com\/fr\/#\/schema\/person\/a7b87d19e24d1eada6f8c20f2f218cab\",\"name\":\"Gestione contenuti\",\"image\":{\"@type\":\"ImageObject\",\"inLanguage\":\"fr-FR\",\"@id\":\"https:\/\/www.seteriemosconi.com\/fr\/#\/schema\/person\/image\/\",\"url\":\"https:\/\/www.seteriemosconi.com\/wp-content\/litespeed\/avatar\/294fb73a634bffd316e676654d145879.jpg?ver=1776970408\",\"contentUrl\":\"https:\/\/www.seteriemosconi.com\/wp-content\/litespeed\/avatar\/294fb73a634bffd316e676654d145879.jpg?ver=1776970408\",\"caption\":\"Gestione contenuti\"}}]}<\/script>\n<!-- \/ Yoast SEO plugin. -->","yoast_head_json":{"title":"Mariage printemps 2026 : couleurs, tissus et tendances","description":"D\u00e9couvrez la qualit\u00e9 Made in Italy de Seterie Mosconi.Mariage printanier 2026 : couleurs, tissus et accessoires tendance","robots":{"index":"index","follow":"follow","max-snippet":"max-snippet:-1","max-image-preview":"max-image-preview:large","max-video-preview":"max-video-preview:-1"},"canonical":"https:\/\/www.seteriemosconi.com\/fr\/articles-blog\/mariage-printanier-2026-couleurs-tissus-et-accessoires-tendance\/","og_locale":"fr_FR","og_type":"article","og_title":"Mariage printemps 2026 : couleurs, tissus et tendances","og_description":"D\u00e9couvrez la qualit\u00e9 Made in Italy de Seterie Mosconi.Mariage printanier 2026 : couleurs, tissus et accessoires tendance","og_url":"https:\/\/www.seteriemosconi.com\/fr\/articles-blog\/mariage-printanier-2026-couleurs-tissus-et-accessoires-tendance\/","og_site_name":"Seterie Mosconi","article_publisher":"https:\/\/www.facebook.com\/SeterieMosconi\/","article_published_time":"2026-04-21T11:05:05+00:00","article_modified_time":"2026-04-21T16:14:48+00:00","og_image":[{"width":2000,"height":1329,"url":"https:\/\/www.seteriemosconi.com\/wp-content\/uploads\/2026\/04\/matrimoni-primaverili-foulard.jpg","type":"image\/jpeg"}],"author":"Gestione contenuti","twitter_card":"summary_large_image","twitter_misc":{"\u00c9crit par":"Gestione contenuti","Dur\u00e9e de lecture estim\u00e9e":"13 minutes"},"schema":{"@context":"https:\/\/schema.org","@graph":[{"@type":"Article","@id":"https:\/\/www.seteriemosconi.com\/fr\/articles-blog\/mariage-printanier-2026-couleurs-tissus-et-accessoires-tendance\/#article","isPartOf":{"@id":"https:\/\/www.seteriemosconi.com\/fr\/articles-blog\/mariage-printanier-2026-couleurs-tissus-et-accessoires-tendance\/"},"author":{"name":"Gestione contenuti","@id":"https:\/\/www.seteriemosconi.com\/fr\/#\/schema\/person\/a7b87d19e24d1eada6f8c20f2f218cab"},"headline":"Mariage printanier 2026 : couleurs, tissus et accessoires tendance","datePublished":"2026-04-21T11:05:05+00:00","dateModified":"2026-04-21T16:14:48+00:00","mainEntityOfPage":{"@id":"https:\/\/www.seteriemosconi.com\/fr\/articles-blog\/mariage-printanier-2026-couleurs-tissus-et-accessoires-tendance\/"},"wordCount":2640,"publisher":{"@id":"https:\/\/www.seteriemosconi.com\/fr\/#organization"},"image":{"@id":"https:\/\/www.seteriemosconi.com\/fr\/articles-blog\/mariage-printanier-2026-couleurs-tissus-et-accessoires-tendance\/#primaryimage"},"thumbnailUrl":"https:\/\/www.seteriemosconi.com\/wp-content\/uploads\/2026\/04\/matrimoni-primaverili-foulard.jpg","articleSection":["Articles blog FR"],"inLanguage":"fr-FR"},{"@type":"WebPage","@id":"https:\/\/www.seteriemosconi.com\/fr\/articles-blog\/mariage-printanier-2026-couleurs-tissus-et-accessoires-tendance\/","url":"https:\/\/www.seteriemosconi.com\/fr\/articles-blog\/mariage-printanier-2026-couleurs-tissus-et-accessoires-tendance\/","name":"Mariage printemps 2026 : couleurs, tissus et tendances","isPartOf":{"@id":"https:\/\/www.seteriemosconi.com\/fr\/#website"},"primaryImageOfPage":{"@id":"https:\/\/www.seteriemosconi.com\/fr\/articles-blog\/mariage-printanier-2026-couleurs-tissus-et-accessoires-tendance\/#primaryimage"},"image":{"@id":"https:\/\/www.seteriemosconi.com\/fr\/articles-blog\/mariage-printanier-2026-couleurs-tissus-et-accessoires-tendance\/#primaryimage"},"thumbnailUrl":"https:\/\/www.seteriemosconi.com\/wp-content\/uploads\/2026\/04\/matrimoni-primaverili-foulard.jpg","datePublished":"2026-04-21T11:05:05+00:00","dateModified":"2026-04-21T16:14:48+00:00","description":"D\u00e9couvrez la qualit\u00e9 Made in Italy de Seterie Mosconi.Mariage printanier 2026 : couleurs, tissus et accessoires tendance","breadcrumb":{"@id":"https:\/\/www.seteriemosconi.com\/fr\/articles-blog\/mariage-printanier-2026-couleurs-tissus-et-accessoires-tendance\/#breadcrumb"},"inLanguage":"fr-FR","potentialAction":[{"@type":"ReadAction","target":["https:\/\/www.seteriemosconi.com\/fr\/articles-blog\/mariage-printanier-2026-couleurs-tissus-et-accessoires-tendance\/"]}]},{"@type":"ImageObject","inLanguage":"fr-FR","@id":"https:\/\/www.seteriemosconi.com\/fr\/articles-blog\/mariage-printanier-2026-couleurs-tissus-et-accessoires-tendance\/#primaryimage","url":"https:\/\/www.seteriemosconi.com\/wp-content\/uploads\/2026\/04\/matrimoni-primaverili-foulard.jpg","contentUrl":"https:\/\/www.seteriemosconi.com\/wp-content\/uploads\/2026\/04\/matrimoni-primaverili-foulard.jpg","width":2000,"height":1329,"caption":"matrimoni primaverili foulard"},{"@type":"BreadcrumbList","@id":"https:\/\/www.seteriemosconi.com\/fr\/articles-blog\/mariage-printanier-2026-couleurs-tissus-et-accessoires-tendance\/#breadcrumb","itemListElement":[{"@type":"ListItem","position":1,"name":"Home","item":"https:\/\/www.seteriemosconi.com\/fr\/"},{"@type":"ListItem","position":2,"name":"Mariage printanier 2026 : couleurs, tissus et accessoires tendance"}]},{"@type":"WebSite","@id":"https:\/\/www.seteriemosconi.com\/fr\/#website","url":"https:\/\/www.seteriemosconi.com\/fr\/","name":"Seterie Mosconi","description":"","publisher":{"@id":"https:\/\/www.seteriemosconi.com\/fr\/#organization"},"alternateName":"Articoli promozionali per aziende","potentialAction":[{"@type":"SearchAction","target":{"@type":"EntryPoint","urlTemplate":"https:\/\/www.seteriemosconi.com\/fr\/?s={search_term_string}"},"query-input":{"@type":"PropertyValueSpecification","valueRequired":true,"valueName":"search_term_string"}}],"inLanguage":"fr-FR"},{"@type":"Organization","@id":"https:\/\/www.seteriemosconi.com\/fr\/#organization","name":"Seterie Mosconi","alternateName":"Articoli promozionali per aziende","url":"https:\/\/www.seteriemosconi.com\/fr\/","logo":{"@type":"ImageObject","inLanguage":"fr-FR","@id":"https:\/\/www.seteriemosconi.com\/fr\/#\/schema\/logo\/image\/","url":"https:\/\/www.seteriemosconi.com\/wp-content\/uploads\/2018\/01\/logo_mosconi-seteria.png","contentUrl":"https:\/\/www.seteriemosconi.com\/wp-content\/uploads\/2018\/01\/logo_mosconi-seteria.png","width":500,"height":148,"caption":"Seterie Mosconi"},"image":{"@id":"https:\/\/www.seteriemosconi.com\/fr\/#\/schema\/logo\/image\/"},"sameAs":["https:\/\/www.facebook.com\/SeterieMosconi\/","https:\/\/instagram.com\/seterie_mosconi","https:\/\/www.linkedin.com\/company\/seterie-mosconi-ties-and-scarves\/"]},{"@type":"Person","@id":"https:\/\/www.seteriemosconi.com\/fr\/#\/schema\/person\/a7b87d19e24d1eada6f8c20f2f218cab","name":"Gestione contenuti","image":{"@type":"ImageObject","inLanguage":"fr-FR","@id":"https:\/\/www.seteriemosconi.com\/fr\/#\/schema\/person\/image\/","url":"https:\/\/www.seteriemosconi.com\/wp-content\/litespeed\/avatar\/294fb73a634bffd316e676654d145879.jpg?ver=1776970408","contentUrl":"https:\/\/www.seteriemosconi.com\/wp-content\/litespeed\/avatar\/294fb73a634bffd316e676654d145879.jpg?ver=1776970408","caption":"Gestione contenuti"}}]}},"_links":{"self":[{"href":"https:\/\/www.seteriemosconi.com\/fr\/wp-json\/wp\/v2\/posts\/15650","targetHints":{"allow":["GET"]}}],"collection":[{"href":"https:\/\/www.seteriemosconi.com\/fr\/wp-json\/wp\/v2\/posts"}],"about":[{"href":"https:\/\/www.seteriemosconi.com\/fr\/wp-json\/wp\/v2\/types\/post"}],"author":[{"embeddable":true,"href":"https:\/\/www.seteriemosconi.com\/fr\/wp-json\/wp\/v2\/users\/2"}],"replies":[{"embeddable":true,"href":"https:\/\/www.seteriemosconi.com\/fr\/wp-json\/wp\/v2\/comments?post=15650"}],"version-history":[{"count":2,"href":"https:\/\/www.seteriemosconi.com\/fr\/wp-json\/wp\/v2\/posts\/15650\/revisions"}],"predecessor-version":[{"id":15655,"href":"https:\/\/www.seteriemosconi.com\/fr\/wp-json\/wp\/v2\/posts\/15650\/revisions\/15655"}],"wp:featuredmedia":[{"embeddable":true,"href":"https:\/\/www.seteriemosconi.com\/fr\/wp-json\/wp\/v2\/media\/15648"}],"wp:attachment":[{"href":"https:\/\/www.seteriemosconi.com\/fr\/wp-json\/wp\/v2\/media?parent=15650"}],"wp:term":[{"taxonomy":"category","embeddable":true,"href":"https:\/\/www.seteriemosconi.com\/fr\/wp-json\/wp\/v2\/categories?post=15650"},{"taxonomy":"post_tag","embeddable":true,"href":"https:\/\/www.seteriemosconi.com\/fr\/wp-json\/wp\/v2\/tags?post=15650"}],"curies":[{"name":"wp","href":"https:\/\/api.w.org\/{rel}","templated":true}]}}